{"id":83522,"date":"2024-12-27T18:19:01","date_gmt":"2024-12-27T18:19:01","guid":{"rendered":"https:\/\/tvbrazilusa.com\/2024\/12\/27\/homem-e-preso-acusado-de-estuprar-filhos-e-agredi-los-com-chicote\/"},"modified":"2024-12-27T18:19:03","modified_gmt":"2024-12-27T18:19:03","slug":"homem-e-preso-acusado-de-estuprar-filhos-e-agredi-los-com-chicote","status":"publish","type":"post","link":"https:\/\/tvbrazilusa.com\/pt\/2024\/12\/27\/homem-e-preso-acusado-de-estuprar-filhos-e-agredi-los-com-chicote\/","title":{"rendered":"Homem \u00e9 preso acusado de estuprar filhos e agredi-los com chicote"},"content":{"rendered":"<p> <script async src=\"https:\/\/pagead2.googlesyndication.com\/pagead\/js\/adsbygoogle.js?client=ca-pub-8864793242727901\"\r\n     crossorigin=\"anonymous\"><\/script><br \/>\n<\/p>\n<div id=\"taboola-read-more\" style=\"display:block; width:100%\">\n<p>Um homem, de 43 anos, foragido desde 2023 por estuprar os tr\u00eas filhos e agredi-los com chicote, foi preso no bairro Boa Vista, em Ponta Grossa, Campos Gerais do Paran\u00e1 (PR), nessa quarta-feira (25\/12).\n<\/p>\n<p>De acordo com a Pol\u00edcia Civil, a equipe do N\u00facleo de Prote\u00e7\u00e3o \u00e0 Crian\u00e7a e ao Adolescente V\u00edtimas de Crimes (Nucria) recebeu informa\u00e7\u00f5es de que o acusado estava no munic\u00edpio para comemorar o Natal com os amigos. O criminoso praticava os abusos contra as v\u00edtimas de nove, 11 e 13 anos \u2013 um menino e duas meninas.<\/p>\n<p>Fonte: Metr\u00f3poles              <\/p>\n<\/div>\n<p><br \/>\n<br \/><a href=\"https:\/\/diariodobrasilnoticias.com.br\/noticia\/homem-e-preso-acusado-de-estuprar-filhos-e-agredi-los-com-chicote-676ebce380cf8\">Source link <\/a><\/p>","protected":false},"excerpt":{"rendered":"<p>Um homem, de 43 anos, foragido desde 2023 por estuprar os tr\u00eas filhos e agredi-los com chicote, foi preso no bairro Boa Vista, em Ponta Grossa, Campos Gerais do Paran\u00e1&hellip;<\/p>","protected":false},"author":1,"featured_media":83523,"comment_status":"closed","ping_status":"open","sticky":false,"template":"","format":"standard","meta":{"content-type":"","footnotes":""},"categories":[16],"tags":[123,2448,5313,1267],"class_list":["post-83522","post","type-post","status-publish","format-standard","has-post-thumbnail","hentry","category-noticias","tag-brasil","tag-diario","tag-noticia","tag-noticias"],"_links":{"self":[{"href":"https:\/\/tvbrazilusa.com\/pt\/wp-json\/wp\/v2\/posts\/83522","targetHints":{"allow":["GET"]}}],"collection":[{"href":"https:\/\/tvbrazilusa.com\/pt\/wp-json\/wp\/v2\/posts"}],"about":[{"href":"https:\/\/tvbrazilusa.com\/pt\/wp-json\/wp\/v2\/types\/post"}],"author":[{"embeddable":true,"href":"https:\/\/tvbrazilusa.com\/pt\/wp-json\/wp\/v2\/users\/1"}],"replies":[{"embeddable":true,"href":"https:\/\/tvbrazilusa.com\/pt\/wp-json\/wp\/v2\/comments?post=83522"}],"version-history":[{"count":1,"href":"https:\/\/tvbrazilusa.com\/pt\/wp-json\/wp\/v2\/posts\/83522\/revisions"}],"predecessor-version":[{"id":83524,"href":"https:\/\/tvbrazilusa.com\/pt\/wp-json\/wp\/v2\/posts\/83522\/revisions\/83524"}],"wp:featuredmedia":[{"embeddable":true,"href":"https:\/\/tvbrazilusa.com\/pt\/wp-json\/wp\/v2\/media\/83523"}],"wp:attachment":[{"href":"https:\/\/tvbrazilusa.com\/pt\/wp-json\/wp\/v2\/media?parent=83522"}],"wp:term":[{"taxonomy":"category","embeddable":true,"href":"https:\/\/tvbrazilusa.com\/pt\/wp-json\/wp\/v2\/categories?post=83522"},{"taxonomy":"post_tag","embeddable":true,"href":"https:\/\/tvbrazilusa.com\/pt\/wp-json\/wp\/v2\/tags?post=83522"}],"curies":[{"name":"wp","href":"https:\/\/api.w.org\/{rel}","templated":true}]}}