{"id":83527,"date":"2024-12-27T18:20:49","date_gmt":"2024-12-27T18:20:49","guid":{"rendered":"https:\/\/tvbrazilusa.com\/2024\/12\/27\/um-oficial-do-bpd-foi-demitido-por-causa-de-seus-tweets-de-6-de-janeiro-sua-rescisao-acabou-de-ser-desocupada\/"},"modified":"2024-12-27T18:24:20","modified_gmt":"2024-12-27T18:24:20","slug":"um-oficial-do-bpd-foi-demitido-por-causa-de-seus-tweets-de-6-de-janeiro-sua-rescisao-acabou-de-ser-desocupada","status":"publish","type":"post","link":"https:\/\/tvbrazilusa.com\/pt\/2024\/12\/27\/um-oficial-do-bpd-foi-demitido-por-causa-de-seus-tweets-de-6-de-janeiro-sua-rescisao-acabou-de-ser-desocupada\/","title":{"rendered":"Um oficial do BPD foi demitido por causa de seus tweets de 6 de janeiro. Sua rescis\u00e3o acabou de ser desocupada."},"content":{"rendered":"<p> <script async src=\"https:\/\/pagead2.googlesyndication.com\/pagead\/js\/adsbygoogle.js?client=ca-pub-8864793242727901\"\r\n     crossorigin=\"anonymous\"><\/script><br \/>\n<\/p>\n<div id=\"\">\n<header class=\"m-article-header m-article-header--standard\">\n\t\t\t\t\t\t\t\t\t\t\t\t<span id=\"article-header-primary-term\"><br \/>\n\t\t\t\t\t\t\t\t<a class=\"a-term a-term--primary\" href=\"https:\/\/www.boston.com\/tag\/local-news\/\"><\/p>\n<p>\t\t\t\t\t\t\t\tNot\u00edcias locais\t\t\t\t\t\t\t\t<\/a><br \/>\n\t\t\t\t\t\t\t<\/span><\/p>\n<h2 class=\"m-article-header__sub-headline\">O oficial esteve no com\u00edcio de Trump em 6 de janeiro de 2021, mas n\u00e3o invadiu o Capit\u00f3lio. A Comiss\u00e3o da Fun\u00e7\u00e3o P\u00fablica determinou que seus tweets protegiam a liberdade de express\u00e3o.<\/h2>\n<figure class=\"a-photo m-article-header__photo\"><figcaption class=\"a-photo__caption\">\n<p>\tOs manifestantes invadem o Capit\u00f3lio em Washington, 6 de janeiro de 2021.<em> Kenny Holston\/The New York Times<\/em>\t<\/figcaption><\/figure>\n<\/header>\n<p>No in\u00edcio deste m\u00eas, a Comiss\u00e3o da Fun\u00e7\u00e3o P\u00fablica estadual anulou a demiss\u00e3o de um policial de Boston que foi demitido por postar tweets em apoio a <a href=\"https:\/\/www.boston.com\/tag\/donald-trump\/\">Donald Trump<\/a> enquanto estava em Washington, DC para o com\u00edcio \u201cStop the Steal\u201d de 6 de janeiro de 2021. <\/p>\n<p>A comiss\u00e3o concluiu que o policial Joseph Abasciano n\u00e3o cometeu m\u00e1 conduta no dia 6 de janeiro e que n\u00e3o houve justa causa para sua demiss\u00e3o. Duas investiga\u00e7\u00f5es internas do BPD em 2021 determinaram que Abasciano n\u00e3o violou as regras do departamento. Mas em 2022, a nova lideran\u00e7a do BPD reabriu o processo de Abasciano e chegou a uma conclus\u00e3o drasticamente diferente: que ele deveria ser despedido por \u201cconduta impr\u00f3pria\u201d.<\/p>\n<p>Em seu <a href=\"https:\/\/www.mass.gov\/doc\/abasciano-joseph-v-boston-police-department-121924\/download\">decis\u00e3o recente<\/a>a comiss\u00e3o favoreceu as duas investiga\u00e7\u00f5es anteriores. A terceira avalia\u00e7\u00e3o \u00e9 \u201cmuito menos completa, mais subjectiva, exala um toque de orienta\u00e7\u00e3o para resultados e n\u00e3o explica suficientemente como \u00e9 que as duas conclus\u00f5es totalmente diferentes podem ser reconciliadas\u201d, escreveu o Comiss\u00e1rio Paul Stein.<\/p>\n<p>A comiss\u00e3o, portanto, permitiu que Abasciano recorresse da sua demiss\u00e3o. Os detalhes do que isso significa para ele ser\u00e3o determinados posteriormente. \u201cO escopo da medida, se houver, financeira ou outra\u201d deve ser julgado \u201cem outro f\u00f3rum com autoridade para interpretar e fazer cumprir as disposi\u00e7\u00f5es aplic\u00e1veis\u201d das leis envolvidas, escreveu Stein. <\/p>\n<h2 class=\"wp-block-heading\" id=\"h-jan-6-2021\">6 de janeiro de 2021<\/h2>\n<p>Abasciano, um veterano da Guerra do Iraque que ingressou no BPD em 2007, era muito elogiado pelos colegas e n\u00e3o tinha problemas disciplinares anteriores. Ele acumulou v\u00e1rios ferimentos not\u00e1veis \u200b\u200bdurante seu tempo como policial de Boston e, em julho de 2020, come\u00e7ou a usar sua licen\u00e7a m\u00e9dica. Ele foi aprovado para licen\u00e7a cont\u00ednua at\u00e9 23 de janeiro de 2021, de acordo com o relat\u00f3rio. Ele participou do com\u00edcio de 6 de janeiro enquanto estava de licen\u00e7a, com outro policial fora de servi\u00e7o. Eles assistiram ao discurso de Trump, mas n\u00e3o participaram do motim no Capit\u00f3lio. <\/p>\n<p>Ao escrever a decis\u00e3o, Stein afirmou especificamente que esta n\u00e3o \u201cignora o facto de que a maioria dos cidad\u00e3os, incluindo os membros desta Comiss\u00e3o, rejeitam acertadamente as opini\u00f5es mal informadas do Recorrente contidas nos seus tweets sobre as elei\u00e7\u00f5es de 2020 e as suas consequ\u00eancias\u201d.<\/p>\n<p>\u201cEsta decis\u00e3o n\u00e3o deve ser interpretada como uma desculpa ou fechar os olhos aos atos criminosos injustos cometidos por aqueles que invadiram o Capit\u00f3lio em 6 de janeiro de 2021\u201d, escreveu Stein posteriormente no relat\u00f3rio.<\/p>\n<p>Em um tweet, Abasciano respondeu a uma postagem do Diretor de Opera\u00e7\u00f5es do Secret\u00e1rio de Estado da Ge\u00f3rgia <a href=\"https:\/\/www.pbs.org\/newshour\/politics\/who-is-gabriel-sterling-and-why-is-he-important-to-the-jan-6-hearings\">Gabriel Esterlino<\/a>escrevendo \u201cMal posso esperar para ver voc\u00ea sendo arrastado algemado\u201d. Em outro tweet de 6 de janeiro, Abasciano escreveu \u201choje haver\u00e1 apenas dois partidos na Am\u00e9rica. Traidores e Patriotas!\u201d de acordo com o relat\u00f3rio. <\/p>\n<p>Os tweets foram postados a partir de uma conta que Absciano manteve an\u00f4nima. Mais tarde, ele disse aos investigadores que havia sido alvo de ass\u00e9dio e vandalismo em sua casa no passado devido ao seu apoio a Trump durante as elei\u00e7\u00f5es de 2020. Abasciano encerrou sua conta no Facebook, mas continuou usando sua conta no Twitter porque acreditava que seu anonimato era seguro, segundo a reportagem. <\/p>\n<p>Depois que Trump terminou de falar naquele dia, Abasciano e o outro oficial come\u00e7aram a caminhar lentamente em dire\u00e7\u00e3o ao Capit\u00f3lio. Segundo informa\u00e7\u00f5es, demorou mais de uma hora para chegar a uma \u00e1rea gramada perto do Capit\u00f3lio e, a essa altura, uma multid\u00e3o j\u00e1 havia invadido o pr\u00e9dio. Eles observaram o ataque ao Capit\u00f3lio de longe e nunca cruzaram quaisquer barricadas ou linhas, observou o relato. Depois de ver um pouco da viol\u00eancia, eles voltaram para Boston. <\/p>\n<p>O link de Abasciano para a conta an\u00f4nima do Twitter foi revelado por outro policial do BPD que n\u00e3o se dava bem com Abasciano, disse ele aos investigadores. Foram ent\u00e3o iniciadas as duas investiga\u00e7\u00f5es de 2021, uma da Divis\u00e3o Anticorrup\u00e7\u00e3o (ACD) do BPD e outra da Divis\u00e3o de Assuntos Internos (IAD) do departamento. O primeiro determinou que Abasciano n\u00e3o participou pessoalmente no ataque ao Capit\u00f3lio nem cometeu quaisquer atos criminosos, enquanto o \u00faltimo concluiu que os tweets de Abasciano n\u00e3o tinham a inten\u00e7\u00e3o de incitar ou tolerar a viol\u00eancia e que n\u00e3o afetaram a sua capacidade de realizar o seu trabalho. <\/p>\n<h2 class=\"wp-block-heading\" id=\"h-another-look\">Outro olhar<\/h2>\n<p>Prefeito <a href=\"https:\/\/www.boston.com\/tag\/michelle-wu\/\">Michelle Wu<\/a> nomeou o comiss\u00e1rio de pol\u00edcia Michael Cox no ver\u00e3o de 2022. Cerca de um m\u00eas depois de ser empossado, Cox designou um novo chefe do IAD e instruiu-os a revisar v\u00e1rios arquivos que precisavam de uma decis\u00e3o de Cox. O arquivo de Abasciano era o maior, segundo a reportagem. <\/p>\n<p>Em dezembro, Cox recebeu uma carta de \u201cn\u00e3o concord\u00e2ncia\u201d do IAD que acusava Abasciano de m\u00e1 conduta. Os funcion\u00e1rios do BPD determinaram que os tweets de Abasciano impactaram negativamente o departamento e na verdade justificaram uma a\u00e7\u00e3o disciplinar. Assim, Cox enviou uma carta a Abasciano em mar\u00e7o de 2023 informando-o de que sua demiss\u00e3o entrou em vigor imediatamente. <\/p>\n<p>Numa audi\u00eancia da comiss\u00e3o ap\u00f3s a demiss\u00e3o de Abasciano, o capit\u00e3o da pol\u00edcia de Boston, Sean Martin, respondeu a perguntas sobre Abasciano, que ele supervisionou durante cerca de cinco anos. Martin disse que sabia que Abasciano tinha opini\u00f5es pol\u00edticas \u201cmuito conservadoras\u201d, mas que isso nunca levou a preconceitos no seu policiamento. <\/p>\n<p>\u201cBasicamente, esses tweets. . . s\u00e3o extremamente, extremamente apaixonados por pol\u00edtica. Ele \u00e9 muito emocionado, mas olhando para isso, n\u00e3o vejo como, dada a minha hist\u00f3ria, minha experi\u00eancia e o tempo que supervisionei e trabalhei com Joe, n\u00e3o vejo como isso &#8211; nunca vi isso impactar sua habilidade para fazer seu trabalho ou como ele tratava algu\u00e9m\u201d, disse Martin quando questionado sobre os tweets de Abasciano em 6 de janeiro, de acordo com o relat\u00f3rio.  <\/p>\n<p>Em \u00faltima an\u00e1lise, a comiss\u00e3o concluiu que os tweets de Abasciano eram exemplos de liberdade de express\u00e3o privada protegidos constitucionalmente e que n\u00e3o podiam ser sancionados como \u201cconduta impr\u00f3pria\u201d. A comiss\u00e3o encontrou v\u00e1rios problemas nas conclus\u00f5es de 2022 e disse que a preponder\u00e2ncia das evid\u00eancias apoia as conclus\u00f5es de 2021. <\/p>\n<p>\u201cEm suma, a decis\u00e3o neste recurso resume-se a escolher entre relat\u00f3rios contradit\u00f3rios, com conclus\u00f5es totalmente diferentes, conclu\u00eddos pelo mesmo Departamento em momentos diferentes\u201d, escreveu Stein. \u201cEm \u00faltima an\u00e1lise, os relat\u00f3rios ACD e IAD de 2021 do BPD foram mais completos, mais objetivos e mais reflexivos dos fatos reais associados \u00e0s a\u00e7\u00f5es do Recorrente em 6 de janeiro de 2021.\u201d<\/p>\n<div class=\"o-author-single no-avatar\">\n<header class=\"m-author-card\">\n<div class=\"m-author-card__text\">\n<h3 class=\"m-author-card__title\"><a href=\"https:\/\/www.boston.com\/author\/ross.cristantiello\">Ross Cristantiello<\/a><\/h3>\n<p><span class=\"m-author-card__subtitle\">Redator da equipe<\/span>\t<\/div>\n<\/header>\n<section class=\"author-info\">\n<div class=\"m-author__section\">\n<p>Ross Cristantiello, rep\u00f3rter de not\u00edcias gerais do Boston.com desde 2022, cobre pol\u00edtica local, crime, meio ambiente e muito mais.<\/p>\n<\/div>\n<\/section>\n<\/div>\n<div class=\"m-block m-generic-cta\t m-generic-cta--post-content\t m-generic-cta--dark\t m-generic-cta--homepage\t m-generic-cta--email-signup\t\t m-generic-cta-block-style--default \tt-amp__generic-cta\"><\/p>\n<div class=\"m-generic-cta__wrap\">\n<div class=\"m-generic-cta__content\">\n<h3 class=\"m-generic-cta__title\">Boston.com hoje<\/h3>\n<p class=\"m-generic-cta__subtitle\">Inscreva-se para receber as \u00faltimas manchetes em sua caixa de entrada todas as manh\u00e3s.<\/p>\n<\/p><\/div>\n<\/p><\/div>\n<\/div><\/div>\n<p><script>\n\t\tvar consent=\"grant\";\n\t\t\/* The above code is parsing the JSON data from the local storage and storing it in a variable. *\/\n\t\t\t\t\tconst onetrustStorageConsent = JSON.parse(localStorage.getItem( 'consent_one_trust_bdc' ) );\n\t\t\tif ( ( onetrustStorageConsent !== null ) ) {\n\t\t\t\t\/* Checking to see if the user has consented to the use of cookies.\n\t\t\t\t* If they have not, it is deleting the cookie.\n\t\t\t\t* This will comment for now, until further notice.\n\t\t\t\t*\/\n\t\t\t\t\/\/if ( onetrustStorageConsent.C0002 === false ) {\n\t\t\t\t\/\/\tdocument.cookie=\"_fbp=;expires=Thu, 01 Jan 2010 00:00:00 UTC; path=\/; domain=.boston.com\";\n\t\t\t\t\/\/}\n\t\t\t\t\/* Checking if the user has given consent for the cookie C0002.\n\t\t\t\t* If the user has given consent, the variable consent will be set to 'grant'.\n\t\t\t\t* If the user has not given consent,the variable consent will be set to 'revoke'.\n\t\t\t\t* Documentation https:\/\/developers.facebook.com\/docs\/meta-pixel\/implementation\/gdpr\n\t\t\t\t*\/\n\t\t\t\tif ( onetrustStorageConsent.C0002 !== true ) {\n\t\t\t\t\tconsent=\"revoke\";\n\t\t\t\t}\n\t\t\t}\n\t\t\t\t!function(f,b,e,v,n,t,s)\n\t\t{if(f.fbq)return;n=f.fbq=function(){n.callMethod?\n\t\tn.callMethod.apply(n,arguments):n.queue.push(arguments)};\n\t\tif(!f._fbq)f._fbq=n;n.push=n;n.loaded=!0;n.version='2.0';\n\t\tn.queue=[];t=b.createElement(e);t.async=!0;\n\t\tt.src=v;s=b.getElementsByTagName(e)[0];\n\t\ts.parentNode.insertBefore(t,s)}(window, document,'script',\n\t\t'https:\/\/connect.facebook.net\/en_US\/fbevents.js');\n\t\tfbq('consent', consent);\n\t\tfbq('init', '989222871864976');\n\t\tfbq('track', 'PageView');\n\t<\/script><script type=\"module\">\n\t\tvar consent=\"grant\";\n\t\t\/* The above code is parsing the JSON data from the local storage and storing it in a variable. *\/\n\t\t\tconst onetrustStorageConsent = JSON.parse(localStorage.getItem( 'consent_one_trust_bdc' ) );\n\t\t\t\/* Checking to see if the user has consented to the use of cookies.\n\t\t\t* If they have not, it is deleting the cookie.\n\t\t\t* This will comment for now, until further notice.\n\t\t\t*\/\n\t\t\t\/\/if ( onetrustStorageConsent.C0002 === false ) {\n\t\t\t\/\/\tdocument.cookie=\"_fbp=;expires=Thu, 01 Jan 2010 00:00:00 UTC; path=\/; domain=.boston.com\";\n\t\t\t\/\/}\n\t\t\t\/* Checking if the user has given consent for the cookie C0002.\n\t\t\t* If the user has given consent, the variable consent will be set to 'grant'.\n\t\t\t* If the user has not given consent,the variable consent will be set to 'revoke'.\n\t\t\t* Documentation https:\/\/developers.facebook.com\/docs\/meta-pixel\/implementation\/gdpr\n\t\t\t*\/\n\t\t\tif ( ( onetrustStorageConsent !== null ) && (onetrustStorageConsent.C0002 !== true ) ) {\n\t\t\t\tconsent=\"revoke\";\n\t\t\t}\n\t\t\t\t!function(f,b,e,v,n,t,s){if(f.fbq)return;n=f.fbq=function()\n\t\t{n.callMethod? n.callMethod.apply(n,arguments):n.queue.push(arguments)}\n\t\t;if(!f._fbq)f._fbq=n;\n\t\tn.push=n;n.loaded=!0;n.version='2.0';n.queue=[];t=b.createElement(e);t.async=!0;\n\t\tt.src=v;s=b.getElementsByTagName(e)[0];s.parentNode.insertBefore(t,s)}(window,\n\t\tdocument,'script','https:\/\/connect.facebook.net\/en_US\/fbevents.js');\n\t\tfbq('consent', consent);\n\t\tfbq('init', '813236348753005');\n\t\tfbq('track', \"PageView\");\n\t<\/script><br \/>\n<br \/><br \/>\n<br \/><a href=\"https:\/\/www.boston.com\/news\/local-news\/2024\/12\/27\/bpd-officer-fired-for-jan-6-tweets-termination-vacated\/\">Source link <\/a><\/p>","protected":false},"excerpt":{"rendered":"<p>Not\u00edcias locais O oficial esteve no com\u00edcio de Trump em 6 de janeiro de 2021, mas n\u00e3o invadiu o Capit\u00f3lio. A Comiss\u00e3o da Fun\u00e7\u00e3o P\u00fablica determinou que seus tweets protegiam&hellip;<\/p>","protected":false},"author":1,"featured_media":83528,"comment_status":"closed","ping_status":"open","sticky":false,"template":"","format":"standard","meta":{"content-type":"","footnotes":""},"categories":[1],"tags":[],"class_list":["post-83527","post","type-post","status-publish","format-standard","has-post-thumbnail","hentry","category-uncategorized"],"_links":{"self":[{"href":"https:\/\/tvbrazilusa.com\/pt\/wp-json\/wp\/v2\/posts\/83527","targetHints":{"allow":["GET"]}}],"collection":[{"href":"https:\/\/tvbrazilusa.com\/pt\/wp-json\/wp\/v2\/posts"}],"about":[{"href":"https:\/\/tvbrazilusa.com\/pt\/wp-json\/wp\/v2\/types\/post"}],"author":[{"embeddable":true,"href":"https:\/\/tvbrazilusa.com\/pt\/wp-json\/wp\/v2\/users\/1"}],"replies":[{"embeddable":true,"href":"https:\/\/tvbrazilusa.com\/pt\/wp-json\/wp\/v2\/comments?post=83527"}],"version-history":[{"count":1,"href":"https:\/\/tvbrazilusa.com\/pt\/wp-json\/wp\/v2\/posts\/83527\/revisions"}],"predecessor-version":[{"id":83529,"href":"https:\/\/tvbrazilusa.com\/pt\/wp-json\/wp\/v2\/posts\/83527\/revisions\/83529"}],"wp:featuredmedia":[{"embeddable":true,"href":"https:\/\/tvbrazilusa.com\/pt\/wp-json\/wp\/v2\/media\/83528"}],"wp:attachment":[{"href":"https:\/\/tvbrazilusa.com\/pt\/wp-json\/wp\/v2\/media?parent=83527"}],"wp:term":[{"taxonomy":"category","embeddable":true,"href":"https:\/\/tvbrazilusa.com\/pt\/wp-json\/wp\/v2\/categories?post=83527"},{"taxonomy":"post_tag","embeddable":true,"href":"https:\/\/tvbrazilusa.com\/pt\/wp-json\/wp\/v2\/tags?post=83527"}],"curies":[{"name":"wp","href":"https:\/\/api.w.org\/{rel}","templated":true}]}}