{"id":83539,"date":"2024-12-27T18:48:54","date_gmt":"2024-12-27T18:48:54","guid":{"rendered":"https:\/\/tvbrazilusa.com\/2024\/12\/27\/comissao-de-etica-aplica-punicao-a-ricardo-salles-por-interferencia-na-pf-durante-o-governo-bolsonaro\/"},"modified":"2024-12-27T18:48:55","modified_gmt":"2024-12-27T18:48:55","slug":"comissao-de-etica-aplica-punicao-a-ricardo-salles-por-interferencia-na-pf-durante-o-governo-bolsonaro","status":"publish","type":"post","link":"https:\/\/tvbrazilusa.com\/pt\/2024\/12\/27\/comissao-de-etica-aplica-punicao-a-ricardo-salles-por-interferencia-na-pf-durante-o-governo-bolsonaro\/","title":{"rendered":"Comiss\u00e3o de \u00c9tica aplica puni\u00e7\u00e3o a Ricardo Salles por interfer\u00eancia na PF durante o governo Bolsonaro"},"content":{"rendered":"<p> <script async src=\"https:\/\/pagead2.googlesyndication.com\/pagead\/js\/adsbygoogle.js?client=ca-pub-8864793242727901\"\r\n     crossorigin=\"anonymous\"><\/script><br \/>\n<\/p>\n<div id=\"taboola-read-more\" style=\"display:block; width:100%\">\n<p>O deputado federal Ricardo Salles (Novo-SP) e ex-ministro do Meio Ambiente, recebeu uma penalidade aplicada pela Comiss\u00e3o de \u00c9tica P\u00fablica (CEP) da Presid\u00eancia. Ele foi acusado de interferir na Pol\u00edcia Federal e de favorecer interesses privados enquanto comandava a pasta durante o governo de Jair Bolsonaro (PL).\n<\/p>\n<p>Como j\u00e1 n\u00e3o exerce fun\u00e7\u00f5es no Executivo, o parlamentar foi submetido a uma \u201ccensura \u00e9tica\u201d. Essa medida representa uma reprimenda formal que passa a integrar o hist\u00f3rico de agentes p\u00fablicos. Caroline Proner atuou como relatora do processo.<\/p>\n<p>Em resposta \u00e0 decis\u00e3o, Salles demonstrou descontentamento e classificou a puni\u00e7\u00e3o como \u201crid\u00edcula\u201d. Ele declarou isso ao questionarem-no pela coluna do jornal O Estado de S. Paulo. A comiss\u00e3o oficializou a decis\u00e3o na segunda-feira 16, durante uma reuni\u00e3o.\n<\/p>\n<p>Em 2023, a Comiss\u00e3o de \u00c9tica tamb\u00e9m penalizou Ricardo Salles<br \/>O processo envolve suspeitas de que o deputado teria beneficiado madeireiros ilegais. Em maio de 2021, ele foi alvo da opera\u00e7\u00e3o \u201cAkuanduba\u201d, que investigava essas acusa\u00e7\u00f5es. No m\u00eas anterior, havia removido Alexandre Saraiva, chefe da Superintend\u00eancia da Pol\u00edcia Federal no Amazonas. Saraiva o acusou de atrapalhar investiga\u00e7\u00f5es relacionadas ao com\u00e9rcio ilegal de madeira.\n<\/p>\n<p>Em julho de 2023, Salles recebeu uma segunda \u201ccensura \u00e9tica\u201d. Ele foi punido por utilizar recursos p\u00fablicos em viagens a S\u00e3o Paulo, reduto eleitoral, sem comprova\u00e7\u00e3o de compromissos oficiais.\n<\/p>\n<p>Al\u00e9m disso, em abril do mesmo ano, sofreu san\u00e7\u00e3o por publica\u00e7\u00f5es ofensivas feitas nas redes sociais. At\u00e9 o momento, Salles acumula tr\u00eas reprimendas oficiais por atos cometidos enquanto integrava a gest\u00e3o Bolsonaro.\n<\/p>\n<p>Fonte: Revista Oeste              <\/p>\n<\/div>\n<p><br \/>\n<br \/><a href=\"https:\/\/diariodobrasilnoticias.com.br\/noticia\/comissao-de-etica-aplica-punicao-a-ricardo-salles-por-interferencia-na-pf-durante-o-governo-bolsonaro-676eca0237d54\">Source link <\/a><\/p>","protected":false},"excerpt":{"rendered":"<p>O deputado federal Ricardo Salles (Novo-SP) e ex-ministro do Meio Ambiente, recebeu uma penalidade aplicada pela Comiss\u00e3o de \u00c9tica P\u00fablica (CEP) da Presid\u00eancia. Ele foi acusado de interferir na Pol\u00edcia&hellip;<\/p>","protected":false},"author":1,"featured_media":83540,"comment_status":"closed","ping_status":"open","sticky":false,"template":"","format":"standard","meta":{"content-type":"","footnotes":""},"categories":[16],"tags":[123,2448,5313,1267],"class_list":["post-83539","post","type-post","status-publish","format-standard","has-post-thumbnail","hentry","category-noticias","tag-brasil","tag-diario","tag-noticia","tag-noticias"],"_links":{"self":[{"href":"https:\/\/tvbrazilusa.com\/pt\/wp-json\/wp\/v2\/posts\/83539","targetHints":{"allow":["GET"]}}],"collection":[{"href":"https:\/\/tvbrazilusa.com\/pt\/wp-json\/wp\/v2\/posts"}],"about":[{"href":"https:\/\/tvbrazilusa.com\/pt\/wp-json\/wp\/v2\/types\/post"}],"author":[{"embeddable":true,"href":"https:\/\/tvbrazilusa.com\/pt\/wp-json\/wp\/v2\/users\/1"}],"replies":[{"embeddable":true,"href":"https:\/\/tvbrazilusa.com\/pt\/wp-json\/wp\/v2\/comments?post=83539"}],"version-history":[{"count":1,"href":"https:\/\/tvbrazilusa.com\/pt\/wp-json\/wp\/v2\/posts\/83539\/revisions"}],"predecessor-version":[{"id":83541,"href":"https:\/\/tvbrazilusa.com\/pt\/wp-json\/wp\/v2\/posts\/83539\/revisions\/83541"}],"wp:featuredmedia":[{"embeddable":true,"href":"https:\/\/tvbrazilusa.com\/pt\/wp-json\/wp\/v2\/media\/83540"}],"wp:attachment":[{"href":"https:\/\/tvbrazilusa.com\/pt\/wp-json\/wp\/v2\/media?parent=83539"}],"wp:term":[{"taxonomy":"category","embeddable":true,"href":"https:\/\/tvbrazilusa.com\/pt\/wp-json\/wp\/v2\/categories?post=83539"},{"taxonomy":"post_tag","embeddable":true,"href":"https:\/\/tvbrazilusa.com\/pt\/wp-json\/wp\/v2\/tags?post=83539"}],"curies":[{"name":"wp","href":"https:\/\/api.w.org\/{rel}","templated":true}]}}