{"id":83542,"date":"2024-12-27T19:00:40","date_gmt":"2024-12-27T19:00:40","guid":{"rendered":"https:\/\/tvbrazilusa.com\/2024\/12\/27\/contas-bloqueadas-e-diagnostico-de-cancer-o-drama-de-um-jornalista-preso-por-atos-de-8-de-janeiro\/"},"modified":"2024-12-27T19:00:41","modified_gmt":"2024-12-27T19:00:41","slug":"contas-bloqueadas-e-diagnostico-de-cancer-o-drama-de-um-jornalista-preso-por-atos-de-8-de-janeiro","status":"publish","type":"post","link":"https:\/\/tvbrazilusa.com\/pt\/2024\/12\/27\/contas-bloqueadas-e-diagnostico-de-cancer-o-drama-de-um-jornalista-preso-por-atos-de-8-de-janeiro\/","title":{"rendered":"Contas bloqueadas e diagn\u00f3stico de c\u00e2ncer: o drama de um jornalista preso por atos de 8 de janeiro"},"content":{"rendered":"<p> <script async src=\"https:\/\/pagead2.googlesyndication.com\/pagead\/js\/adsbygoogle.js?client=ca-pub-8864793242727901\"\r\n     crossorigin=\"anonymous\"><\/script><br \/>\n<\/p>\n<div id=\"taboola-read-more\" style=\"display:block; width:100%\">\n<p>Em 3 de fevereiro do ano passado, a mando do ministro Alexandre de Moraes, do Supremo Tribunal Federal (STF), a Pol\u00edcia Federal (PF) prendeu em Porto Velho (RO) o jornalista William Ferreira, de 60 anos, durante a quarta fase da Opera\u00e7\u00e3o Lesa P\u00e1tria. Isso porque, durante o 8 de janeiro, Ferreira transmitiu os atos em suas redes sociais. A defesa informou que ele n\u00e3o entrou em nenhum pr\u00e9dio p\u00fablico. \u00c0 Justi\u00e7a, o rep\u00f3rter disse estar de f\u00e9rias, em Bras\u00edlia, e resolveu cobrir os atos.\n<\/p>\n<p>Ferreira \u00e9 conhecido em Rond\u00f4nia como o \u201chomem do tempo\u201d. Ele foi sargento da Pol\u00edcia Militar (PM) do Estado e, nas elei\u00e7\u00f5es de 2022, se candidatou a deputado estadual, mas perdeu. Antes disso, j\u00e1 havia tentado uma vaga na C\u00e2mara de Vereadores e na Assembleia Legislativa de RO, desde 2012. Em todas, ficou apenas como suplente.<\/p>\n<p>Ao ser detido pela PF, teve as contas banc\u00e1rias bloqueadas pela Justi\u00e7a a fim de ressarcir o Estado pelos supostos danos que ele teria causado ao patrim\u00f4nio p\u00fablico. Por isso, nem sequer conseguiu movimentar a aposentadoria que recebia como PM. S\u00f3 em agosto \u00e9 que Moraes autorizou o saque de um sal\u00e1rio m\u00ednimo. A fam\u00edlia de Ferreira, contudo, alega que nunca conseguiu retirar os recursos.\n<\/p>\n<p>No in\u00edcio deste ano, Ferreira foi solto, mas com tornozeleira eletr\u00f4nica e uma s\u00e9rie de medidas cautelares que o impediram at\u00e9 de trabalhar. Em novembro, ele e a fam\u00edlia passaram por outro constrangimento: um novo bloqueio nas contas. Apenas h\u00e1 duas semanas \u00e9 que a Procuradoria-Geral da Rep\u00fablica opinou pelo desbloqueio, prontamente atendido por Moraes. Contudo, Ferreira n\u00e3o tinha acesso aos recursos, mesmo tendo levado a decis\u00e3o do juiz do STF \u00e0 ag\u00eancia. A institui\u00e7\u00e3o financeira alegou que precisava ser comunicada pelos meios oficiais. Somente nesta sexta-feira, 27, \u00e9 que Ferreira, finalmente, recebeu um aviso de que poder\u00e1 pegar o dinheiro.\n<\/p>\n<p>Preso do 8 de janeiro desenvolveu c\u00e2ncer\n<\/p>\n<p>No per\u00edodo em que ficou em um pres\u00eddio da capital de RO, Ferreira descobriu ter c\u00e2ncer de pr\u00f3stata. O advogado H\u00e9lio J\u00fanior alegou que a doen\u00e7a evoluiu no c\u00e1rcere, em virtude da falta de tratamento adequado e do estresse que Ferreira passou. Quando as suspeitas come\u00e7aram, em dezembro de 2023, um dos m\u00e9dicos sugeriu a realiza\u00e7\u00e3o de bi\u00f3psia, por\u00e9m, o pres\u00eddio n\u00e3o tinha estrutura para isso.\n<\/p>\n<p>Quando deixou a pris\u00e3o, o jornalista fez exames em um laborat\u00f3rio, que comprovou a enfermidade. Por isso, ele se submeteu ao tratamento de quimioterapia. Somente com a evolu\u00e7\u00e3o do tratamento \u00e9 que se saber\u00e1 se a terap\u00eautica fez efeito.\n<\/p>\n<p>Ferreira \u00e9 casado e tem uma filha de 3 anos.\n<\/p>\n<p>Fonte: Revista Oeste              <\/p>\n<\/div>\n<p><br \/>\n<br \/><a href=\"https:\/\/diariodobrasilnoticias.com.br\/noticia\/contas-bloqueadas-e-diagnostico-de-cancer-o-drama-de-um-jornalista-preso-por-atos-de-8-de-janeiro-676ec6bc099b3\">Source link <\/a><\/p>","protected":false},"excerpt":{"rendered":"<p>Em 3 de fevereiro do ano passado, a mando do ministro Alexandre de Moraes, do Supremo Tribunal Federal (STF), a Pol\u00edcia Federal (PF) prendeu em Porto Velho (RO) o jornalista&hellip;<\/p>","protected":false},"author":1,"featured_media":83543,"comment_status":"closed","ping_status":"open","sticky":false,"template":"","format":"standard","meta":{"content-type":"","footnotes":""},"categories":[16],"tags":[123,2448,5313,1267],"class_list":["post-83542","post","type-post","status-publish","format-standard","has-post-thumbnail","hentry","category-noticias","tag-brasil","tag-diario","tag-noticia","tag-noticias"],"_links":{"self":[{"href":"https:\/\/tvbrazilusa.com\/pt\/wp-json\/wp\/v2\/posts\/83542","targetHints":{"allow":["GET"]}}],"collection":[{"href":"https:\/\/tvbrazilusa.com\/pt\/wp-json\/wp\/v2\/posts"}],"about":[{"href":"https:\/\/tvbrazilusa.com\/pt\/wp-json\/wp\/v2\/types\/post"}],"author":[{"embeddable":true,"href":"https:\/\/tvbrazilusa.com\/pt\/wp-json\/wp\/v2\/users\/1"}],"replies":[{"embeddable":true,"href":"https:\/\/tvbrazilusa.com\/pt\/wp-json\/wp\/v2\/comments?post=83542"}],"version-history":[{"count":1,"href":"https:\/\/tvbrazilusa.com\/pt\/wp-json\/wp\/v2\/posts\/83542\/revisions"}],"predecessor-version":[{"id":83544,"href":"https:\/\/tvbrazilusa.com\/pt\/wp-json\/wp\/v2\/posts\/83542\/revisions\/83544"}],"wp:featuredmedia":[{"embeddable":true,"href":"https:\/\/tvbrazilusa.com\/pt\/wp-json\/wp\/v2\/media\/83543"}],"wp:attachment":[{"href":"https:\/\/tvbrazilusa.com\/pt\/wp-json\/wp\/v2\/media?parent=83542"}],"wp:term":[{"taxonomy":"category","embeddable":true,"href":"https:\/\/tvbrazilusa.com\/pt\/wp-json\/wp\/v2\/categories?post=83542"},{"taxonomy":"post_tag","embeddable":true,"href":"https:\/\/tvbrazilusa.com\/pt\/wp-json\/wp\/v2\/tags?post=83542"}],"curies":[{"name":"wp","href":"https:\/\/api.w.org\/{rel}","templated":true}]}}