{"id":83554,"date":"2024-12-27T19:23:24","date_gmt":"2024-12-27T19:23:24","guid":{"rendered":"https:\/\/tvbrazilusa.com\/2024\/12\/27\/suica-proibe-a-burca-em-locais-publicos\/"},"modified":"2024-12-27T19:23:25","modified_gmt":"2024-12-27T19:23:25","slug":"suica-proibe-a-burca-em-locais-publicos","status":"publish","type":"post","link":"https:\/\/tvbrazilusa.com\/pt\/2024\/12\/27\/suica-proibe-a-burca-em-locais-publicos\/","title":{"rendered":"Su\u00ed\u00e7a pro\u00edbe a burca em locais p\u00fablicos"},"content":{"rendered":"<p> <script async src=\"https:\/\/pagead2.googlesyndication.com\/pagead\/js\/adsbygoogle.js?client=ca-pub-8864793242727901\"\r\n     crossorigin=\"anonymous\"><\/script><br \/>\n<\/p>\n<div id=\"taboola-read-more\" style=\"display:block; width:100%\">\n<p>A partir do dia 1\u00b0 de janeiro de 2025 a Su\u00ed\u00e7a ir\u00e1 proibir a cobertura integral do rosto em todo o territ\u00f3rio nacional. Uma proibi\u00e7\u00e3o que inclui o uso de burca ou v\u00e9us para as mulheres de f\u00e9 isl\u00e2mica.\n<\/p>\n<p>A medida foi anunciada pelo Conselho Federal, o \u00f3rg\u00e3o executivo do governo da Su\u00ed\u00e7a.<\/p>\n<p>De acordo com a nova legisla\u00e7\u00e3o, ser\u00e1 obrigat\u00f3rio mostrar olhos, nariz e boca em todos os espa\u00e7os p\u00fablicos ou privados abertos ao p\u00fablico.\n<\/p>\n<p>A proibi\u00e7\u00e3o estende-se a qualquer tipo de vestimenta que cubra completamente o rosto, como a burca e o niqab, mas tamb\u00e9m m\u00e1scaras ou len\u00e7os que impe\u00e7am o reconhecimento do indiv\u00edduo.\n<\/p>\n<p>A nova lei n\u00e3o atinge especificamente os s\u00edmbolos religiosos, mas se aplica a situa\u00e7\u00f5es gen\u00e9ricas do cotidiano, como a participa\u00e7\u00e3o em eventos esportivos ou manifesta\u00e7\u00f5es e protestos.\n<\/p>\n<p>Dois cant\u00f5es su\u00ed\u00e7os, Ticino, no sul, e St. Gallen, no norte, j\u00e1 aplicam proibi\u00e7\u00f5es semelhantes sobre a cobertura total do rosto.\n<\/p>\n<p>A nova legisla\u00e7\u00e3o nacional alinha a Su\u00ed\u00e7a com pa\u00edses como a B\u00e9lgica, Dinamarca e Fran\u00e7a, que promulgaram nos \u00faltimos anos restri\u00e7\u00f5es semelhantes.\n<\/p>\n<p>Os infratores da lei podem enfrentar multas de at\u00e9 mil francos su\u00ed\u00e7os (cerca de R$ 7 mil).\n<\/p>\n<p>A lei, aprovada por 51,2% dos eleitores su\u00ed\u00e7os em um plebiscito nacional em 2021, foi proposta pelo Partido Popular, o mesmo movimento pol\u00edtico que liderou a lei que proibiu a constru\u00e7\u00e3o de novos novos minaretes no territ\u00f3rio da Su\u00ed\u00e7a em 2009.\n<\/p>\n<p>O porta-voz do Partido Popular Su\u00ed\u00e7o, Walter Wobmann, reiterou que a proibi\u00e7\u00e3o vale tamb\u00e9m para quem \u201ccriar confus\u00e3o mascarado\u201d em protestos, al\u00e9m de tentar impedir a vandaliza\u00e7\u00e3o de cidades por parte de torcidas organizadas.\n<\/p>\n<p>Nova lei da Su\u00ed\u00e7a prev\u00ea exce\u00e7\u00f5es<br \/>Existem algumas exce\u00e7\u00f5es prevista pela nova lei. A proibi\u00e7\u00e3o de cobrir nariz, olhos e boca em espa\u00e7os p\u00fablicos pode ser superada em alguns casos: em locais como avi\u00f5es, sedes diplom\u00e1ticas, locais de culto e locais sagrados, por motivos de sa\u00fade e seguran\u00e7a.\n<\/p>\n<p>Al\u00e9m disso, ser\u00e1 permitido cobrir o rosto por motivos m\u00e9dicos, condi\u00e7\u00f5es perigosas e condi\u00e7\u00f5es clim\u00e1ticas extremas, no caso de trajes tradicionais e de uso art\u00edstico, assim como ser\u00e3o permitidas coberturas relacionadas com tradi\u00e7\u00f5es culturais, entretenimento ou publicidade.\n<\/p>\n<p>Algumas isen\u00e7\u00f5es tamb\u00e9m est\u00e3o previstas no caso de manifesta\u00e7\u00f5es relacionadas \u00e0 liberdade de express\u00e3o. A cobertura do rosto durante protestos ou assembleias p\u00fablicas dever\u00e1 ser aprovada pelas autoridades, para manter a ordem p\u00fablica.\n<\/p>\n<p>Mu\u00e7ulmanos su\u00ed\u00e7os prontos para protestar<br \/>As associa\u00e7\u00f5es mu\u00e7ulmanas do pa\u00eds europeu est\u00e3o prontas para protestar, com o Conselho Central dos Mu\u00e7ulmanos na Su\u00ed\u00e7a prometendo desafiar a proibi\u00e7\u00e3o.\n<\/p>\n<p>Segundo a entidade, a lei \u00e9 um \u201cs\u00edmbolo de exclus\u00e3o\u201d e est\u00e3o organizando fundos para ajudar as mulheres que \u201cdesafiaram a proibi\u00e7\u00e3o\u201d a pagar as multas.\n<\/p>\n<p>Hoje a Su\u00ed\u00e7a tem cerca de 5% da sua popula\u00e7\u00e3o mu\u00e7ulmana, proveniente principalmente da Turquia, B\u00f3snia e Kosovo.<\/p>\n<p>Fonte: Revista Oeste              <\/p>\n<\/div>\n<p><br \/>\n<br \/><a href=\"https:\/\/diariodobrasilnoticias.com.br\/noticia\/suica-proibe-a-burca-em-locais-publicos-676ecf867a347\">Source link <\/a><\/p>","protected":false},"excerpt":{"rendered":"<p>A partir do dia 1\u00b0 de janeiro de 2025 a Su\u00ed\u00e7a ir\u00e1 proibir a cobertura integral do rosto em todo o territ\u00f3rio nacional. Uma proibi\u00e7\u00e3o que inclui o uso de&hellip;<\/p>","protected":false},"author":1,"featured_media":83555,"comment_status":"closed","ping_status":"open","sticky":false,"template":"","format":"standard","meta":{"content-type":"","footnotes":""},"categories":[16],"tags":[123,2448,5313,1267],"class_list":["post-83554","post","type-post","status-publish","format-standard","has-post-thumbnail","hentry","category-noticias","tag-brasil","tag-diario","tag-noticia","tag-noticias"],"_links":{"self":[{"href":"https:\/\/tvbrazilusa.com\/pt\/wp-json\/wp\/v2\/posts\/83554","targetHints":{"allow":["GET"]}}],"collection":[{"href":"https:\/\/tvbrazilusa.com\/pt\/wp-json\/wp\/v2\/posts"}],"about":[{"href":"https:\/\/tvbrazilusa.com\/pt\/wp-json\/wp\/v2\/types\/post"}],"author":[{"embeddable":true,"href":"https:\/\/tvbrazilusa.com\/pt\/wp-json\/wp\/v2\/users\/1"}],"replies":[{"embeddable":true,"href":"https:\/\/tvbrazilusa.com\/pt\/wp-json\/wp\/v2\/comments?post=83554"}],"version-history":[{"count":1,"href":"https:\/\/tvbrazilusa.com\/pt\/wp-json\/wp\/v2\/posts\/83554\/revisions"}],"predecessor-version":[{"id":83556,"href":"https:\/\/tvbrazilusa.com\/pt\/wp-json\/wp\/v2\/posts\/83554\/revisions\/83556"}],"wp:featuredmedia":[{"embeddable":true,"href":"https:\/\/tvbrazilusa.com\/pt\/wp-json\/wp\/v2\/media\/83555"}],"wp:attachment":[{"href":"https:\/\/tvbrazilusa.com\/pt\/wp-json\/wp\/v2\/media?parent=83554"}],"wp:term":[{"taxonomy":"category","embeddable":true,"href":"https:\/\/tvbrazilusa.com\/pt\/wp-json\/wp\/v2\/categories?post=83554"},{"taxonomy":"post_tag","embeddable":true,"href":"https:\/\/tvbrazilusa.com\/pt\/wp-json\/wp\/v2\/tags?post=83554"}],"curies":[{"name":"wp","href":"https:\/\/api.w.org\/{rel}","templated":true}]}}