{"id":83562,"date":"2024-12-27T19:42:31","date_gmt":"2024-12-27T19:42:31","guid":{"rendered":"https:\/\/tvbrazilusa.com\/2024\/12\/27\/8-de-janeiro-pgr-pede-soltura-de-morador-de-rua-preso-por-um-ano-sem-provas-concretas\/"},"modified":"2024-12-27T19:42:34","modified_gmt":"2024-12-27T19:42:34","slug":"8-de-janeiro-pgr-pede-soltura-de-morador-de-rua-preso-por-um-ano-sem-provas-concretas","status":"publish","type":"post","link":"https:\/\/tvbrazilusa.com\/pt\/2024\/12\/27\/8-de-janeiro-pgr-pede-soltura-de-morador-de-rua-preso-por-um-ano-sem-provas-concretas\/","title":{"rendered":"8 de Janeiro: PGR pede soltura de morador de rua preso por um ano sem provas concretas"},"content":{"rendered":"<p> <script async src=\"https:\/\/pagead2.googlesyndication.com\/pagead\/js\/adsbygoogle.js?client=ca-pub-8864793242727901\"\r\n     crossorigin=\"anonymous\"><\/script><br \/>\n<\/p>\n<div id=\"taboola-read-more\" style=\"display:block; width:100%\">\n<p>Um morador de rua est\u00e1 preso preventivamente h\u00e1 mais de um ano ap\u00f3s ser acusado, sem evid\u00eancias consistentes, de ter participado dos atos de vandalismo ocorridos em 8 de janeiro de 2023, em Bras\u00edlia. Jeferson Franca da Costa Figueiredo, de 31 anos, foi detido inicialmente em janeiro daquele ano, em frente ao Quartel-General do Ex\u00e9rcito, ap\u00f3s alegar que estava em busca de abrigo e comida, uma vez que foi impedido de ficar em um shopping popular.\n<\/p>\n<p>De acordo com a Defensoria P\u00fablica da Uni\u00e3o (DPU), Jeferson chegou \u00e0 capital federal no dia 8 de janeiro, de carona em um caminh\u00e3o, e n\u00e3o tinha onde dormir. Segundo o portal Metr\u00f3poles, em depoimento, ele relatou que foi ao QG do Ex\u00e9rcito na noite anterior em busca de abrigo. Mesmo sem provas que o ligassem aos atos de depreda\u00e7\u00e3o dos pr\u00e9dios p\u00fablicos na Esplanada dos Minist\u00e9rios, ele foi denunciado pela Procuradoria-Geral da Rep\u00fablica (PGR) por crimes de associa\u00e7\u00e3o criminosa e incita\u00e7\u00e3o ao crime.<\/p>\n<p>Embora tenha sido solto em 18 de janeiro, Jeferson voltou a ser preso em dezembro de 2023, ap\u00f3s descumprir medidas cautelares impostas pelo ministro do Supremo Tribunal Federal (STF), Alexandre de Moraes. No entanto, a PGR revisou a acusa\u00e7\u00e3o e, em 16 de dezembro, pediu a revoga\u00e7\u00e3o da pris\u00e3o preventiva, argumentando que n\u00e3o havia provas de envolvimento do acusado nos atos antidemocr\u00e1ticos.\n<\/p>\n<p>Segundo a PGR, Jeferson est\u00e1 em situa\u00e7\u00e3o de vulnerabilidade social, sendo morador de rua e benefici\u00e1rio de assist\u00eancias sociais. Ele foi identificado como inscrito no Cadastro \u00danico (Cad\u00danico) e j\u00e1 foi atendido por diversos centros de apoio a pessoas em situa\u00e7\u00e3o de rua. O procurador-geral da Rep\u00fablica, Paulo Gonet, afirmou que o motivo de Jeferson estar no local onde ocorreram os atos foi a busca por alimenta\u00e7\u00e3o, e n\u00e3o uma participa\u00e7\u00e3o nos crimes. \u201cN\u00e3o h\u00e1 elementos que provem que o acusado tenha se aliado aos criminosos para executar os atos\u201d, destacou Gonet.\n<\/p>\n<p>Em depoimentos, Jeferson explicou que retirou a tornozeleira eletr\u00f4nica devido \u00e0 dificuldade de encontrar trabalho e carregar o equipamento. A PGR tamb\u00e9m enfatizou que n\u00e3o h\u00e1 provas de sua participa\u00e7\u00e3o nos atos e que sua presen\u00e7a no acampamento onde os protestos ocorreram n\u00e3o configura associa\u00e7\u00e3o criminosa.\n<\/p>\n<p>O caso de Jeferson reflete uma preocupa\u00e7\u00e3o maior com a situa\u00e7\u00e3o de pessoas em condi\u00e7\u00e3o de rua que acabam sendo presas em meio a investiga\u00e7\u00f5es, muitas vezes sem evid\u00eancias claras de envolvimento em crimes. At\u00e9 o momento, 310 pessoas foram condenadas pelo STF pelos atos de 8 de janeiro, sendo 229 por participa\u00e7\u00e3o direta e 81 por incita\u00e7\u00e3o. Mais de 500 pessoas fecharam acordos com a PGR, admitindo os crimes em troca de multa e cursos sobre democracia.\n<\/p>\n<p>Recentemente, o STF absolveu quatro pessoas, incluindo tr\u00eas em situa\u00e7\u00e3o de rua, que foram presas durante os atos de vandalismo. O caso de Jeferson continua a chamar a aten\u00e7\u00e3o para as complexas quest\u00f5es de justi\u00e7a e direitos humanos no contexto dos eventos de janeiro de 2023.<\/p>\n<p>Fonte: Gazeta Brasil              <\/p>\n<\/div>\n<p><br \/>\n<br \/><a href=\"https:\/\/diariodobrasilnoticias.com.br\/noticia\/8-de-janeiro-pgr-pede-soltura-de-morador-de-rua-preso-por-um-ano-sem-provas-concretas-676ed4ad3b87a\">Source link <\/a><\/p>","protected":false},"excerpt":{"rendered":"<p>Um morador de rua est\u00e1 preso preventivamente h\u00e1 mais de um ano ap\u00f3s ser acusado, sem evid\u00eancias consistentes, de ter participado dos atos de vandalismo ocorridos em 8 de janeiro&hellip;<\/p>","protected":false},"author":1,"featured_media":83563,"comment_status":"closed","ping_status":"open","sticky":false,"template":"","format":"standard","meta":{"content-type":"","footnotes":""},"categories":[16],"tags":[123,2448,5313,1267],"class_list":["post-83562","post","type-post","status-publish","format-standard","has-post-thumbnail","hentry","category-noticias","tag-brasil","tag-diario","tag-noticia","tag-noticias"],"_links":{"self":[{"href":"https:\/\/tvbrazilusa.com\/pt\/wp-json\/wp\/v2\/posts\/83562","targetHints":{"allow":["GET"]}}],"collection":[{"href":"https:\/\/tvbrazilusa.com\/pt\/wp-json\/wp\/v2\/posts"}],"about":[{"href":"https:\/\/tvbrazilusa.com\/pt\/wp-json\/wp\/v2\/types\/post"}],"author":[{"embeddable":true,"href":"https:\/\/tvbrazilusa.com\/pt\/wp-json\/wp\/v2\/users\/1"}],"replies":[{"embeddable":true,"href":"https:\/\/tvbrazilusa.com\/pt\/wp-json\/wp\/v2\/comments?post=83562"}],"version-history":[{"count":1,"href":"https:\/\/tvbrazilusa.com\/pt\/wp-json\/wp\/v2\/posts\/83562\/revisions"}],"predecessor-version":[{"id":83564,"href":"https:\/\/tvbrazilusa.com\/pt\/wp-json\/wp\/v2\/posts\/83562\/revisions\/83564"}],"wp:featuredmedia":[{"embeddable":true,"href":"https:\/\/tvbrazilusa.com\/pt\/wp-json\/wp\/v2\/media\/83563"}],"wp:attachment":[{"href":"https:\/\/tvbrazilusa.com\/pt\/wp-json\/wp\/v2\/media?parent=83562"}],"wp:term":[{"taxonomy":"category","embeddable":true,"href":"https:\/\/tvbrazilusa.com\/pt\/wp-json\/wp\/v2\/categories?post=83562"},{"taxonomy":"post_tag","embeddable":true,"href":"https:\/\/tvbrazilusa.com\/pt\/wp-json\/wp\/v2\/tags?post=83562"}],"curies":[{"name":"wp","href":"https:\/\/api.w.org\/{rel}","templated":true}]}}