{"id":83568,"date":"2024-12-27T19:57:12","date_gmt":"2024-12-27T19:57:12","guid":{"rendered":"https:\/\/tvbrazilusa.com\/2024\/12\/27\/sufoco-arthur-lira-odiado-pela-esquerda-sera-cacado-apos-deixar-a-cadeira-de-presidente-da-camara\/"},"modified":"2024-12-27T19:57:14","modified_gmt":"2024-12-27T19:57:14","slug":"sufoco-arthur-lira-odiado-pela-esquerda-sera-cacado-apos-deixar-a-cadeira-de-presidente-da-camara","status":"publish","type":"post","link":"https:\/\/tvbrazilusa.com\/pt\/2024\/12\/27\/sufoco-arthur-lira-odiado-pela-esquerda-sera-cacado-apos-deixar-a-cadeira-de-presidente-da-camara\/","title":{"rendered":"Sufoco: Arthur Lira odiado pela esquerda ser\u00e1 &#8216;ca\u00e7ado&#8217; ap\u00f3s deixar a cadeira de presidente da c\u00e2mara"},"content":{"rendered":"<p> <script async src=\"https:\/\/pagead2.googlesyndication.com\/pagead\/js\/adsbygoogle.js?client=ca-pub-8864793242727901\"\r\n     crossorigin=\"anonymous\"><\/script><br \/>\n<\/p>\n<div id=\"taboola-read-more\" style=\"display:block; width:100%\">\n<p>Desde o in\u00edcio de sua presid\u00eancia na C\u00e2mara dos Deputados, Arthur Lira (PP-AL) se posicionou como uma figura controversa, especialmente para a esquerda brasileira. Com um hist\u00f3rico de dois mandatos \u00e0 frente da Casa, Lira sempre foi visto com avers\u00e3o pelos partidos de esquerda, que tiveram que &#8220;engolir&#8221; sua lideran\u00e7a devido \u00e0 falta de alternativas vi\u00e1veis. Agora, com o fim de seu mandato se aproximando, o cen\u00e1rio pol\u00edtico promete ser ainda mais desafiador para ele.\n<\/p>\n<p>Fl\u00e1vio Dino, ex-membro da equipe do presidente Lula antes de assumir o cargo de ministro do Supremo Tribunal Federal (STF), parece ter colocado Lira como um alvo priorit\u00e1rio. As decis\u00f5es recentes no STF, especialmente aquelas que envolvem o pagamento de emendas parlamentares, indicam uma estrat\u00e9gia concertada para limitar o poder e a influ\u00eancia de Lira. A decis\u00e3o de Dino de suspender R$ 4,2 bilh\u00f5es em emendas parlamentares \u00e9 um claro sinal dessa ofensiva judicial contra o ex-presidente da C\u00e2mara.<\/p>\n<p>Com a sucess\u00e3o na C\u00e2mara sendo um ponto crucial, Hugo Motta (Republicanos-PB) aparece como um dos favoritos para substituir Lira. No entanto, se Lira n\u00e3o tiver garantido uma &#8220;redoma pol\u00edtica&#8221; bem costurada com Motta, ele pode enfrentar um massacre pol\u00edtico assim que deixar o cargo. A proximidade de Motta com Lira pode ser um ponto de equil\u00edbrio, mas n\u00e3o h\u00e1 garantias de prote\u00e7\u00e3o, especialmente se o cen\u00e1rio pol\u00edtico mudar abruptamente.\n<\/p>\n<p>Elmar Nascimento (Uni\u00e3o Brasil-BA) era o preferido do Planalto, conhecido por sua habilidade de jogar dos dois lados &#8211; mostrando-se amigo de Lira publicamente, mas conversando com integrantes do governo nos bastidores. Essas conversas sugeriam que Lira n\u00e3o teria prote\u00e7\u00e3o extraordin\u00e1ria ap\u00f3s seu mandato, deixando-o vulner\u00e1vel.\n<\/p>\n<p>Apesar da resist\u00eancia interna da esquerda, que n\u00e3o tem for\u00e7a suficiente para prejudicar Lira diretamente dentro da C\u00e2mara, o STF emerge como uma amea\u00e7a significativa. Lira tentou se aproximar do presidente Lula, mas seus apoiadores na esquerda o odeiam, criando um ambiente de desconfian\u00e7a. Lula, por sua vez, parece estar &#8220;cozinhando&#8221; Lira at\u00e9 1 de fevereiro, evitando que ele tome medidas dr\u00e1sticas contra o governo ou o pr\u00f3prio presidente.\n<\/p>\n<p>A express\u00e3o &#8220;espada de D\u00e2mocles&#8221; nunca foi t\u00e3o apropriada para descrever a situa\u00e7\u00e3o de Lira. Com o fim de seu mandato, ele enfrentar\u00e1 uma s\u00e9rie de investiga\u00e7\u00f5es e possivelmente processos judiciais, especialmente se n\u00e3o conseguir manter uma base de apoio s\u00f3lida ou se o novo presidente da C\u00e2mara n\u00e3o oferecer a prote\u00e7\u00e3o necess\u00e1ria. A pol\u00edtica brasileira, com sua din\u00e2mica complexa de alian\u00e7as e inimizades, est\u00e1 prestes a testar a resili\u00eancia e a habilidade de negocia\u00e7\u00e3o de Arthur Lira como nunca antes.\n<\/p>\n<p>A sa\u00edda de Arthur Lira da presid\u00eancia da C\u00e2mara dos Deputados n\u00e3o ser\u00e1 tranquila. Entre a avers\u00e3o da esquerda, a mira do STF liderada por Fl\u00e1vio Dino, e a incerteza sobre sua prote\u00e7\u00e3o pol\u00edtica futura, Lira navega por uma tempestade pol\u00edtica que pode definir seu legado e futuro na pol\u00edtica brasileira.\n<\/p>\n<p>J\u00fanior Melo              <\/p>\n<\/div>\n<p><br \/>\n<br \/><a href=\"https:\/\/diariodobrasilnoticias.com.br\/noticia\/sufoco-arthur-lira-odiado-pela-esquerda-sera-cacado-apos-deixar-a-cadeira-de-presidente-da-camara-676eedad66fad\">Source link <\/a><\/p>","protected":false},"excerpt":{"rendered":"<p>Desde o in\u00edcio de sua presid\u00eancia na C\u00e2mara dos Deputados, Arthur Lira (PP-AL) se posicionou como uma figura controversa, especialmente para a esquerda brasileira. Com um hist\u00f3rico de dois mandatos&hellip;<\/p>","protected":false},"author":1,"featured_media":83569,"comment_status":"closed","ping_status":"open","sticky":false,"template":"","format":"standard","meta":{"content-type":"","footnotes":""},"categories":[16],"tags":[123,2448,5313,1267],"class_list":["post-83568","post","type-post","status-publish","format-standard","has-post-thumbnail","hentry","category-noticias","tag-brasil","tag-diario","tag-noticia","tag-noticias"],"_links":{"self":[{"href":"https:\/\/tvbrazilusa.com\/pt\/wp-json\/wp\/v2\/posts\/83568","targetHints":{"allow":["GET"]}}],"collection":[{"href":"https:\/\/tvbrazilusa.com\/pt\/wp-json\/wp\/v2\/posts"}],"about":[{"href":"https:\/\/tvbrazilusa.com\/pt\/wp-json\/wp\/v2\/types\/post"}],"author":[{"embeddable":true,"href":"https:\/\/tvbrazilusa.com\/pt\/wp-json\/wp\/v2\/users\/1"}],"replies":[{"embeddable":true,"href":"https:\/\/tvbrazilusa.com\/pt\/wp-json\/wp\/v2\/comments?post=83568"}],"version-history":[{"count":1,"href":"https:\/\/tvbrazilusa.com\/pt\/wp-json\/wp\/v2\/posts\/83568\/revisions"}],"predecessor-version":[{"id":83570,"href":"https:\/\/tvbrazilusa.com\/pt\/wp-json\/wp\/v2\/posts\/83568\/revisions\/83570"}],"wp:featuredmedia":[{"embeddable":true,"href":"https:\/\/tvbrazilusa.com\/pt\/wp-json\/wp\/v2\/media\/83569"}],"wp:attachment":[{"href":"https:\/\/tvbrazilusa.com\/pt\/wp-json\/wp\/v2\/media?parent=83568"}],"wp:term":[{"taxonomy":"category","embeddable":true,"href":"https:\/\/tvbrazilusa.com\/pt\/wp-json\/wp\/v2\/categories?post=83568"},{"taxonomy":"post_tag","embeddable":true,"href":"https:\/\/tvbrazilusa.com\/pt\/wp-json\/wp\/v2\/tags?post=83568"}],"curies":[{"name":"wp","href":"https:\/\/api.w.org\/{rel}","templated":true}]}}