{"id":83580,"date":"2024-12-27T20:13:31","date_gmt":"2024-12-27T20:13:31","guid":{"rendered":"https:\/\/tvbrazilusa.com\/2024\/12\/27\/fl-dog-volta-para-casa-e-toca-a-campainha-apos-9-dias-de-desaparecimento\/"},"modified":"2024-12-27T20:17:34","modified_gmt":"2024-12-27T20:17:34","slug":"fl-dog-volta-para-casa-e-toca-a-campainha-apos-9-dias-de-desaparecimento","status":"publish","type":"post","link":"https:\/\/tvbrazilusa.com\/pt\/2024\/12\/27\/fl-dog-volta-para-casa-e-toca-a-campainha-apos-9-dias-de-desaparecimento\/","title":{"rendered":"FL Dog volta para casa e toca a campainha ap\u00f3s 9 dias de desaparecimento"},"content":{"rendered":"<p> <script async src=\"https:\/\/pagead2.googlesyndication.com\/pagead\/js\/adsbygoogle.js?client=ca-pub-8864793242727901\"\r\n     crossorigin=\"anonymous\"><\/script><br \/>\n<\/p>\n<div>\n<p>CLAY COUNTY, FL \u2013 Uma cadela da Fl\u00f3rida se reuniu com sua fam\u00edlia na v\u00e9spera de Natal quando voltou para casa e tocou a campainha depois de mais de uma semana fugindo. <\/p>\n<\/div>\n<div>\n<p>Athena, uma f\u00eamea pastor alem\u00e3o e uma mistura de husky, escapou de sua casa em Green Cove Springs, no condado de Clay, em 15 de dezembro, o que levou a uma busca em toda a comunidade pelo c\u00e3ozinho de 4 anos. <\/p>\n<p>A propriet\u00e1ria de Athena, Brooke Comer, <a href=\"https:\/\/apnews.com\/article\/athena-lost-dog-christmas-eve-florida-doorbell-20a4af928b06f6cf77bc47e55032c25e\" rel=\"nofollow\" target=\"_blank\">disse \u00e0 Associated Press<\/a> sua fam\u00edlia saiu para a igreja naquele dia e descobriu que Atena havia de alguma forma escapado de sua caixa quando recebeu uma mensagem de seu vizinho com uma foto do deus do lado de fora de sua casa.<\/p>\n<\/div>\n<div>\n<p>Nas pr\u00f3ximas semanas, dicas sobre o paradeiro de Atena <a href=\"https:\/\/www.facebook.com\/groups\/249453011885958\/user\/1237847324\" rel=\"nofollow\" target=\"_blank\">derramado nas redes sociais<\/a>. Com base nos avistamentos de Atenas, Comer disse \u00e0 AP que ela provavelmente fez uma viagem de ida e volta de quase 32 quil\u00f4metros enquanto estava desaparecida.<\/p>\n<p>\u201cEla foi a grande campe\u00e3 do esconde-esconde de todos os tempos\u201d, disse Comer \u00e0 Associated Press. \u201cA cada avistamento, meu cora\u00e7\u00e3o batia forte e, honestamente, era uma emo\u00e7\u00e3o e ent\u00e3o seu cora\u00e7\u00e3o fica partido porque est\u00e1vamos sempre um passo atr\u00e1s.\u201d<\/p>\n<\/div>\n<div>\n<p>Nove dias depois de sua grande fuga, Atena voltou para casa nas primeiras horas da manh\u00e3 de ter\u00e7a-feira. <a href=\"https:\/\/www.firstcoastnews.com\/article\/life\/animals\/dog-missing-from-green-cove-springs-family-for-9-days-returns-home-christmas-eve-athena\/77-032ee681-e441-44e7-9b52-c0658ec8d033\" rel=\"nofollow\" target=\"_blank\">Imagens da c\u00e2mera anelar obtidas pela First Coast News<\/a> capturou-a trotando at\u00e9 a porta da casa de sua fam\u00edlia antes de pular e tocar a campainha. <\/p>\n<p>\u201cEla entrou chorando e choramingando, eu estava chorando e choramingando, as crian\u00e7as foram acordadas. Eles estavam pulando e foi incr\u00edvel\u201d, disse Comer ao First Coast News. &#8220;Ela estava feliz por estar em casa.&#8221;<\/p>\n<\/div>\n<p><br \/>\n<br \/><a href=\"http:\/\/patch.com\/florida\/jacksonville\/fl-dog-returns-home-rings-doorbell-after-9-days-missing?utm_source=article-mostrecent&#038;utm_medium=rss&#038;utm_term=pets&#038;utm_campaign=recirc&#038;utm_content=aol\">Source link <\/a><\/p>","protected":false},"excerpt":{"rendered":"<p>CLAY COUNTY, FL \u2013 Uma cadela da Fl\u00f3rida se reuniu com sua fam\u00edlia na v\u00e9spera de Natal quando voltou para casa e tocou a campainha depois de mais de uma&hellip;<\/p>","protected":false},"author":1,"featured_media":83581,"comment_status":"closed","ping_status":"open","sticky":false,"template":"","format":"standard","meta":{"content-type":"","footnotes":""},"categories":[1],"tags":[],"class_list":["post-83580","post","type-post","status-publish","format-standard","has-post-thumbnail","hentry","category-uncategorized"],"_links":{"self":[{"href":"https:\/\/tvbrazilusa.com\/pt\/wp-json\/wp\/v2\/posts\/83580","targetHints":{"allow":["GET"]}}],"collection":[{"href":"https:\/\/tvbrazilusa.com\/pt\/wp-json\/wp\/v2\/posts"}],"about":[{"href":"https:\/\/tvbrazilusa.com\/pt\/wp-json\/wp\/v2\/types\/post"}],"author":[{"embeddable":true,"href":"https:\/\/tvbrazilusa.com\/pt\/wp-json\/wp\/v2\/users\/1"}],"replies":[{"embeddable":true,"href":"https:\/\/tvbrazilusa.com\/pt\/wp-json\/wp\/v2\/comments?post=83580"}],"version-history":[{"count":1,"href":"https:\/\/tvbrazilusa.com\/pt\/wp-json\/wp\/v2\/posts\/83580\/revisions"}],"predecessor-version":[{"id":83582,"href":"https:\/\/tvbrazilusa.com\/pt\/wp-json\/wp\/v2\/posts\/83580\/revisions\/83582"}],"wp:featuredmedia":[{"embeddable":true,"href":"https:\/\/tvbrazilusa.com\/pt\/wp-json\/wp\/v2\/media\/83581"}],"wp:attachment":[{"href":"https:\/\/tvbrazilusa.com\/pt\/wp-json\/wp\/v2\/media?parent=83580"}],"wp:term":[{"taxonomy":"category","embeddable":true,"href":"https:\/\/tvbrazilusa.com\/pt\/wp-json\/wp\/v2\/categories?post=83580"},{"taxonomy":"post_tag","embeddable":true,"href":"https:\/\/tvbrazilusa.com\/pt\/wp-json\/wp\/v2\/tags?post=83580"}],"curies":[{"name":"wp","href":"https:\/\/api.w.org\/{rel}","templated":true}]}}