{"id":83600,"date":"2024-12-27T21:04:05","date_gmt":"2024-12-27T21:04:05","guid":{"rendered":"https:\/\/tvbrazilusa.com\/2024\/12\/27\/a-oposicao-retoma-ataques-ao-governo-lula-apos-a-suspensao-da-divulgacao-de-dados-sobre-mortes-de-yanomamis\/"},"modified":"2024-12-27T21:04:06","modified_gmt":"2024-12-27T21:04:06","slug":"a-oposicao-retoma-ataques-ao-governo-lula-apos-a-suspensao-da-divulgacao-de-dados-sobre-mortes-de-yanomamis","status":"publish","type":"post","link":"https:\/\/tvbrazilusa.com\/pt\/2024\/12\/27\/a-oposicao-retoma-ataques-ao-governo-lula-apos-a-suspensao-da-divulgacao-de-dados-sobre-mortes-de-yanomamis\/","title":{"rendered":"A oposi\u00e7\u00e3o retoma ataques ao governo Lula ap\u00f3s a suspens\u00e3o da divulga\u00e7\u00e3o de dados sobre mortes de yanomamis"},"content":{"rendered":"<p> <script async src=\"https:\/\/pagead2.googlesyndication.com\/pagead\/js\/adsbygoogle.js?client=ca-pub-8864793242727901\"\r\n     crossorigin=\"anonymous\"><\/script><br \/>\n<\/p>\n<div id=\"taboola-read-more\" style=\"display:block; width:100%\">\n<p>No in\u00edcio deste ano, um aumento no n\u00famero de mortes na terra ind\u00edgena Yanomami levou a uma mudan\u00e7a na comunica\u00e7\u00e3o do governo federal. Desde essa constata\u00e7\u00e3o, o governo interrompeu a publica\u00e7\u00e3o de boletins regulares sobre \u00f3bitos e doen\u00e7as na regi\u00e3o, conforme noticiado pelo portal UOL em julho.\n<\/p>\n<p>At\u00e9 fevereiro de 2024, o Minist\u00e9rio da Sa\u00fade n\u00e3o havia apresentado novos dados sobre as mortes de yanomamis. O \u00faltimo relat\u00f3rio, que cobria n\u00fameros at\u00e9 31 de dezembro de 2023, foi divulgado apenas no in\u00edcio do ano, e desde ent\u00e3o a pasta n\u00e3o havia lan\u00e7ado mais informa\u00e7\u00f5es. A frequ\u00eancia dos relat\u00f3rios j\u00e1 vinha caindo ao longo de 2023. Ap\u00f3s a declara\u00e7\u00e3o de emerg\u00eancia de sa\u00fade em fevereiro daquele ano, o governo come\u00e7ou a fornecer informes di\u00e1rios sobre mortalidade e doen\u00e7as, mas essa pr\u00e1tica cessou em mar\u00e7o, passando a ser semanal e, a partir de agosto, mensal.<\/p>\n<p>Os registros oficiais de mortes de yanomamis subiram 5,8% em 2023, como mostrou reportagens do Conex\u00e3o Pol\u00edtica. A Sesai relatou 363 \u00f3bitos no ano passado, em compara\u00e7\u00e3o a 343 em 2022. Contudo, a secretaria observou que esses n\u00fameros estavam \u201csujeitos a altera\u00e7\u00e3o\u201d, pois muitos casos ainda estavam sendo investigados. O acesso prec\u00e1rio ao territ\u00f3rio frequentemente atrasava o registro das mortes.\n<\/p>\n<p>Quando questionado, o governo disse que em breve divulgaria um balan\u00e7o com dados atualizados. O minist\u00e9rio afirmou que os n\u00fameros estavam passando por revis\u00e3o das \u00e1reas t\u00e9cnicas da Sesai e da Secretaria de Vigil\u00e2ncia em Sa\u00fade e Ambiente (SVSA).\n<\/p>\n<p>Desde ent\u00e3o, a divulga\u00e7\u00e3o desses dados n\u00e3o recuperou a mesma visibilidade de antes, nem mesmo em comunicados \u00e0 imprensa. Com essa diminui\u00e7\u00e3o na transpar\u00eancia, o Conex\u00e3o Pol\u00edtica apurou nos bastidores de Bras\u00edlia que a oposi\u00e7\u00e3o se prepara para iniciar 2025 indo para cima do governo Lula e passar a exigir respostas sobre a quest\u00e3o.\n<\/p>\n<p>Os relat\u00f3rios sobre os yanomamis, a partir de agora, devem ser um dos principais focos da oposi\u00e7\u00e3o no primeiro trimestre, quando os parlamentares retornarem de seu recesso. A oposi\u00e7\u00e3o pretende criar uma frente para discutir todos os dados referentes aos ind\u00edgenas no Brasil e analisar as a\u00e7\u00f5es e condi\u00e7\u00f5es da gest\u00e3o Lula III.\n<\/p>\n<p>Fonte: Conex\u00e3o Pol\u00edtica              <\/p>\n<\/div>\n<p><br \/>\n<br \/><a href=\"https:\/\/diariodobrasilnoticias.com.br\/noticia\/a-oposicao-retoma-ataques-ao-governo-lula-apos-a-suspensao-da-divulgacao-de-dados-sobre-mortes-de-yanomamis-676efcaa41405\">Source link <\/a><\/p>","protected":false},"excerpt":{"rendered":"<p>No in\u00edcio deste ano, um aumento no n\u00famero de mortes na terra ind\u00edgena Yanomami levou a uma mudan\u00e7a na comunica\u00e7\u00e3o do governo federal. Desde essa constata\u00e7\u00e3o, o governo interrompeu a&hellip;<\/p>","protected":false},"author":1,"featured_media":83601,"comment_status":"closed","ping_status":"open","sticky":false,"template":"","format":"standard","meta":{"content-type":"","footnotes":""},"categories":[16],"tags":[123,2448,5313,1267],"class_list":["post-83600","post","type-post","status-publish","format-standard","has-post-thumbnail","hentry","category-noticias","tag-brasil","tag-diario","tag-noticia","tag-noticias"],"_links":{"self":[{"href":"https:\/\/tvbrazilusa.com\/pt\/wp-json\/wp\/v2\/posts\/83600","targetHints":{"allow":["GET"]}}],"collection":[{"href":"https:\/\/tvbrazilusa.com\/pt\/wp-json\/wp\/v2\/posts"}],"about":[{"href":"https:\/\/tvbrazilusa.com\/pt\/wp-json\/wp\/v2\/types\/post"}],"author":[{"embeddable":true,"href":"https:\/\/tvbrazilusa.com\/pt\/wp-json\/wp\/v2\/users\/1"}],"replies":[{"embeddable":true,"href":"https:\/\/tvbrazilusa.com\/pt\/wp-json\/wp\/v2\/comments?post=83600"}],"version-history":[{"count":1,"href":"https:\/\/tvbrazilusa.com\/pt\/wp-json\/wp\/v2\/posts\/83600\/revisions"}],"predecessor-version":[{"id":83602,"href":"https:\/\/tvbrazilusa.com\/pt\/wp-json\/wp\/v2\/posts\/83600\/revisions\/83602"}],"wp:featuredmedia":[{"embeddable":true,"href":"https:\/\/tvbrazilusa.com\/pt\/wp-json\/wp\/v2\/media\/83601"}],"wp:attachment":[{"href":"https:\/\/tvbrazilusa.com\/pt\/wp-json\/wp\/v2\/media?parent=83600"}],"wp:term":[{"taxonomy":"category","embeddable":true,"href":"https:\/\/tvbrazilusa.com\/pt\/wp-json\/wp\/v2\/categories?post=83600"},{"taxonomy":"post_tag","embeddable":true,"href":"https:\/\/tvbrazilusa.com\/pt\/wp-json\/wp\/v2\/tags?post=83600"}],"curies":[{"name":"wp","href":"https:\/\/api.w.org\/{rel}","templated":true}]}}