{"id":83615,"date":"2024-12-27T21:36:13","date_gmt":"2024-12-27T21:36:13","guid":{"rendered":"https:\/\/tvbrazilusa.com\/2024\/12\/27\/ela-era-uma-namorada-entes-queridos-de-mulher-morta-em-acidente-de-fogo-na-i-95-em-miami-falam-em-meio-a-busca-por-motorista-wsvn-7news-noticias-de-miami-clima-esportes-fort-lauderdale\/"},"modified":"2024-12-27T21:46:04","modified_gmt":"2024-12-27T21:46:04","slug":"ela-era-uma-namorada-entes-queridos-de-mulher-morta-em-acidente-de-fogo-na-i-95-em-miami-falam-em-meio-a-busca-por-motorista-wsvn-7news-noticias-de-miami-clima-esportes-fort-lauderdale","status":"publish","type":"post","link":"https:\/\/tvbrazilusa.com\/pt\/2024\/12\/27\/ela-era-uma-namorada-entes-queridos-de-mulher-morta-em-acidente-de-fogo-na-i-95-em-miami-falam-em-meio-a-busca-por-motorista-wsvn-7news-noticias-de-miami-clima-esportes-fort-lauderdale\/","title":{"rendered":"&#8216;Ela era uma namorada&#8217;: entes queridos de mulher morta em acidente de fogo na I-95 em Miami falam em meio a busca por motorista &#8211; WSVN 7News | Not\u00edcias de Miami, clima, esportes | Fort Lauderdale"},"content":{"rendered":"<p> <script async src=\"https:\/\/pagead2.googlesyndication.com\/pagead\/js\/adsbygoogle.js?client=ca-pub-8864793242727901\"\r\n     crossorigin=\"anonymous\"><\/script><br \/>\n<\/p>\n<div itemprop=\"articleBody\">\n<p>MIAMI (WSVN) &#8211; Uma fam\u00edlia devastada est\u00e1 em busca de respostas depois que seu ente querido morreu tragicamente em um acidente na Interestadual 95, em Miami. <\/p>\n<p>De acordo com a Patrulha Rodovi\u00e1ria da Fl\u00f3rida, Alissa Taylor, de 39 anos, estava dirigindo em dire\u00e7\u00e3o ao sul para trabalhar quando estava <a href=\"https:\/\/wsvn.com\/news\/local\/miami-dade\/1-killed-after-bmw-rear-ends-car-on-i-95-near-nw-79th-st-igniting-fire-driver-believed-to-have-fled-on-foot\/\" data-type=\"link\" data-id=\"https:\/\/wsvn.com\/news\/local\/miami-dade\/1-killed-after-bmw-rear-ends-car-on-i-95-near-nw-79th-st-igniting-fire-driver-believed-to-have-fled-on-foot\/\" target=\"_blank\" rel=\"noreferrer noopener\">traseira por um sed\u00e3 BMW azul escuro<\/a>ao sul da Northwest 79th Street, na manh\u00e3 de s\u00e1bado. <\/p>\n<p>O impacto fez com que ambos os ve\u00edculos ca\u00edssem v\u00e1rios metros, resultando no ve\u00edculo de Taylor sendo envolvido pelas chamas.<\/p>\n<p>Tragicamente, ela n\u00e3o conseguiu escapar do ve\u00edculo e morreu no local. <\/p>\n<p>\u201cD\u00f3i, d\u00f3i\u201d, disse um amigo. \u201cIsso realmente d\u00f3i muito. Ela era uma querida.<\/p>\n<p>\u201cApoiei muito todos que a conheciam\u201d, disse Earline Scavella, irm\u00e3 de Taylor. \u201cEla amava seu filho. Ela tinha um filho que a amava; ela vivia para o filho. Ela trabalhou com uma empresa de seguran\u00e7a da empresa Metrorail, Allied Universal. Ent\u00e3o ela estava protegendo a cidade.\u201d<\/p>\n<p>Os investigadores acreditam que o motorista do BMW fugiu do local a p\u00e9.<\/p>\n<p>Scavella estava a caminho do trabalho naquela manh\u00e3 quando as chamas chamaram sua aten\u00e7\u00e3o &#8211; apenas para descobrir horas depois que as chamas mataram sua irm\u00e3. <\/p>\n<p>\u201cPassei pelo acidente, fiz uma ora\u00e7\u00e3o e ia continuar, e meu esp\u00edrito disse: &#8216;N\u00e3o, ligue para o 911&#8217;\u201d, disse Scavella. \u201cAcho que eles n\u00e3o entendem; eles quebraram uma fam\u00edlia. Tenho me apoiado nessas duas mulheres, e em meus amigos e nos amigos de Lisa, apenas para obter apoio.\u201d<\/p>\n<p>\u201cEla amava Malik\u201d, disse a m\u00e3e de Taylor. <\/p>\n<p>Ela e seus amigos e familiares pedem o apoio da comunidade em seus esfor\u00e7os para encontrar a pessoa que estava ao volante do BMW.<\/p>\n<p>\u201cO que eu gostaria \u00e9 que qualquer pessoa na cidade de Miami que saiba alguma coisa sobre este acidente se manifestasse, se manifestasse\u201d, disse a m\u00e3e de Taylor. \u201cQualquer pequena informa\u00e7\u00e3o ajudar\u00e1.\u201d<\/p>\n<p>A fam\u00edlia e os amigos de Taylor criaram um <a href=\"https:\/\/www.gofundme.com\/f\/lisas-son-malik-through-grief\" data-type=\"link\" data-id=\"https:\/\/www.gofundme.com\/f\/lisas-son-malik-through-grief\">GoFundMe <\/a>para ajudar a arcar com os custos do funeral.<\/p>\n<p><strong>Se voc\u00ea tiver alguma informa\u00e7\u00e3o sobre este acidente ou sobre o paradeiro do sujeito, ligue para Miami-Dade Crime Stoppers no n\u00famero 305-471-TIPS. Lembre-se, voc\u00ea sempre pode permanecer an\u00f4nimo e pode ter direito a uma recompensa de at\u00e9 US$ 5.000.<\/strong><\/p>\n<p><em>Copyright 2024 Sunbeam Television Corp. Todos os direitos reservados. Este material n\u00e3o pode ser publicado, transmitido, reescrito ou redistribu\u00eddo.<\/em><\/p>\n<div class=\"wp-block-newsletter\">\n\t<strong class=\"wp-block-newsletter__title\">Cadastre-se em nosso boletim informativo para receber as \u00faltimas not\u00edcias diretamente em sua caixa de entrada<\/strong><\/p>\n<\/div><\/div>\n<p><br \/>\n<br \/><a href=\"https:\/\/wsvn.com\/news\/local\/miami-dade\/she-was-a-sweetheart-loved-ones-of-woman-killed-in-fiery-i-95-crash-in-miami-speaks-out-amid-search-for-driver\/\">Source link <\/a><\/p>","protected":false},"excerpt":{"rendered":"<p>MIAMI (WSVN) &#8211; Uma fam\u00edlia devastada est\u00e1 em busca de respostas depois que seu ente querido morreu tragicamente em um acidente na Interestadual 95, em Miami. De acordo com a&hellip;<\/p>","protected":false},"author":1,"featured_media":83616,"comment_status":"closed","ping_status":"open","sticky":false,"template":"","format":"standard","meta":{"content-type":"","footnotes":""},"categories":[1],"tags":[],"class_list":["post-83615","post","type-post","status-publish","format-standard","has-post-thumbnail","hentry","category-uncategorized"],"_links":{"self":[{"href":"https:\/\/tvbrazilusa.com\/pt\/wp-json\/wp\/v2\/posts\/83615","targetHints":{"allow":["GET"]}}],"collection":[{"href":"https:\/\/tvbrazilusa.com\/pt\/wp-json\/wp\/v2\/posts"}],"about":[{"href":"https:\/\/tvbrazilusa.com\/pt\/wp-json\/wp\/v2\/types\/post"}],"author":[{"embeddable":true,"href":"https:\/\/tvbrazilusa.com\/pt\/wp-json\/wp\/v2\/users\/1"}],"replies":[{"embeddable":true,"href":"https:\/\/tvbrazilusa.com\/pt\/wp-json\/wp\/v2\/comments?post=83615"}],"version-history":[{"count":1,"href":"https:\/\/tvbrazilusa.com\/pt\/wp-json\/wp\/v2\/posts\/83615\/revisions"}],"predecessor-version":[{"id":83617,"href":"https:\/\/tvbrazilusa.com\/pt\/wp-json\/wp\/v2\/posts\/83615\/revisions\/83617"}],"wp:featuredmedia":[{"embeddable":true,"href":"https:\/\/tvbrazilusa.com\/pt\/wp-json\/wp\/v2\/media\/83616"}],"wp:attachment":[{"href":"https:\/\/tvbrazilusa.com\/pt\/wp-json\/wp\/v2\/media?parent=83615"}],"wp:term":[{"taxonomy":"category","embeddable":true,"href":"https:\/\/tvbrazilusa.com\/pt\/wp-json\/wp\/v2\/categories?post=83615"},{"taxonomy":"post_tag","embeddable":true,"href":"https:\/\/tvbrazilusa.com\/pt\/wp-json\/wp\/v2\/tags?post=83615"}],"curies":[{"name":"wp","href":"https:\/\/api.w.org\/{rel}","templated":true}]}}