{"id":8363,"date":"2024-07-25T07:42:48","date_gmt":"2024-07-25T07:42:48","guid":{"rendered":"https:\/\/tvbrazilusa.com\/2024\/07\/25\/incendio-em-caminhao-trator-fecha-a-i-691-leste-em-meriden\/"},"modified":"2024-07-25T08:07:51","modified_gmt":"2024-07-25T08:07:51","slug":"incendio-em-caminhao-trator-fecha-a-i-691-leste-em-meriden","status":"publish","type":"post","link":"https:\/\/tvbrazilusa.com\/pt\/2024\/07\/25\/incendio-em-caminhao-trator-fecha-a-i-691-leste-em-meriden\/","title":{"rendered":"Inc\u00eandio em caminh\u00e3o trator fecha a I-691 leste em Meriden"},"content":{"rendered":"<script async src=\"https:\/\/pagead2.googlesyndication.com\/pagead\/js\/adsbygoogle.js?client=ca-pub-8864793242727901\"\r\n     crossorigin=\"anonymous\"><\/script>\n<p>MERIDEN, Connecticut (WTNH) \u2014 A I-691 leste em Meriden foi fechada ap\u00f3s um inc\u00eandio em um caminh\u00e3o na manh\u00e3 de quinta-feira. <\/p>\n<p>As sa\u00eddas 2A e 1B est\u00e3o fechadas devido ao acidente. <\/p>\n<p>De acordo com o Departamento de Transportes, o acidente foi relatado \u00e0s 2h08 <\/p>\n<p>O despacho da pol\u00edcia estadual informou que n\u00e3o houve feridos. <\/p>\n<p><strong><em>Esta \u00e9 uma hist\u00f3ria em desenvolvimento. Fique com o Channel 8 para atualiza\u00e7\u00f5es. <\/em><\/strong><\/p>\n<p><br \/>\n<br \/><a href=\"https:\/\/www.wtnh.com\/news\/connecticut\/tractor-trailer-fire-closes-i-691-east-in-meriden\/\">Source link <\/a><\/p>","protected":false},"excerpt":{"rendered":"<p>MERIDEN, Connecticut (WTNH) \u2014 A I-691 leste em Meriden foi fechada ap\u00f3s um inc\u00eandio em um caminh\u00e3o na manh\u00e3 de quinta-feira. As sa\u00eddas 2A e 1B est\u00e3o fechadas devido ao&hellip;<\/p>","protected":false},"author":1,"featured_media":8364,"comment_status":"closed","ping_status":"open","sticky":false,"template":"","format":"standard","meta":{"content-type":"","footnotes":""},"categories":[1],"tags":[],"class_list":["post-8363","post","type-post","status-publish","format-standard","has-post-thumbnail","hentry","category-uncategorized"],"_links":{"self":[{"href":"https:\/\/tvbrazilusa.com\/pt\/wp-json\/wp\/v2\/posts\/8363","targetHints":{"allow":["GET"]}}],"collection":[{"href":"https:\/\/tvbrazilusa.com\/pt\/wp-json\/wp\/v2\/posts"}],"about":[{"href":"https:\/\/tvbrazilusa.com\/pt\/wp-json\/wp\/v2\/types\/post"}],"author":[{"embeddable":true,"href":"https:\/\/tvbrazilusa.com\/pt\/wp-json\/wp\/v2\/users\/1"}],"replies":[{"embeddable":true,"href":"https:\/\/tvbrazilusa.com\/pt\/wp-json\/wp\/v2\/comments?post=8363"}],"version-history":[{"count":1,"href":"https:\/\/tvbrazilusa.com\/pt\/wp-json\/wp\/v2\/posts\/8363\/revisions"}],"predecessor-version":[{"id":8365,"href":"https:\/\/tvbrazilusa.com\/pt\/wp-json\/wp\/v2\/posts\/8363\/revisions\/8365"}],"wp:featuredmedia":[{"embeddable":true,"href":"https:\/\/tvbrazilusa.com\/pt\/wp-json\/wp\/v2\/media\/8364"}],"wp:attachment":[{"href":"https:\/\/tvbrazilusa.com\/pt\/wp-json\/wp\/v2\/media?parent=8363"}],"wp:term":[{"taxonomy":"category","embeddable":true,"href":"https:\/\/tvbrazilusa.com\/pt\/wp-json\/wp\/v2\/categories?post=8363"},{"taxonomy":"post_tag","embeddable":true,"href":"https:\/\/tvbrazilusa.com\/pt\/wp-json\/wp\/v2\/tags?post=8363"}],"curies":[{"name":"wp","href":"https:\/\/api.w.org\/{rel}","templated":true}]}}