{"id":83650,"date":"2024-12-27T22:53:43","date_gmt":"2024-12-27T22:53:43","guid":{"rendered":"https:\/\/tvbrazilusa.com\/2024\/12\/27\/trump-pede-a-suprema-corte-que-adie-a-proibicao-do-tiktok-para-que-ele-possa-opinar-apos-assumir-o-cargo-wsvn-7news-noticias-de-miami-clima-esportes-fort-lauderdale\/"},"modified":"2024-12-27T22:55:44","modified_gmt":"2024-12-27T22:55:44","slug":"trump-pede-a-suprema-corte-que-adie-a-proibicao-do-tiktok-para-que-ele-possa-opinar-apos-assumir-o-cargo-wsvn-7news-noticias-de-miami-clima-esportes-fort-lauderdale","status":"publish","type":"post","link":"https:\/\/tvbrazilusa.com\/pt\/2024\/12\/27\/trump-pede-a-suprema-corte-que-adie-a-proibicao-do-tiktok-para-que-ele-possa-opinar-apos-assumir-o-cargo-wsvn-7news-noticias-de-miami-clima-esportes-fort-lauderdale\/","title":{"rendered":"Trump pede \u00e0 Suprema Corte que adie a proibi\u00e7\u00e3o do TikTok para que ele possa opinar ap\u00f3s assumir o cargo &#8211; WSVN 7News | Not\u00edcias de Miami, clima, esportes | Fort Lauderdale"},"content":{"rendered":"<p> <script async src=\"https:\/\/pagead2.googlesyndication.com\/pagead\/js\/adsbygoogle.js?client=ca-pub-8864793242727901\"\r\n     crossorigin=\"anonymous\"><\/script><br \/>\n<\/p>\n<div itemprop=\"articleBody\">\n<p>(AP) \u2013 O presidente eleito Donald Trump pediu \u00e0 Suprema Corte na sexta-feira que suspendesse a entrada em vigor da potencial proibi\u00e7\u00e3o do TikTok at\u00e9 que seu governo possa buscar uma \u201cresolu\u00e7\u00e3o pol\u00edtica\u201d para a quest\u00e3o.<\/p>\n<p>O pedido veio no momento em que a TikTok e a administra\u00e7\u00e3o Biden apresentaram peti\u00e7\u00f5es opostas ao tribunal, nas quais a empresa argumentava que o tribunal deveria revogar uma lei que poderia proibir a plataforma at\u00e9 19 de janeiro, enquanto o governo enfatizava sua posi\u00e7\u00e3o de que o estatuto \u00e9 necess\u00e1rio para eliminar um risco para a seguran\u00e7a nacional.<\/p>\n<p>\u201cO presidente Trump n\u00e3o toma posi\u00e7\u00e3o sobre os m\u00e9ritos subjacentes desta disputa. Em vez disso, ele solicita respeitosamente que o Tribunal considere suspender o prazo da lei para desinvestimento de 19 de janeiro de 2025, enquanto considera os m\u00e9ritos deste caso\u201d, disse o amicus brief de Trump, que n\u00e3o apoiou nenhuma das partes no caso.<\/p>\n<p>Os registros v\u00eam antes dos argumentos orais agendados para 10 de janeiro sobre se a lei, que exige que a TikTok se desfa\u00e7a de sua controladora com sede na China ou enfrente uma proibi\u00e7\u00e3o, restringe ilegalmente o discurso, violando a Primeira Emenda.<\/p>\n<p>No in\u00edcio deste m\u00eas, um painel de tr\u00eas ju\u00edzes federais do Tribunal de Apela\u00e7\u00f5es dos EUA para o Circuito do Distrito de Columbia manteve a lei por unanimidade, levando a TikTok a apelar do caso para a Suprema Corte.<\/p>\n<p>O documento de Trump disse que ele se op\u00f5e \u00e0 proibi\u00e7\u00e3o do TikTok nesta jun\u00e7\u00e3o e \u201cbusca a capacidade de resolver as quest\u00f5es em quest\u00e3o por meios pol\u00edticos assim que assumir o cargo\u201d.<\/p>\n<p><em>Direitos autorais 2024 da Associated Press. Todos os direitos reservados. Este material n\u00e3o pode ser publicado, transmitido, reescrito ou redistribu\u00eddo.<\/em><\/p>\n<div class=\"wp-block-newsletter\">\n\t<strong class=\"wp-block-newsletter__title\">Cadastre-se em nosso boletim informativo para receber as \u00faltimas not\u00edcias diretamente em sua caixa de entrada<\/strong><\/p>\n<\/div><\/div>\n<p><br \/>\n<br \/><a href=\"https:\/\/wsvn.com\/news\/politics\/trump-asks-supreme-court-to-delay-tiktok-ban-so-he-can-weigh-in-after-he-takes-office\/\">Source link <\/a><\/p>","protected":false},"excerpt":{"rendered":"<p>(AP) \u2013 O presidente eleito Donald Trump pediu \u00e0 Suprema Corte na sexta-feira que suspendesse a entrada em vigor da potencial proibi\u00e7\u00e3o do TikTok at\u00e9 que seu governo possa buscar&hellip;<\/p>","protected":false},"author":1,"featured_media":76234,"comment_status":"closed","ping_status":"open","sticky":false,"template":"","format":"standard","meta":{"content-type":"","footnotes":""},"categories":[1],"tags":[],"class_list":["post-83650","post","type-post","status-publish","format-standard","has-post-thumbnail","hentry","category-uncategorized"],"_links":{"self":[{"href":"https:\/\/tvbrazilusa.com\/pt\/wp-json\/wp\/v2\/posts\/83650","targetHints":{"allow":["GET"]}}],"collection":[{"href":"https:\/\/tvbrazilusa.com\/pt\/wp-json\/wp\/v2\/posts"}],"about":[{"href":"https:\/\/tvbrazilusa.com\/pt\/wp-json\/wp\/v2\/types\/post"}],"author":[{"embeddable":true,"href":"https:\/\/tvbrazilusa.com\/pt\/wp-json\/wp\/v2\/users\/1"}],"replies":[{"embeddable":true,"href":"https:\/\/tvbrazilusa.com\/pt\/wp-json\/wp\/v2\/comments?post=83650"}],"version-history":[{"count":1,"href":"https:\/\/tvbrazilusa.com\/pt\/wp-json\/wp\/v2\/posts\/83650\/revisions"}],"predecessor-version":[{"id":83651,"href":"https:\/\/tvbrazilusa.com\/pt\/wp-json\/wp\/v2\/posts\/83650\/revisions\/83651"}],"wp:featuredmedia":[{"embeddable":true,"href":"https:\/\/tvbrazilusa.com\/pt\/wp-json\/wp\/v2\/media\/76234"}],"wp:attachment":[{"href":"https:\/\/tvbrazilusa.com\/pt\/wp-json\/wp\/v2\/media?parent=83650"}],"wp:term":[{"taxonomy":"category","embeddable":true,"href":"https:\/\/tvbrazilusa.com\/pt\/wp-json\/wp\/v2\/categories?post=83650"},{"taxonomy":"post_tag","embeddable":true,"href":"https:\/\/tvbrazilusa.com\/pt\/wp-json\/wp\/v2\/tags?post=83650"}],"curies":[{"name":"wp","href":"https:\/\/api.w.org\/{rel}","templated":true}]}}