{"id":83668,"date":"2024-12-27T23:21:42","date_gmt":"2024-12-27T23:21:42","guid":{"rendered":"https:\/\/tvbrazilusa.com\/2024\/12\/27\/mulher-de-80-anos-doa-o-mazda-rx-7-para-a-fabricante-japonesa-que-agora-o-usara-em-eventos-especiais\/"},"modified":"2024-12-27T23:21:43","modified_gmt":"2024-12-27T23:21:43","slug":"mulher-de-80-anos-doa-o-mazda-rx-7-para-a-fabricante-japonesa-que-agora-o-usara-em-eventos-especiais","status":"publish","type":"post","link":"https:\/\/tvbrazilusa.com\/pt\/2024\/12\/27\/mulher-de-80-anos-doa-o-mazda-rx-7-para-a-fabricante-japonesa-que-agora-o-usara-em-eventos-especiais\/","title":{"rendered":"Mulher de 80 anos doa o Mazda RX-7  para a fabricante japonesa, que agora o usar\u00e1 em eventos especiais"},"content":{"rendered":"<p> <script async src=\"https:\/\/pagead2.googlesyndication.com\/pagead\/js\/adsbygoogle.js?client=ca-pub-8864793242727901\"\r\n     crossorigin=\"anonymous\"><\/script><br \/>\n<\/p>\n<div id=\"taboola-read-more\" style=\"display:block; width:100%\">\n<p>Celebrar 80 anos de vida de forma \u00fanica e marcante foi exatamente o que a japonesa Naoko Nishimoto fez ao decidir abrir m\u00e3o de duas coisas que acompanharam boa parte de sua trajet\u00f3ria: sua licen\u00e7a de motorista e seu Mazda RX-7, um \u00edcone que ela cuidou com carinho ao longo de 25 anos.\n<\/p>\n<p>A hist\u00f3ria de Nishimoto e seu RX-7 come\u00e7ou de forma inusitada. Quando ela tinha 55 anos, seu Toyota Corona Coupe come\u00e7ou a apresentar problemas ap\u00f3s quase uma d\u00e9cada de uso.<\/p>\n<p>Ao assistir ao famoso anime \u201cInitial D\u201d com seu filho, Nishimoto se encantou pelo design do Mazda RX-7 FD3S.\n<\/p>\n<p>Motivada pela paix\u00e3o, foi at\u00e9 uma concession\u00e1ria local e comprou um RX-7 Type RB S, uma vers\u00e3o b\u00e1sica com toques esportivos, como spoiler traseiro, pneus ZR e o ic\u00f4nico motor rotativo 13B-REW turboalimentado, que entregava 261 cavalos de pot\u00eancia.\n<\/p>\n<p>O carro custou cerca de 3,2 milh\u00f5es de ienes na \u00e9poca, e ela dirigiu pouco mais de 48 mil milhas (aproximadamente 77 mil km) ao longo de 25 anos. Mesmo ap\u00f3s d\u00e9cadas, o RX-7 se manteve impec\u00e1vel, tornando-se uma extens\u00e3o da pr\u00f3pria identidade de Nishimoto.\n<\/p>\n<p>Com a aproxima\u00e7\u00e3o de seu 80\u00ba anivers\u00e1rio, Nishimoto decidiu que era hora de parar de dirigir. Ela iniciou uma busca por algu\u00e9m que pudesse cuidar do RX-7 com o mesmo amor que ela, e uma entrevista com a Nagasaki Broadcasting chamou a aten\u00e7\u00e3o de mais de 400 interessados.\n<\/p>\n<p>Entre eles estava a equipe de rela\u00e7\u00f5es p\u00fablicas da Mazda, cujo e-mail carregado de sinceridade e paix\u00e3o conquistou Nishimoto.\n<\/p>\n<p>Mazda preparou uma cerim\u00f4nia de entrega na concession\u00e1ria onde Nishimoto havia comprado e mantido o carro ao longo dos anos. Durante o evento, ela foi presenteada com flores, a placa do carro e esbo\u00e7os do design do RX-7.\n<\/p>\n<p>O presidente e CEO da Mazda, Moro Masahiro, destacou a rela\u00e7\u00e3o especial que Nishimoto tinha com seu ve\u00edculo, ressaltando como carros podem ser muito mais do que simples meios de transporte.\n<\/p>\n<p>\u201cFoi um lembrete emocionante de que um carro pode ser um parceiro importante na vida. Este RX-7 tamb\u00e9m \u00e9 especial para mim, pois foi o primeiro modelo pelo qual fui respons\u00e1vel no marketing ap\u00f3s ingressar na Mazda. Vamos cuidar desse carro e das mem\u00f3rias felizes que ele representa.\u201d\n<\/p>\n<p>Agora, o RX-7 de Nishimoto estar\u00e1 sob os cuidados da Mazda no centro de P&#038;D em Yokohama.\n<\/p>\n<p>A montadora pretende us\u00e1-lo em eventos especiais, preservando a hist\u00f3ria de um carro que n\u00e3o apenas marcou uma \u00e9poca, mas tamb\u00e9m simboliza o v\u00ednculo emocional que os autom\u00f3veis podem criar com seus propriet\u00e1rios.\n<\/p>\n<p>Essa hist\u00f3ria \u00e9 mais do que sobre um carro; \u00e9 sobre paix\u00e3o, dedica\u00e7\u00e3o e o poder que os autom\u00f3veis t\u00eam de transformar vidas, criando mem\u00f3rias que durar\u00e3o para sempre.\n<\/p>\n<p>Fonte: Noticias Automotivas              <\/p>\n<\/div>\n<p><br \/>\n<br \/><a href=\"https:\/\/diariodobrasilnoticias.com.br\/noticia\/mulher-de-80-anos-doa-o-mazda-rx-7-para-a-fabricante-japonesa-que-agora-o-usara-em-eventos-especiais-676f277d8e10b\">Source link <\/a><\/p>","protected":false},"excerpt":{"rendered":"<p>Celebrar 80 anos de vida de forma \u00fanica e marcante foi exatamente o que a japonesa Naoko Nishimoto fez ao decidir abrir m\u00e3o de duas coisas que acompanharam boa parte&hellip;<\/p>","protected":false},"author":1,"featured_media":83669,"comment_status":"closed","ping_status":"open","sticky":false,"template":"","format":"standard","meta":{"content-type":"","footnotes":""},"categories":[16],"tags":[123,2448,5313,1267],"class_list":["post-83668","post","type-post","status-publish","format-standard","has-post-thumbnail","hentry","category-noticias","tag-brasil","tag-diario","tag-noticia","tag-noticias"],"_links":{"self":[{"href":"https:\/\/tvbrazilusa.com\/pt\/wp-json\/wp\/v2\/posts\/83668","targetHints":{"allow":["GET"]}}],"collection":[{"href":"https:\/\/tvbrazilusa.com\/pt\/wp-json\/wp\/v2\/posts"}],"about":[{"href":"https:\/\/tvbrazilusa.com\/pt\/wp-json\/wp\/v2\/types\/post"}],"author":[{"embeddable":true,"href":"https:\/\/tvbrazilusa.com\/pt\/wp-json\/wp\/v2\/users\/1"}],"replies":[{"embeddable":true,"href":"https:\/\/tvbrazilusa.com\/pt\/wp-json\/wp\/v2\/comments?post=83668"}],"version-history":[{"count":1,"href":"https:\/\/tvbrazilusa.com\/pt\/wp-json\/wp\/v2\/posts\/83668\/revisions"}],"predecessor-version":[{"id":83670,"href":"https:\/\/tvbrazilusa.com\/pt\/wp-json\/wp\/v2\/posts\/83668\/revisions\/83670"}],"wp:featuredmedia":[{"embeddable":true,"href":"https:\/\/tvbrazilusa.com\/pt\/wp-json\/wp\/v2\/media\/83669"}],"wp:attachment":[{"href":"https:\/\/tvbrazilusa.com\/pt\/wp-json\/wp\/v2\/media?parent=83668"}],"wp:term":[{"taxonomy":"category","embeddable":true,"href":"https:\/\/tvbrazilusa.com\/pt\/wp-json\/wp\/v2\/categories?post=83668"},{"taxonomy":"post_tag","embeddable":true,"href":"https:\/\/tvbrazilusa.com\/pt\/wp-json\/wp\/v2\/tags?post=83668"}],"curies":[{"name":"wp","href":"https:\/\/api.w.org\/{rel}","templated":true}]}}