{"id":83700,"date":"2024-12-27T23:57:57","date_gmt":"2024-12-27T23:57:57","guid":{"rendered":"https:\/\/tvbrazilusa.com\/2024\/12\/27\/o-locutor-esportivo-greg-gumbel-morre-de-cancer-aos-78-anos\/"},"modified":"2024-12-28T00:04:02","modified_gmt":"2024-12-28T00:04:02","slug":"o-locutor-esportivo-greg-gumbel-morre-de-cancer-aos-78-anos","status":"publish","type":"post","link":"https:\/\/tvbrazilusa.com\/pt\/2024\/12\/27\/o-locutor-esportivo-greg-gumbel-morre-de-cancer-aos-78-anos\/","title":{"rendered":"O locutor esportivo Greg Gumbel morre de c\u00e2ncer aos 78 anos"},"content":{"rendered":"<p> <script async src=\"https:\/\/pagead2.googlesyndication.com\/pagead\/js\/adsbygoogle.js?client=ca-pub-8864793242727901\"\r\n     crossorigin=\"anonymous\"><\/script><br \/>\n<\/p>\n<div id=\"\">\n<header class=\"m-article-header m-article-header--standard\">\n\t\t\t\t\t\t\t\t\t\t\t\t<span id=\"article-header-primary-term\"><br \/>\n\t\t\t\t\t\t\t\t<a class=\"a-term a-term--primary\" href=\"https:\/\/www.boston.com\/tag\/sports\/\"><\/p>\n<p>\t\t\t\t\t\t\t\tEsportes\t\t\t\t\t\t\t\t<\/a><br \/>\n\t\t\t\t\t\t\t<\/span><\/p>\n<h2 class=\"m-article-header__sub-headline\">\u201cEle deixa um legado de amor, inspira\u00e7\u00e3o e dedica\u00e7\u00e3o de mais de 50 anos extraordin\u00e1rios na ind\u00fastria de transmiss\u00e3o esportiva; e sua voz ic\u00f4nica nunca ser\u00e1 esquecida.\u201d<\/h2>\n<figure class=\"a-photo m-article-header__photo\"><figcaption class=\"a-photo__caption\">\n<p>\tGreg Gumbel observa enquanto o t\u00e9cnico de Connecticut, Jim Calhoun, fala com o t\u00e9cnico de Butler, Brad Stevens, antes de gravar uma entrevista para a televis\u00e3o para o jogo do campeonato de basquete universit\u00e1rio masculino da Final Four da NCAA no domingo, 3 de abril de 2011.<em> AP Foto\/Eric Gay, Arquivo<\/em>\t<\/figcaption><\/figure>\n<div class=\"m-article-header__meta\">\n<div class=\"m-article-header__byline\">\n<p class=\"m-article-header__author\">\n<p>\t\t\t\t\t\t\t\tPor Associated Press\t\t\t\t\t\t\t<\/p>\n<p>\t\t\t\t\t\t\t\t\t\t\t\t\t\t\t<time class=\"m-article-header__date\"><\/p>\n<p>\t\t\t\t\t\t\t\t\t27 de dezembro de 2024 | 18h57\t\t\t\t\t\t\t\t<\/time><\/p>\n<p><span>1 minuto para ler<\/span><\/p>\n<\/p><\/div>\n<\/p><\/div>\n<\/header>\n<p>NOVA YORK (AP) \u2013 Greg Gumbel, um antigo locutor esportivo da CBS, morreu de c\u00e2ncer, de acordo com um comunicado da fam\u00edlia divulgado pela CBS na sexta-feira. Ele tinha 78 anos.<\/p>\n<p>\u201cEle deixa um legado de amor, inspira\u00e7\u00e3o e dedica\u00e7\u00e3o de mais de 50 anos extraordin\u00e1rios na ind\u00fastria de transmiss\u00e3o esportiva; e sua voz ic\u00f4nica nunca ser\u00e1 esquecida\u201d, disseram sua esposa Marcy Gumbel e sua filha Michelle Gumbel. <a href=\"https:\/\/www.cbsnews.com\/news\/greg-gumbel-dies-cbs-sports-anchor\/\" target=\"_blank\" rel=\"noreferrer noopener\">em um comunicado.<\/a><\/p>\n<p>Em mar\u00e7o, Gumbel perdeu seu primeiro torneio da NCAA desde 1997 devido ao que ele disse na \u00e9poca serem problemas de sa\u00fade familiar. Gumbel foi o apresentador de est\u00fadio da CBS desde que retornou da NBC \u00e0 rede em 1998. Gumbel assinou uma extens\u00e3o com a CBS no ano passado que lhe permitiu continuar apresentando o basquete universit\u00e1rio enquanto se afastava das fun\u00e7\u00f5es de an\u00fancio da NFL.<\/p>\n<p>Em 2001, ele anunciou o Super Bowl XXXV para a CBS, tornando-se o primeiro locutor negro nos EUA a anunciar jogada a jogada de um importante campeonato esportivo.<\/p>\n<p>David Berson, presidente e CEO da CBS Sports, descreveu Greg Gumbel como quebrando barreiras e estabelecendo padr\u00f5es para outros durante seus anos como uma voz para os f\u00e3s de esportes, inclusive na NFL e no March Madness.<\/p>\n<p>\u201cUm tremendo locutor e um talentoso contador de hist\u00f3rias, Greg liderou uma das carreiras de radiodifus\u00e3o esportiva mais not\u00e1veis \u200b\u200be inovadoras de todos os tempos\u201d, disse Berson.<\/p>\n<p>Gumbel teve duas passagens pela CBS, trocando a rede pela NBC quando perdeu o futebol em 1994 e retornando quando recuperou o contrato em 1998.<\/p>\n<p>Ele apresentou a cobertura da CBS dos Jogos Ol\u00edmpicos de Inverno de 1992 e 1994 e convocou os jogos da Liga Principal de Beisebol durante seus quatro anos de transmiss\u00e3o do passatempo nacional.<\/p>\n<p>Mas foi no futebol e no basquete que ele foi mais conhecido e causou seu maior impacto. Gumbel apresentou o programa de est\u00fadio da NFL da CBS, \u201cThe NFL Today\u201d, de 1990 a 1993 e novamente em 2004.<\/p>\n<p>Ele tamb\u00e9m convocou os jogos da NFL como o principal locutor da rede de 1998 a 2003, incluindo Super Bowl XXXV e XXXVIII. Ele voltou ao estande da NFL em 2005, deixando o cargo ap\u00f3s a temporada de 2022.<\/p>\n<div class=\"m-block m-generic-cta\t m-generic-cta--post-content\t m-generic-cta--dark\t m-generic-cta--homepage\t m-generic-cta--email-signup\t\t m-generic-cta-block-style--default \tt-amp__generic-cta\"><\/p>\n<div class=\"m-generic-cta__wrap\">\n<div class=\"m-generic-cta__content\">\n<h3 class=\"m-generic-cta__title\">Receba as \u00faltimas not\u00edcias esportivas de Boston<\/h3>\n<p class=\"m-generic-cta__subtitle\">Receba atualiza\u00e7\u00f5es sobre seus times favoritos de Boston, direto da nossa reda\u00e7\u00e3o para sua caixa de entrada.<\/p>\n<\/p><\/div>\n<\/p><\/div>\n<\/div><\/div>\n<p><script>\n\t\tvar consent=\"grant\";\n\t\t\/* The above code is parsing the JSON data from the local storage and storing it in a variable. *\/\n\t\t\t\t\tconst onetrustStorageConsent = JSON.parse(localStorage.getItem( 'consent_one_trust_bdc' ) );\n\t\t\tif ( ( onetrustStorageConsent !== null ) ) {\n\t\t\t\t\/* Checking to see if the user has consented to the use of cookies.\n\t\t\t\t* If they have not, it is deleting the cookie.\n\t\t\t\t* This will comment for now, until further notice.\n\t\t\t\t*\/\n\t\t\t\t\/\/if ( onetrustStorageConsent.C0002 === false ) {\n\t\t\t\t\/\/\tdocument.cookie=\"_fbp=;expires=Thu, 01 Jan 2010 00:00:00 UTC; path=\/; domain=.boston.com\";\n\t\t\t\t\/\/}\n\t\t\t\t\/* Checking if the user has given consent for the cookie C0002.\n\t\t\t\t* If the user has given consent, the variable consent will be set to 'grant'.\n\t\t\t\t* If the user has not given consent,the variable consent will be set to 'revoke'.\n\t\t\t\t* Documentation https:\/\/developers.facebook.com\/docs\/meta-pixel\/implementation\/gdpr\n\t\t\t\t*\/\n\t\t\t\tif ( onetrustStorageConsent.C0002 !== true ) {\n\t\t\t\t\tconsent=\"revoke\";\n\t\t\t\t}\n\t\t\t}\n\t\t\t\t!function(f,b,e,v,n,t,s)\n\t\t{if(f.fbq)return;n=f.fbq=function(){n.callMethod?\n\t\tn.callMethod.apply(n,arguments):n.queue.push(arguments)};\n\t\tif(!f._fbq)f._fbq=n;n.push=n;n.loaded=!0;n.version='2.0';\n\t\tn.queue=[];t=b.createElement(e);t.async=!0;\n\t\tt.src=v;s=b.getElementsByTagName(e)[0];\n\t\ts.parentNode.insertBefore(t,s)}(window, document,'script',\n\t\t'https:\/\/connect.facebook.net\/en_US\/fbevents.js');\n\t\tfbq('consent', consent);\n\t\tfbq('init', '989222871864976');\n\t\tfbq('track', 'PageView');\n\t<\/script><script type=\"module\">\n\t\tvar consent=\"grant\";\n\t\t\/* The above code is parsing the JSON data from the local storage and storing it in a variable. *\/\n\t\t\tconst onetrustStorageConsent = JSON.parse(localStorage.getItem( 'consent_one_trust_bdc' ) );\n\t\t\t\/* Checking to see if the user has consented to the use of cookies.\n\t\t\t* If they have not, it is deleting the cookie.\n\t\t\t* This will comment for now, until further notice.\n\t\t\t*\/\n\t\t\t\/\/if ( onetrustStorageConsent.C0002 === false ) {\n\t\t\t\/\/\tdocument.cookie=\"_fbp=;expires=Thu, 01 Jan 2010 00:00:00 UTC; path=\/; domain=.boston.com\";\n\t\t\t\/\/}\n\t\t\t\/* Checking if the user has given consent for the cookie C0002.\n\t\t\t* If the user has given consent, the variable consent will be set to 'grant'.\n\t\t\t* If the user has not given consent,the variable consent will be set to 'revoke'.\n\t\t\t* Documentation https:\/\/developers.facebook.com\/docs\/meta-pixel\/implementation\/gdpr\n\t\t\t*\/\n\t\t\tif ( ( onetrustStorageConsent !== null ) && (onetrustStorageConsent.C0002 !== true ) ) {\n\t\t\t\tconsent=\"revoke\";\n\t\t\t}\n\t\t\t\t!function(f,b,e,v,n,t,s){if(f.fbq)return;n=f.fbq=function()\n\t\t{n.callMethod? n.callMethod.apply(n,arguments):n.queue.push(arguments)}\n\t\t;if(!f._fbq)f._fbq=n;\n\t\tn.push=n;n.loaded=!0;n.version='2.0';n.queue=[];t=b.createElement(e);t.async=!0;\n\t\tt.src=v;s=b.getElementsByTagName(e)[0];s.parentNode.insertBefore(t,s)}(window,\n\t\tdocument,'script','https:\/\/connect.facebook.net\/en_US\/fbevents.js');\n\t\tfbq('consent', consent);\n\t\tfbq('init', '813236348753005');\n\t\tfbq('track', \"PageView\");\n\t<\/script><br \/>\n<br \/><br \/>\n<br \/><a href=\"https:\/\/www.boston.com\/sports\/sports\/2024\/12\/27\/sportscaster-greg-gumbel-dies-from-cancer-at-age-78\/\">Source link <\/a><\/p>","protected":false},"excerpt":{"rendered":"<p>Esportes \u201cEle deixa um legado de amor, inspira\u00e7\u00e3o e dedica\u00e7\u00e3o de mais de 50 anos extraordin\u00e1rios na ind\u00fastria de transmiss\u00e3o esportiva; e sua voz ic\u00f4nica nunca ser\u00e1 esquecida.\u201d Greg Gumbel&hellip;<\/p>","protected":false},"author":1,"featured_media":83701,"comment_status":"closed","ping_status":"open","sticky":false,"template":"","format":"standard","meta":{"content-type":"","footnotes":""},"categories":[1],"tags":[],"class_list":["post-83700","post","type-post","status-publish","format-standard","has-post-thumbnail","hentry","category-uncategorized"],"_links":{"self":[{"href":"https:\/\/tvbrazilusa.com\/pt\/wp-json\/wp\/v2\/posts\/83700","targetHints":{"allow":["GET"]}}],"collection":[{"href":"https:\/\/tvbrazilusa.com\/pt\/wp-json\/wp\/v2\/posts"}],"about":[{"href":"https:\/\/tvbrazilusa.com\/pt\/wp-json\/wp\/v2\/types\/post"}],"author":[{"embeddable":true,"href":"https:\/\/tvbrazilusa.com\/pt\/wp-json\/wp\/v2\/users\/1"}],"replies":[{"embeddable":true,"href":"https:\/\/tvbrazilusa.com\/pt\/wp-json\/wp\/v2\/comments?post=83700"}],"version-history":[{"count":1,"href":"https:\/\/tvbrazilusa.com\/pt\/wp-json\/wp\/v2\/posts\/83700\/revisions"}],"predecessor-version":[{"id":83702,"href":"https:\/\/tvbrazilusa.com\/pt\/wp-json\/wp\/v2\/posts\/83700\/revisions\/83702"}],"wp:featuredmedia":[{"embeddable":true,"href":"https:\/\/tvbrazilusa.com\/pt\/wp-json\/wp\/v2\/media\/83701"}],"wp:attachment":[{"href":"https:\/\/tvbrazilusa.com\/pt\/wp-json\/wp\/v2\/media?parent=83700"}],"wp:term":[{"taxonomy":"category","embeddable":true,"href":"https:\/\/tvbrazilusa.com\/pt\/wp-json\/wp\/v2\/categories?post=83700"},{"taxonomy":"post_tag","embeddable":true,"href":"https:\/\/tvbrazilusa.com\/pt\/wp-json\/wp\/v2\/tags?post=83700"}],"curies":[{"name":"wp","href":"https:\/\/api.w.org\/{rel}","templated":true}]}}