{"id":83707,"date":"2024-12-28T00:16:44","date_gmt":"2024-12-28T00:16:44","guid":{"rendered":"https:\/\/tvbrazilusa.com\/2024\/12\/28\/cristiano-ronaldo-afirma-que-vini-jr-deveria-ter-ganho-a-bola-de-ouro\/"},"modified":"2024-12-28T00:16:45","modified_gmt":"2024-12-28T00:16:45","slug":"cristiano-ronaldo-afirma-que-vini-jr-deveria-ter-ganho-a-bola-de-ouro","status":"publish","type":"post","link":"https:\/\/tvbrazilusa.com\/pt\/2024\/12\/28\/cristiano-ronaldo-afirma-que-vini-jr-deveria-ter-ganho-a-bola-de-ouro\/","title":{"rendered":"Cristiano Ronaldo afirma que Vini Jr. deveria ter ganho a Bola de Ouro"},"content":{"rendered":"<p> <script async src=\"https:\/\/pagead2.googlesyndication.com\/pagead\/js\/adsbygoogle.js?client=ca-pub-8864793242727901\"\r\n     crossorigin=\"anonymous\"><\/script><br \/>\n<\/p>\n<div id=\"taboola-read-more\" style=\"display:block; width:100%\">\n<p>Durante a premia\u00e7\u00e3o do Globe Soccer Awards na tarde desta sexta-feira (27\/12), Cristiano Ronaldo afirmou que Vin\u00edcius Jr. merecia ter vencido a Bola de Ouro. Em outubro deste ano, Rodri foi eleito o melhor jogador da temporada pela premia\u00e7\u00e3o da France Football em decis\u00e3o que gerou pol\u00eamica.\n<\/p>\n<p>Para o craque portugu\u00eas, a elei\u00e7\u00e3o da Bola de Ouro foi \u201cinjusta\u201d e Vin\u00edcius Jr. deveria ter ganho o pr\u00eamio entregue pela France Football. O brasileiro foi eleito o melhor jogador do mundo pela Fifa, al\u00e9m da premia\u00e7\u00e3o do Globe Soccer Awards nesta sexta-feira (27\/12).<\/p>\n<p>\u201cEu adoro o jeito que eles est\u00e3o fazendo a carreira deles\u2026 Bellingham, Lamine (Yamal), essa nova gera\u00e7\u00e3o. Vinicius, que est\u00e1 fazendo um trabalho fant\u00e1stico. Ele merecia a Bola de Ouro. Foi injusto. Eu falo na frente de todo mundo. Eles deram para o Rodri. Ele merece tamb\u00e9m. Vinicius ganhou a Champions League, fez gol. As outras quest\u00e3o n\u00e3o s\u00e3o importantes. Quando voc\u00ea merece, voc\u00ea tem que receber\u201d, revelou Cristiano Ronaldo.\n<\/p>\n<p>Ap\u00f3s ser eleito o melhor jogador do ano na premia\u00e7\u00e3o desta sexta-feira, Vini Jr. comentou a fala de Cristiano Ronaldo sobre a elei\u00e7\u00e3o da Bola de Ouro. O brasileiro afirmou que \u00e9 uma honra receber o pr\u00eamio em frente ao craque que \u00e9 sua refer\u00eancia no esporte.\n<\/p>\n<p>\u201cSe o Cristiano est\u00e1 falando, eu vou acabar acreditando que eu sou ou melhor. Ele \u00e9 meu \u00eddolo, junto com o Neymar. E \u00e9 uma honra para mim receber o pr\u00eamio na frente deles\u201d, afirmou Vin\u00edcius.\n<\/p>\n<p>Fonte: Metr\u00f3poles\n              <\/p>\n<\/div>\n<p><br \/>\n<br \/><a href=\"https:\/\/diariodobrasilnoticias.com.br\/noticia\/cristiano-ronaldo-afirma-que-vini-jr-deveria-ter-ganho-a-bola-de-ouro-676f1409d95a2\">Source link <\/a><\/p>","protected":false},"excerpt":{"rendered":"<p>Durante a premia\u00e7\u00e3o do Globe Soccer Awards na tarde desta sexta-feira (27\/12), Cristiano Ronaldo afirmou que Vin\u00edcius Jr. merecia ter vencido a Bola de Ouro. Em outubro deste ano, Rodri&hellip;<\/p>","protected":false},"author":1,"featured_media":83708,"comment_status":"closed","ping_status":"open","sticky":false,"template":"","format":"standard","meta":{"content-type":"","footnotes":""},"categories":[16],"tags":[123,2448,5313,1267],"class_list":["post-83707","post","type-post","status-publish","format-standard","has-post-thumbnail","hentry","category-noticias","tag-brasil","tag-diario","tag-noticia","tag-noticias"],"_links":{"self":[{"href":"https:\/\/tvbrazilusa.com\/pt\/wp-json\/wp\/v2\/posts\/83707","targetHints":{"allow":["GET"]}}],"collection":[{"href":"https:\/\/tvbrazilusa.com\/pt\/wp-json\/wp\/v2\/posts"}],"about":[{"href":"https:\/\/tvbrazilusa.com\/pt\/wp-json\/wp\/v2\/types\/post"}],"author":[{"embeddable":true,"href":"https:\/\/tvbrazilusa.com\/pt\/wp-json\/wp\/v2\/users\/1"}],"replies":[{"embeddable":true,"href":"https:\/\/tvbrazilusa.com\/pt\/wp-json\/wp\/v2\/comments?post=83707"}],"version-history":[{"count":1,"href":"https:\/\/tvbrazilusa.com\/pt\/wp-json\/wp\/v2\/posts\/83707\/revisions"}],"predecessor-version":[{"id":83709,"href":"https:\/\/tvbrazilusa.com\/pt\/wp-json\/wp\/v2\/posts\/83707\/revisions\/83709"}],"wp:featuredmedia":[{"embeddable":true,"href":"https:\/\/tvbrazilusa.com\/pt\/wp-json\/wp\/v2\/media\/83708"}],"wp:attachment":[{"href":"https:\/\/tvbrazilusa.com\/pt\/wp-json\/wp\/v2\/media?parent=83707"}],"wp:term":[{"taxonomy":"category","embeddable":true,"href":"https:\/\/tvbrazilusa.com\/pt\/wp-json\/wp\/v2\/categories?post=83707"},{"taxonomy":"post_tag","embeddable":true,"href":"https:\/\/tvbrazilusa.com\/pt\/wp-json\/wp\/v2\/tags?post=83707"}],"curies":[{"name":"wp","href":"https:\/\/api.w.org\/{rel}","templated":true}]}}