{"id":83745,"date":"2024-12-28T01:07:52","date_gmt":"2024-12-28T01:07:52","guid":{"rendered":"https:\/\/tvbrazilusa.com\/2024\/12\/28\/pesquisa-aponta-que-javier-milei-e-o-presidente-mais-popular-da-america-do-sul\/"},"modified":"2024-12-28T01:07:53","modified_gmt":"2024-12-28T01:07:53","slug":"pesquisa-aponta-que-javier-milei-e-o-presidente-mais-popular-da-america-do-sul","status":"publish","type":"post","link":"https:\/\/tvbrazilusa.com\/pt\/2024\/12\/28\/pesquisa-aponta-que-javier-milei-e-o-presidente-mais-popular-da-america-do-sul\/","title":{"rendered":"Pesquisa aponta que Javier Milei \u00e9 o presidente mais popular da Am\u00e9rica do Sul"},"content":{"rendered":"<p> <script async src=\"https:\/\/pagead2.googlesyndication.com\/pagead\/js\/adsbygoogle.js?client=ca-pub-8864793242727901\"\r\n     crossorigin=\"anonymous\"><\/script><br \/>\n<\/p>\n<div id=\"taboola-read-more\" style=\"display:block; width:100%\">\n<p>Uma pesquisa publicada pelo instituto de pesquisa CB Consultora Opini\u00f3n P\u00fablica apontou o presidente da Argentina, Javier Milei, como o chefe de Estado mais popular na Am\u00e9rica do Sul.\n<\/p>\n<p>A pesquisa, realizada em todos os pa\u00edses na regi\u00e3o, mostra que Milei vai encerrar 2024 com um \u00edndice de aprova\u00e7\u00e3o de 51,8%. Assim, se tornar\u00e1 o presidente mais bem avaliado da regi\u00e3o e o \u00fanico com um \u00edndice de aprova\u00e7\u00e3o acima de 50%.<\/p>\n<p>O presidente de centro-direita do Uruguai, Luis Lacalle Pou, ficou em segundo lugar, com 49,8%, e o conservador paraguaio Santiago Pe\u00f1a ficou em terceiro, com 46,7%.\n<\/p>\n<p>No m\u00eas passado, Milei ocupava a segunda posi\u00e7\u00e3o do ranking, contra os 51,5% de aprova\u00e7\u00e3o de Lacalle Pou. Durante os resultados da pesquisa mensal de setembro, Milei ocupava a sexta posi\u00e7\u00e3o.\n<\/p>\n<p>Popularidade de Milei aumentou em dezembro<br \/>O \u00edndice de popularidade de Milei aumentou em dezembro, em rela\u00e7\u00e3o a novembro, quando a CB Consultora Opini\u00f3n P\u00fablica apontava uma popularidade de 50,2% do mandat\u00e1rio.\n<\/p>\n<p>Milei, que tomou posse em dezembro de 2023, implementou uma pol\u00edtica de duros cortes dos gastos p\u00fablicos, denominada \u201cterapia de choque\u201d, que reduziu a inchada m\u00e1quina p\u00fablica da Argentina.\n<\/p>\n<p>Al\u00e9m disso, Milei levou adiante uma s\u00e9rie de reformas abrangentes, liberalizando a economia argentina, para evitar o colapso econ\u00f4mico e uma espiral de hiperinfla\u00e7\u00e3o.\n<\/p>\n<p>As pol\u00edticas tiveram sucesso e reduziram a infla\u00e7\u00e3o de 25,5%, em janeiro, para 2,4%, em novembro.\n<\/p>\n<p>Presidentes de esquerda mal avaliados<br \/>A pesquisa da CB Consultora Opini\u00f3n P\u00fablica descobriu que todos os presidentes de esquerda da Am\u00e9rica do Sul foram os mais mal avaliados, ao lado do ditador socialista da Venezuela, Nicol\u00e1s Maduro.\n<\/p>\n<p>O presidente brasileiro, Luiz In\u00e1cio Lula da Silva, ficou em quinto lugar, com 53,1% dos entrevistados expressando uma opini\u00e3o desfavor\u00e1vel ao petista, contra 44,3% que responderam favoravelmente.\n<\/p>\n<p>O presidente de extrema esquerda do Chile, Gabriel Boric, ficou em sexto lugar, com um \u00edndice de aprova\u00e7\u00e3o de 40,2%.\n<\/p>\n<p>Na Col\u00f4mbia, Gustavo Petro, um ex-membro da guerrilha marxista M19 e o primeiro presidente esquerdista do pa\u00eds, ficou em s\u00e9timo lugar. Somente 39,9% dos entrevistados expressaram uma opini\u00e3o favor\u00e1vel a Petro, contra 56,6% que expressaram uma opini\u00e3o desfavor\u00e1vel.\n<\/p>\n<p>Os tr\u00eas presidentes mais mal avaliados da Am\u00e9rica do Sul, de acordo com os resultados da pesquisa, s\u00e3o o presidente socialista da Bol\u00edvia, Luis Arce, o ditador socialista venezuelano Nicol\u00e1s Maduro e a presidente peruana Dina Boluarte, tamb\u00e9m de esquerda.\n<\/p>\n<p>Maduro, que fraudou as elei\u00e7\u00f5es presidenciais em julho e desencadeou uma campanha de persegui\u00e7\u00e3o brutal contra opositores, fechou 2024 com uma taxa de desaprova\u00e7\u00e3o de 67,4%.\n<\/p>\n<p>Fonte: Revista Oeste              <\/p>\n<\/div>\n<p><br \/>\n<br \/><a href=\"https:\/\/diariodobrasilnoticias.com.br\/noticia\/pesquisa-aponta-que-javier-milei-e-o-presidente-mais-popular-da-america-do-sul-676f2d7e7d151\">Source link <\/a><\/p>","protected":false},"excerpt":{"rendered":"<p>Uma pesquisa publicada pelo instituto de pesquisa CB Consultora Opini\u00f3n P\u00fablica apontou o presidente da Argentina, Javier Milei, como o chefe de Estado mais popular na Am\u00e9rica do Sul. A&hellip;<\/p>","protected":false},"author":1,"featured_media":83746,"comment_status":"closed","ping_status":"open","sticky":false,"template":"","format":"standard","meta":{"content-type":"","footnotes":""},"categories":[16],"tags":[123,2448,5313,1267],"class_list":["post-83745","post","type-post","status-publish","format-standard","has-post-thumbnail","hentry","category-noticias","tag-brasil","tag-diario","tag-noticia","tag-noticias"],"_links":{"self":[{"href":"https:\/\/tvbrazilusa.com\/pt\/wp-json\/wp\/v2\/posts\/83745","targetHints":{"allow":["GET"]}}],"collection":[{"href":"https:\/\/tvbrazilusa.com\/pt\/wp-json\/wp\/v2\/posts"}],"about":[{"href":"https:\/\/tvbrazilusa.com\/pt\/wp-json\/wp\/v2\/types\/post"}],"author":[{"embeddable":true,"href":"https:\/\/tvbrazilusa.com\/pt\/wp-json\/wp\/v2\/users\/1"}],"replies":[{"embeddable":true,"href":"https:\/\/tvbrazilusa.com\/pt\/wp-json\/wp\/v2\/comments?post=83745"}],"version-history":[{"count":1,"href":"https:\/\/tvbrazilusa.com\/pt\/wp-json\/wp\/v2\/posts\/83745\/revisions"}],"predecessor-version":[{"id":83747,"href":"https:\/\/tvbrazilusa.com\/pt\/wp-json\/wp\/v2\/posts\/83745\/revisions\/83747"}],"wp:featuredmedia":[{"embeddable":true,"href":"https:\/\/tvbrazilusa.com\/pt\/wp-json\/wp\/v2\/media\/83746"}],"wp:attachment":[{"href":"https:\/\/tvbrazilusa.com\/pt\/wp-json\/wp\/v2\/media?parent=83745"}],"wp:term":[{"taxonomy":"category","embeddable":true,"href":"https:\/\/tvbrazilusa.com\/pt\/wp-json\/wp\/v2\/categories?post=83745"},{"taxonomy":"post_tag","embeddable":true,"href":"https:\/\/tvbrazilusa.com\/pt\/wp-json\/wp\/v2\/tags?post=83745"}],"curies":[{"name":"wp","href":"https:\/\/api.w.org\/{rel}","templated":true}]}}