{"id":83763,"date":"2024-12-28T02:16:01","date_gmt":"2024-12-28T02:16:01","guid":{"rendered":"https:\/\/tvbrazilusa.com\/2024\/12\/28\/apos-decisao-defesa-de-silveira-ironiza-moraes-e-ensina-portugues\/"},"modified":"2024-12-28T02:16:02","modified_gmt":"2024-12-28T02:16:02","slug":"apos-decisao-defesa-de-silveira-ironiza-moraes-e-ensina-portugues","status":"publish","type":"post","link":"https:\/\/tvbrazilusa.com\/pt\/2024\/12\/28\/apos-decisao-defesa-de-silveira-ironiza-moraes-e-ensina-portugues\/","title":{"rendered":"Ap\u00f3s decis\u00e3o, defesa de Silveira ironiza Moraes e &#8216;ensina&#8217; portugu\u00eas"},"content":{"rendered":"<p> <script async src=\"https:\/\/pagead2.googlesyndication.com\/pagead\/js\/adsbygoogle.js?client=ca-pub-8864793242727901\"\r\n     crossorigin=\"anonymous\"><\/script><br \/>\n<\/p>\n<div id=\"taboola-read-more\" style=\"display:block; width:100%\">\n<p>A defesa do ex-deputado Daniel Silveira ironizou decis\u00e3o do ministro Alexandre de Moraes, do Supremo Tribunal Federal (STF), e listou uma s\u00e9rie de supostos erros e mau uso da l\u00edngua portuguesa pelo gabinete do magistrado.\n<\/p>\n<p>\u201cFaltou bom senso, sobrou m\u00e1-f\u00e9\u201d, comentaram os advogados em peti\u00e7\u00e3o protocolada nesta sexta-feira (27\/12) sobre a interpreta\u00e7\u00e3o dada por Moraes quanto \u00e0s veda\u00e7\u00f5es da liberdade condicional.<\/p>\n<p>Os advogados afirmam ainda que n\u00e3o houve viola\u00e7\u00f5es no toque de recolher no dia 22 de dezembro, quando Silveira teria ido a um shopping. A defesa de Silveira interpretou trecho da decis\u00e3o que a obriga\u00e7\u00e3o de se recolher das 22h \u00e0s 6h tamb\u00e9m se estendia aos s\u00e1bados, domingos e feriados.\n<\/p>\n<p>Em determinado trecho da peti\u00e7\u00e3o, a defesa de Silveira escreve que caso haja insufici\u00eancia de conhecimento sobre as regras b\u00e1sicas da l\u00edngua portuguesa, \u201ccom a devida v\u00eania, uma reciclagem \u00e9 necess\u00e1ria\u201d.\n<\/p>\n<p>\u201cCom isso, e sem maiores delongas, est\u00e1 provado que N\u00c3O HOUVE NENHUMA VIOLA\u00c7\u00c3O, se o pr\u00f3prio relat\u00f3rio da SEAP n\u00e3o indicou o que o relator regurgitou aos quatro ventos, acusado o Requerente de inexistente viola\u00e7\u00e3o\u201d, escreveu a defesa.\n<\/p>\n<p>Os advogados ainda requerem tamb\u00e9m que Moraes pe\u00e7a desculpas p\u00fablicas a Silveira e a sua fam\u00edlia. Na peti\u00e7\u00e3o, eles ainda defendem que a Secretaria de Administra\u00e7\u00e3o Penitenci\u00e1ria (Seap) do Rio de Janeiro n\u00e3o indicou viola\u00e7\u00f5es em 22 de dezembro, quando Silveira esteve no shopping.\n<\/p>\n<p>Moraes pede explica\u00e7\u00f5es<br \/>Nessa quinta-feira (26\/12), o ministro Alexandre de Moraes determinou que a defesa de Daniel Silveira explicasse descumprimentos das condi\u00e7\u00f5es impostas para a liberdade condicional do ex-deputado. Em uma delas, ocorrida em 22 de dezembro, Silveira teria ido a um shopping em Petr\u00f3polis (RJ), onde permaneceu por mais de uma hora.\n<\/p>\n<p>Foi em raz\u00e3o de um descumprimento \u00e0s regras da liberdade condicional que Moraes determinou que Silveira voltasse a cumprir a pena em regime fechado. O ex-deputado federal voltou a ser preso na \u00faltima ter\u00e7a-feira (24\/12), v\u00e9spera de Natal.\n<\/p>\n<p>O ex-parlamentar, que foi detido inicialmente em fevereiro de 2023, havia sido beneficiado pelo ministro Alexandre de Moraes na \u00faltima sexta-feira (20\/12), com liberdade condicional.\n<\/p>\n<p>Nesta quinta-feira (26\/12), a Secretaria de Estado de Administra\u00e7\u00e3o Penitenci\u00e1ria do Estado do Rio de Janeiro (Seap-RJ) encaminhou ao STF relat\u00f3rio de geolocaliza\u00e7\u00e3o de Daniel Silveira. No documento, o \u00f3rg\u00e3o informa v\u00e1rios descumprimentos das condi\u00e7\u00f5es impostas para a liberdade condicional do ex-parlamentar.\n<\/p>\n<p>Fonte: Metr\u00f3poles              <\/p>\n<\/div>\n<p><br \/>\n<br \/><a href=\"https:\/\/diariodobrasilnoticias.com.br\/noticia\/apos-decisao-defesa-de-silveira-ironiza-moraes-e-ensina-portugues-676f14ea4ce78\">Source link <\/a><\/p>","protected":false},"excerpt":{"rendered":"<p>A defesa do ex-deputado Daniel Silveira ironizou decis\u00e3o do ministro Alexandre de Moraes, do Supremo Tribunal Federal (STF), e listou uma s\u00e9rie de supostos erros e mau uso da l\u00edngua&hellip;<\/p>","protected":false},"author":1,"featured_media":83764,"comment_status":"closed","ping_status":"open","sticky":false,"template":"","format":"standard","meta":{"content-type":"","footnotes":""},"categories":[16],"tags":[123,2448,5313,1267],"class_list":["post-83763","post","type-post","status-publish","format-standard","has-post-thumbnail","hentry","category-noticias","tag-brasil","tag-diario","tag-noticia","tag-noticias"],"_links":{"self":[{"href":"https:\/\/tvbrazilusa.com\/pt\/wp-json\/wp\/v2\/posts\/83763","targetHints":{"allow":["GET"]}}],"collection":[{"href":"https:\/\/tvbrazilusa.com\/pt\/wp-json\/wp\/v2\/posts"}],"about":[{"href":"https:\/\/tvbrazilusa.com\/pt\/wp-json\/wp\/v2\/types\/post"}],"author":[{"embeddable":true,"href":"https:\/\/tvbrazilusa.com\/pt\/wp-json\/wp\/v2\/users\/1"}],"replies":[{"embeddable":true,"href":"https:\/\/tvbrazilusa.com\/pt\/wp-json\/wp\/v2\/comments?post=83763"}],"version-history":[{"count":1,"href":"https:\/\/tvbrazilusa.com\/pt\/wp-json\/wp\/v2\/posts\/83763\/revisions"}],"predecessor-version":[{"id":83765,"href":"https:\/\/tvbrazilusa.com\/pt\/wp-json\/wp\/v2\/posts\/83763\/revisions\/83765"}],"wp:featuredmedia":[{"embeddable":true,"href":"https:\/\/tvbrazilusa.com\/pt\/wp-json\/wp\/v2\/media\/83764"}],"wp:attachment":[{"href":"https:\/\/tvbrazilusa.com\/pt\/wp-json\/wp\/v2\/media?parent=83763"}],"wp:term":[{"taxonomy":"category","embeddable":true,"href":"https:\/\/tvbrazilusa.com\/pt\/wp-json\/wp\/v2\/categories?post=83763"},{"taxonomy":"post_tag","embeddable":true,"href":"https:\/\/tvbrazilusa.com\/pt\/wp-json\/wp\/v2\/tags?post=83763"}],"curies":[{"name":"wp","href":"https:\/\/api.w.org\/{rel}","templated":true}]}}