{"id":83774,"date":"2024-12-28T02:47:53","date_gmt":"2024-12-28T02:47:53","guid":{"rendered":"https:\/\/tvbrazilusa.com\/2024\/12\/28\/mais-de-30-mil-detentos-deixam-a-prisao-na-saidinha-de-fim-de-ano\/"},"modified":"2024-12-28T02:47:54","modified_gmt":"2024-12-28T02:47:54","slug":"mais-de-30-mil-detentos-deixam-a-prisao-na-saidinha-de-fim-de-ano","status":"publish","type":"post","link":"https:\/\/tvbrazilusa.com\/pt\/2024\/12\/28\/mais-de-30-mil-detentos-deixam-a-prisao-na-saidinha-de-fim-de-ano\/","title":{"rendered":"Mais de 30 mil detentos deixam a pris\u00e3o na &#8216;saidinha&#8217; de fim de ano"},"content":{"rendered":"<p> <script async src=\"https:\/\/pagead2.googlesyndication.com\/pagead\/js\/adsbygoogle.js?client=ca-pub-8864793242727901\"\r\n     crossorigin=\"anonymous\"><\/script><br \/>\n<\/p>\n<div id=\"taboola-read-more\" style=\"display:block; width:100%\">\n<p>A Secretaria da Administra\u00e7\u00e3o Penitenci\u00e1ria de S\u00e3o Paulo autorizou a sa\u00edda tempor\u00e1ria de mais de 30 mil presos durante as festas de fim de ano. O benef\u00edcio da \u201csaidinha\u201d come\u00e7ou em 23 de dezembro, com t\u00e9rmino previsto para 3 de janeiro.\n<\/p>\n<p>Entre os detentos liberados est\u00e1 Lindemberg Alves, que cumpre pena de 39 anos pelo assassinato da ex-namorada Elo\u00e1 \u2014 na \u00e9poca, ela tinha 15 anos. Al\u00e9m dele, est\u00e1 Cristian Cravinhos, condenado a 38 anos pelo duplo homic\u00eddio dos pais de Suzane von Richthofen, Mar\u00edsia e Manfred.<\/p>\n<p>As condi\u00e7\u00f5es para a \u201csaidinha\u201d<br \/>O Poder Judici\u00e1rio concede o benef\u00edcio da sa\u00edda tempor\u00e1ria para detentos em regime semiaberto. A secretaria alerta que aqueles que n\u00e3o retornarem no prazo ser\u00e3o considerados foragidos. Dessa forma, perdem o benef\u00edcio e voltam ao regime fechado.\n<\/p>\n<p>Recentemente, o Conselho Nacional de Justi\u00e7a (CNJ) declarou ilegal uma portaria do Tribunal de Justi\u00e7a de S\u00e3o Paulo. O texto autorizava a pris\u00e3o de detentos que n\u00e3o cumprissem as regras durante a \u201csaidinha\u201d.\n<\/p>\n<p>De acordo com o CNJ, a pol\u00edcia s\u00f3 pode prender um detento em flagrante delito. Em outros casos de descumprimento, o criminoso deve ser liberado depois do registro de um boletim de ocorr\u00eancia.\n<\/p>\n<p>No fim do ano passado, 52 mil presos deixaram os pres\u00eddios em todo o Brasil durante as sa\u00eddas tempor\u00e1rias.\n<\/p>\n<p>No Estado de S\u00e3o Paulo, o Poder Judici\u00e1rio concedeu o benef\u00edcio a 34,5 mil detentos no per\u00edodo de 22 de dezembro de 2023 a 3 de janeiro de 2024. Desses, um total de 2,6 mil n\u00e3o retornou \u00e0 pris\u00e3o.\n<\/p>\n<p>Durante a sa\u00edda tempor\u00e1ria, o preso deve fornecer \u00e0 Justi\u00e7a um endere\u00e7o onde passar\u00e1 o per\u00edodo fora do sistema prisional. Ele deve permanecer nesse local durante o per\u00edodo noturno.\n<\/p>\n<p>Al\u00e9m disso, n\u00e3o pode frequentar bares, boates, ser flagrado alcoolizado ou se envolver em qualquer delito. A desobedi\u00eancia de qualquer uma dessas regras resulta na suspens\u00e3o do benef\u00edcio e no retorno imediato ao pres\u00eddio.\n<\/p>\n<p>Fonte: Revista Oeste              <\/p>\n<\/div>\n<p><br \/>\n<br \/><a href=\"https:\/\/diariodobrasilnoticias.com.br\/noticia\/mais-de-30-mil-detentos-deixam-a-prisao-na-saidinha-de-fim-de-ano-676f29a3737ca\">Source link <\/a><\/p>","protected":false},"excerpt":{"rendered":"<p>A Secretaria da Administra\u00e7\u00e3o Penitenci\u00e1ria de S\u00e3o Paulo autorizou a sa\u00edda tempor\u00e1ria de mais de 30 mil presos durante as festas de fim de ano. O benef\u00edcio da \u201csaidinha\u201d come\u00e7ou&hellip;<\/p>","protected":false},"author":1,"featured_media":83775,"comment_status":"closed","ping_status":"open","sticky":false,"template":"","format":"standard","meta":{"content-type":"","footnotes":""},"categories":[16],"tags":[123,2448,5313,1267],"class_list":["post-83774","post","type-post","status-publish","format-standard","has-post-thumbnail","hentry","category-noticias","tag-brasil","tag-diario","tag-noticia","tag-noticias"],"_links":{"self":[{"href":"https:\/\/tvbrazilusa.com\/pt\/wp-json\/wp\/v2\/posts\/83774","targetHints":{"allow":["GET"]}}],"collection":[{"href":"https:\/\/tvbrazilusa.com\/pt\/wp-json\/wp\/v2\/posts"}],"about":[{"href":"https:\/\/tvbrazilusa.com\/pt\/wp-json\/wp\/v2\/types\/post"}],"author":[{"embeddable":true,"href":"https:\/\/tvbrazilusa.com\/pt\/wp-json\/wp\/v2\/users\/1"}],"replies":[{"embeddable":true,"href":"https:\/\/tvbrazilusa.com\/pt\/wp-json\/wp\/v2\/comments?post=83774"}],"version-history":[{"count":1,"href":"https:\/\/tvbrazilusa.com\/pt\/wp-json\/wp\/v2\/posts\/83774\/revisions"}],"predecessor-version":[{"id":83776,"href":"https:\/\/tvbrazilusa.com\/pt\/wp-json\/wp\/v2\/posts\/83774\/revisions\/83776"}],"wp:featuredmedia":[{"embeddable":true,"href":"https:\/\/tvbrazilusa.com\/pt\/wp-json\/wp\/v2\/media\/83775"}],"wp:attachment":[{"href":"https:\/\/tvbrazilusa.com\/pt\/wp-json\/wp\/v2\/media?parent=83774"}],"wp:term":[{"taxonomy":"category","embeddable":true,"href":"https:\/\/tvbrazilusa.com\/pt\/wp-json\/wp\/v2\/categories?post=83774"},{"taxonomy":"post_tag","embeddable":true,"href":"https:\/\/tvbrazilusa.com\/pt\/wp-json\/wp\/v2\/tags?post=83774"}],"curies":[{"name":"wp","href":"https:\/\/api.w.org\/{rel}","templated":true}]}}