{"id":83780,"date":"2024-12-28T02:40:00","date_gmt":"2024-12-28T02:40:00","guid":{"rendered":"https:\/\/tvbrazilusa.com\/2024\/12\/28\/ccso-lamenta-perda-de-oficial\/"},"modified":"2024-12-28T02:58:17","modified_gmt":"2024-12-28T02:58:17","slug":"ccso-lamenta-perda-de-oficial","status":"publish","type":"post","link":"https:\/\/tvbrazilusa.com\/pt\/2024\/12\/28\/ccso-lamenta-perda-de-oficial\/","title":{"rendered":"CCSO lamenta perda de oficial"},"content":{"rendered":"<script async src=\"https:\/\/pagead2.googlesyndication.com\/pagead\/js\/adsbygoogle.js?client=ca-pub-8864793242727901\"\r\n     crossorigin=\"anonymous\"><\/script>\n<p>JONESBORO \u2013 O Gabinete do Xerife do Condado de Clayton est\u00e1 de luto pela perda de um de seus membros, j\u00e1 que o Oficial de Prote\u00e7\u00e3o Executivo John Ellison, 38, morreu na noite de s\u00e1bado, 21 de dezembro.<br \/>\n<br \/><br \/>\n<br \/><a href=\"https:\/\/www.henryherald.com\/news\/ccso-mourns-loss-of-officer\/article_2ac6f11a-c4c5-11ef-90ea-5733be590165.html\">Source link <\/a><\/p>","protected":false},"excerpt":{"rendered":"<p>JONESBORO \u2013 O Gabinete do Xerife do Condado de Clayton est\u00e1 de luto pela perda de um de seus membros, j\u00e1 que o Oficial de Prote\u00e7\u00e3o Executivo John Ellison, 38,&hellip;<\/p>","protected":false},"author":1,"featured_media":83781,"comment_status":"closed","ping_status":"open","sticky":false,"template":"","format":"standard","meta":{"content-type":"","footnotes":""},"categories":[1],"tags":[],"class_list":["post-83780","post","type-post","status-publish","format-standard","has-post-thumbnail","hentry","category-uncategorized"],"_links":{"self":[{"href":"https:\/\/tvbrazilusa.com\/pt\/wp-json\/wp\/v2\/posts\/83780","targetHints":{"allow":["GET"]}}],"collection":[{"href":"https:\/\/tvbrazilusa.com\/pt\/wp-json\/wp\/v2\/posts"}],"about":[{"href":"https:\/\/tvbrazilusa.com\/pt\/wp-json\/wp\/v2\/types\/post"}],"author":[{"embeddable":true,"href":"https:\/\/tvbrazilusa.com\/pt\/wp-json\/wp\/v2\/users\/1"}],"replies":[{"embeddable":true,"href":"https:\/\/tvbrazilusa.com\/pt\/wp-json\/wp\/v2\/comments?post=83780"}],"version-history":[{"count":1,"href":"https:\/\/tvbrazilusa.com\/pt\/wp-json\/wp\/v2\/posts\/83780\/revisions"}],"predecessor-version":[{"id":83782,"href":"https:\/\/tvbrazilusa.com\/pt\/wp-json\/wp\/v2\/posts\/83780\/revisions\/83782"}],"wp:featuredmedia":[{"embeddable":true,"href":"https:\/\/tvbrazilusa.com\/pt\/wp-json\/wp\/v2\/media\/83781"}],"wp:attachment":[{"href":"https:\/\/tvbrazilusa.com\/pt\/wp-json\/wp\/v2\/media?parent=83780"}],"wp:term":[{"taxonomy":"category","embeddable":true,"href":"https:\/\/tvbrazilusa.com\/pt\/wp-json\/wp\/v2\/categories?post=83780"},{"taxonomy":"post_tag","embeddable":true,"href":"https:\/\/tvbrazilusa.com\/pt\/wp-json\/wp\/v2\/tags?post=83780"}],"curies":[{"name":"wp","href":"https:\/\/api.w.org\/{rel}","templated":true}]}}