{"id":83783,"date":"2024-12-28T03:00:25","date_gmt":"2024-12-28T03:00:25","guid":{"rendered":"https:\/\/tvbrazilusa.com\/2024\/12\/28\/documentos-confirmam-a-urgencia-do-atendimento-medico-a-silveira\/"},"modified":"2024-12-28T03:00:26","modified_gmt":"2024-12-28T03:00:26","slug":"documentos-confirmam-a-urgencia-do-atendimento-medico-a-silveira","status":"publish","type":"post","link":"https:\/\/tvbrazilusa.com\/pt\/2024\/12\/28\/documentos-confirmam-a-urgencia-do-atendimento-medico-a-silveira\/","title":{"rendered":"Documentos confirmam a urg\u00eancia do atendimento m\u00e9dico a Silveira"},"content":{"rendered":"<p> <script async src=\"https:\/\/pagead2.googlesyndication.com\/pagead\/js\/adsbygoogle.js?client=ca-pub-8864793242727901\"\r\n     crossorigin=\"anonymous\"><\/script><br \/>\n<\/p>\n<div id=\"taboola-read-more\" style=\"display:block; width:100%\">\n<p>A Secretaria de Administra\u00e7\u00e3o Penitenci\u00e1ria do Estado do Rio de Janeiro (Seap-RJ) confirmou que Daniel Silveira precisou de atendimento m\u00e9dico na unidade de sa\u00fade de Bangu 8, onde est\u00e1 preso em virtude de suposto descumprimento de cautelar.\n<\/p>\n<p>\u201cSenhor diretor, encaminho o interno abaixo relacionado devidamente escoltado para atendimento neste hospital, em car\u00e1ter de urg\u00eancia\u201d, alertou Cristiano Afra de Carvalho, inspetor de Pol\u00edcia Penal, em um of\u00edcio obtido pela coluna, com data do Natal.<\/p>\n<p>H\u00e1 dois dias, Oeste revelou que Silveira urinou sangue no c\u00e1rcere, sendo necess\u00e1ria uma avalia\u00e7\u00e3o especializada. Desde agosto, o ex-deputado se queixa de dores lombares, em virtude de problemas renais. A mais recente crise o levou ao Hospital Santa Teresa, em Petr\u00f3polis. Por n\u00e3o ter avisado ao ministro Alexandre de Moraes, do Supremo Tribunal Federal (STF), e excedido o hor\u00e1rio permitido para voltar para casa (at\u00e9 as 22 horas), Silveira voltou a ser preso.\n<\/p>\n<p>A Moraes, a Seap-RJ enviou os laudos \u201creferentes \u00e0 emerg\u00eancia m\u00e9dica\u201d de Silveira.\n<\/p>\n<p><strong>Moraes levanta d\u00favidas sobre car\u00e1ter emergencial de atendimentos m\u00e9dicos a Daniel Silveira<\/strong>\n<\/p>\n<p>Quando revogou a liberdade condicional de Silveira, Moraes levantou d\u00favidas sobre o car\u00e1ter emergencial da crise renal e at\u00e9 mesmo se o ex-deputado dirigiu-se ao pronto-socorro. Dessa forma, o juiz do STF determinou a oitiva, pela Pol\u00edcia Federal, de plantonistas que teriam atendido Silveira.\n<\/p>\n<p>A reportagem publicou relat\u00f3rios que comprovam a ida do ex-deputado ao Hospital Santa Teresa, em Petr\u00f3polis (RJ).\n<\/p>\n<p>Fonte: Revista Oeste              <\/p>\n<\/div>\n<p><br \/>\n<br \/><a href=\"https:\/\/diariodobrasilnoticias.com.br\/noticia\/documentos-confirmam-a-urgencia-do-atendimento-medico-a-silveira-676f13861d47b\">Source link <\/a><\/p>","protected":false},"excerpt":{"rendered":"<p>A Secretaria de Administra\u00e7\u00e3o Penitenci\u00e1ria do Estado do Rio de Janeiro (Seap-RJ) confirmou que Daniel Silveira precisou de atendimento m\u00e9dico na unidade de sa\u00fade de Bangu 8, onde est\u00e1 preso&hellip;<\/p>","protected":false},"author":1,"featured_media":83784,"comment_status":"closed","ping_status":"open","sticky":false,"template":"","format":"standard","meta":{"content-type":"","footnotes":""},"categories":[16],"tags":[123,2448,5313,1267],"class_list":["post-83783","post","type-post","status-publish","format-standard","has-post-thumbnail","hentry","category-noticias","tag-brasil","tag-diario","tag-noticia","tag-noticias"],"_links":{"self":[{"href":"https:\/\/tvbrazilusa.com\/pt\/wp-json\/wp\/v2\/posts\/83783","targetHints":{"allow":["GET"]}}],"collection":[{"href":"https:\/\/tvbrazilusa.com\/pt\/wp-json\/wp\/v2\/posts"}],"about":[{"href":"https:\/\/tvbrazilusa.com\/pt\/wp-json\/wp\/v2\/types\/post"}],"author":[{"embeddable":true,"href":"https:\/\/tvbrazilusa.com\/pt\/wp-json\/wp\/v2\/users\/1"}],"replies":[{"embeddable":true,"href":"https:\/\/tvbrazilusa.com\/pt\/wp-json\/wp\/v2\/comments?post=83783"}],"version-history":[{"count":1,"href":"https:\/\/tvbrazilusa.com\/pt\/wp-json\/wp\/v2\/posts\/83783\/revisions"}],"predecessor-version":[{"id":83785,"href":"https:\/\/tvbrazilusa.com\/pt\/wp-json\/wp\/v2\/posts\/83783\/revisions\/83785"}],"wp:featuredmedia":[{"embeddable":true,"href":"https:\/\/tvbrazilusa.com\/pt\/wp-json\/wp\/v2\/media\/83784"}],"wp:attachment":[{"href":"https:\/\/tvbrazilusa.com\/pt\/wp-json\/wp\/v2\/media?parent=83783"}],"wp:term":[{"taxonomy":"category","embeddable":true,"href":"https:\/\/tvbrazilusa.com\/pt\/wp-json\/wp\/v2\/categories?post=83783"},{"taxonomy":"post_tag","embeddable":true,"href":"https:\/\/tvbrazilusa.com\/pt\/wp-json\/wp\/v2\/tags?post=83783"}],"curies":[{"name":"wp","href":"https:\/\/api.w.org\/{rel}","templated":true}]}}