{"id":83806,"date":"2024-12-28T04:22:32","date_gmt":"2024-12-28T04:22:32","guid":{"rendered":"https:\/\/tvbrazilusa.com\/2024\/12\/28\/aviao-da-united-airlines-colide-com-caminhao-de-catering-no-mia-wsvn-7news-noticias-de-miami-clima-esportes-fort-lauderdale\/"},"modified":"2024-12-28T04:28:03","modified_gmt":"2024-12-28T04:28:03","slug":"aviao-da-united-airlines-colide-com-caminhao-de-catering-no-mia-wsvn-7news-noticias-de-miami-clima-esportes-fort-lauderdale","status":"publish","type":"post","link":"https:\/\/tvbrazilusa.com\/pt\/2024\/12\/28\/aviao-da-united-airlines-colide-com-caminhao-de-catering-no-mia-wsvn-7news-noticias-de-miami-clima-esportes-fort-lauderdale\/","title":{"rendered":"Avi\u00e3o da United Airlines colide com caminh\u00e3o de catering no MIA &#8211; WSVN 7News | Not\u00edcias de Miami, clima, esportes | Fort Lauderdale"},"content":{"rendered":"<p> <script async src=\"https:\/\/pagead2.googlesyndication.com\/pagead\/js\/adsbygoogle.js?client=ca-pub-8864793242727901\"\r\n     crossorigin=\"anonymous\"><\/script><br \/>\n<\/p>\n<div itemprop=\"articleBody\">\n<p>AEROPORTO INTERNACIONAL DE MIAMI, FLA. (WSVN) &#8211; A asa de um avi\u00e3o colidiu com um food truck no Aeroporto Internacional de Miami.<\/p>\n<p>O jato da United Airlines estava sendo rebocado at\u00e9 um port\u00e3o quando uma asa atingiu o caminh\u00e3o de catering, na manh\u00e3 de quinta-feira.<\/p>\n<p>A colis\u00e3o fez com que o caminh\u00e3o de catering tombasse de lado.<\/p>\n<p>A United Airlines divulgou a seguinte declara\u00e7\u00e3o:<\/p>\n<blockquote class=\"wp-block-quote is-layout-flow wp-block-quote-is-layout-flow\">\n<p>Na manh\u00e3 de quinta-feira, uma aeronave da United fez contato com um ve\u00edculo de um fornecedor de catering enquanto era rebocada at\u00e9 um port\u00e3o do Aeroporto Internacional de Miami. A aeronave n\u00e3o transportava passageiros e est\u00e1 passando por uma inspe\u00e7\u00e3o minuciosa por nossa equipe de manuten\u00e7\u00e3o.<\/p>\n<\/blockquote>\n<p>Na noite de sexta-feira, ainda n\u00e3o estava claro se algu\u00e9m estava ou n\u00e3o no caminh\u00e3o no momento.<\/p>\n<p><em>Copyright 2024 Sunbeam Television Corp. Todos os direitos reservados. Este material n\u00e3o pode ser publicado, transmitido, reescrito ou redistribu\u00eddo.<\/em><\/p>\n<div class=\"wp-block-newsletter\">\n\t<strong class=\"wp-block-newsletter__title\">Cadastre-se em nosso boletim informativo para receber as \u00faltimas not\u00edcias diretamente em sua caixa de entrada<\/strong><\/p>\n<\/div><\/div>\n<p><br \/>\n<br \/><a href=\"https:\/\/wsvn.com\/news\/local\/miami-dade\/united-airlines-plane-collides-with-catering-truck-at-mia\/\">Source link <\/a><\/p>","protected":false},"excerpt":{"rendered":"<p>AEROPORTO INTERNACIONAL DE MIAMI, FLA. (WSVN) &#8211; A asa de um avi\u00e3o colidiu com um food truck no Aeroporto Internacional de Miami. O jato da United Airlines estava sendo rebocado&hellip;<\/p>","protected":false},"author":1,"featured_media":83807,"comment_status":"closed","ping_status":"open","sticky":false,"template":"","format":"standard","meta":{"content-type":"","footnotes":""},"categories":[1],"tags":[],"class_list":["post-83806","post","type-post","status-publish","format-standard","has-post-thumbnail","hentry","category-uncategorized"],"_links":{"self":[{"href":"https:\/\/tvbrazilusa.com\/pt\/wp-json\/wp\/v2\/posts\/83806","targetHints":{"allow":["GET"]}}],"collection":[{"href":"https:\/\/tvbrazilusa.com\/pt\/wp-json\/wp\/v2\/posts"}],"about":[{"href":"https:\/\/tvbrazilusa.com\/pt\/wp-json\/wp\/v2\/types\/post"}],"author":[{"embeddable":true,"href":"https:\/\/tvbrazilusa.com\/pt\/wp-json\/wp\/v2\/users\/1"}],"replies":[{"embeddable":true,"href":"https:\/\/tvbrazilusa.com\/pt\/wp-json\/wp\/v2\/comments?post=83806"}],"version-history":[{"count":1,"href":"https:\/\/tvbrazilusa.com\/pt\/wp-json\/wp\/v2\/posts\/83806\/revisions"}],"predecessor-version":[{"id":83808,"href":"https:\/\/tvbrazilusa.com\/pt\/wp-json\/wp\/v2\/posts\/83806\/revisions\/83808"}],"wp:featuredmedia":[{"embeddable":true,"href":"https:\/\/tvbrazilusa.com\/pt\/wp-json\/wp\/v2\/media\/83807"}],"wp:attachment":[{"href":"https:\/\/tvbrazilusa.com\/pt\/wp-json\/wp\/v2\/media?parent=83806"}],"wp:term":[{"taxonomy":"category","embeddable":true,"href":"https:\/\/tvbrazilusa.com\/pt\/wp-json\/wp\/v2\/categories?post=83806"},{"taxonomy":"post_tag","embeddable":true,"href":"https:\/\/tvbrazilusa.com\/pt\/wp-json\/wp\/v2\/tags?post=83806"}],"curies":[{"name":"wp","href":"https:\/\/api.w.org\/{rel}","templated":true}]}}