{"id":83811,"date":"2024-12-28T04:47:01","date_gmt":"2024-12-28T04:47:01","guid":{"rendered":"https:\/\/tvbrazilusa.com\/2024\/12\/28\/atualizacao-prepare-se-para-chuva-congelante-nos-condados-de-passaic-e-bergen-ate-o-inicio-de-sabado\/"},"modified":"2024-12-28T04:49:01","modified_gmt":"2024-12-28T04:49:01","slug":"atualizacao-prepare-se-para-chuva-congelante-nos-condados-de-passaic-e-bergen-ate-o-inicio-de-sabado","status":"publish","type":"post","link":"https:\/\/tvbrazilusa.com\/pt\/2024\/12\/28\/atualizacao-prepare-se-para-chuva-congelante-nos-condados-de-passaic-e-bergen-ate-o-inicio-de-sabado\/","title":{"rendered":"Atualiza\u00e7\u00e3o: prepare-se para chuva congelante nos condados de Passaic e Bergen at\u00e9 o in\u00edcio de s\u00e1bado"},"content":{"rendered":"<p> <script async src=\"https:\/\/pagead2.googlesyndication.com\/pagead\/js\/adsbygoogle.js?client=ca-pub-8864793242727901\"\r\n     crossorigin=\"anonymous\"><\/script><br \/>\n<\/p>\n<div>\n<p class=\"article__paragraph article__paragraph--left\" id=\"Z7IC27VXG5FWLJTTSLXBWLP4WM\">Um relat\u00f3rio atualizado foi emitido pelo Servi\u00e7o Meteorol\u00f3gico Nacional na sexta-feira \u00e0s 23h44 para chuva congelante at\u00e9 s\u00e1bado \u00e0s 12h45 para os condados de Passaic e Bergen.<\/p>\n<p class=\"article__paragraph article__paragraph--left\" id=\"OBOL5Y4YRRD3VMR5KCLVC36FFY\">\u201c\u00c0s 23h43, uma \u00e1rea de chuva congelante foi localizada no nordeste da Pensilv\u00e2nia. O movimento era para o leste a 40 mph\u201d, diz o servi\u00e7o meteorol\u00f3gico.<\/p>\n<figure class=\"article__image\">\n<div class=\"article__image-wrapper\"><picture><source media=\"(max-width: 500px)\" srcset=\"https:\/\/www.nj.com\/resizer\/v2\/KH5BFT4T65HFPM637GEJVWXVYM.png?auth=9b6a238f85e6f8bfa2ad6617ad7b14420e3a65e8b2e0e58db0af0890ba8f4df5&#038;width=500&#038;quality=90 500w\"\/><source media=\"(max-width: 800px)\" srcset=\"https:\/\/www.nj.com\/resizer\/v2\/KH5BFT4T65HFPM637GEJVWXVYM.png?auth=9b6a238f85e6f8bfa2ad6617ad7b14420e3a65e8b2e0e58db0af0890ba8f4df5&#038;width=800&#038;quality=90 800w\"\/><source srcset=\"https:\/\/www.nj.com\/resizer\/v2\/KH5BFT4T65HFPM637GEJVWXVYM.png?auth=9b6a238f85e6f8bfa2ad6617ad7b14420e3a65e8b2e0e58db0af0890ba8f4df5&#038;width=1280&#038;quality=90 1280w\"\/><\/picture><figcaption class=\"article__image-caption\"\/><\/div>\n<\/figure>\n<p class=\"article__paragraph article__paragraph--left\" id=\"3FRERQY43FF5HIU5R2CMZSYX5U\"><i>Advance Local Weather Alerts \u00e9 um servi\u00e7o fornecido pela United Robots, que usa aprendizado de m\u00e1quina para compilar os dados mais recentes do Servi\u00e7o Meteorol\u00f3gico Nacional.<\/i><\/p>\n<\/div>\n<p><br \/>\n<br \/><a href=\"https:\/\/www.nj.com\/weather-alerts\/2024\/12\/update-brace-for-freezing-rain-in-passaic-and-bergen-counties-until-early-saturday.html\">Source link <\/a><\/p>","protected":false},"excerpt":{"rendered":"<p>Um relat\u00f3rio atualizado foi emitido pelo Servi\u00e7o Meteorol\u00f3gico Nacional na sexta-feira \u00e0s 23h44 para chuva congelante at\u00e9 s\u00e1bado \u00e0s 12h45 para os condados de Passaic e Bergen. \u201c\u00c0s 23h43, uma&hellip;<\/p>","protected":false},"author":1,"featured_media":83812,"comment_status":"closed","ping_status":"open","sticky":false,"template":"","format":"standard","meta":{"content-type":"","footnotes":""},"categories":[1],"tags":[],"class_list":["post-83811","post","type-post","status-publish","format-standard","has-post-thumbnail","hentry","category-uncategorized"],"_links":{"self":[{"href":"https:\/\/tvbrazilusa.com\/pt\/wp-json\/wp\/v2\/posts\/83811","targetHints":{"allow":["GET"]}}],"collection":[{"href":"https:\/\/tvbrazilusa.com\/pt\/wp-json\/wp\/v2\/posts"}],"about":[{"href":"https:\/\/tvbrazilusa.com\/pt\/wp-json\/wp\/v2\/types\/post"}],"author":[{"embeddable":true,"href":"https:\/\/tvbrazilusa.com\/pt\/wp-json\/wp\/v2\/users\/1"}],"replies":[{"embeddable":true,"href":"https:\/\/tvbrazilusa.com\/pt\/wp-json\/wp\/v2\/comments?post=83811"}],"version-history":[{"count":1,"href":"https:\/\/tvbrazilusa.com\/pt\/wp-json\/wp\/v2\/posts\/83811\/revisions"}],"predecessor-version":[{"id":83813,"href":"https:\/\/tvbrazilusa.com\/pt\/wp-json\/wp\/v2\/posts\/83811\/revisions\/83813"}],"wp:featuredmedia":[{"embeddable":true,"href":"https:\/\/tvbrazilusa.com\/pt\/wp-json\/wp\/v2\/media\/83812"}],"wp:attachment":[{"href":"https:\/\/tvbrazilusa.com\/pt\/wp-json\/wp\/v2\/media?parent=83811"}],"wp:term":[{"taxonomy":"category","embeddable":true,"href":"https:\/\/tvbrazilusa.com\/pt\/wp-json\/wp\/v2\/categories?post=83811"},{"taxonomy":"post_tag","embeddable":true,"href":"https:\/\/tvbrazilusa.com\/pt\/wp-json\/wp\/v2\/tags?post=83811"}],"curies":[{"name":"wp","href":"https:\/\/api.w.org\/{rel}","templated":true}]}}