{"id":8389,"date":"2024-07-25T09:00:00","date_gmt":"2024-07-25T09:00:00","guid":{"rendered":"https:\/\/tvbrazilusa.com\/2024\/07\/25\/entenda-o-abono-salarial-de-2024-calendario-elegibilidade-e-impacto-na-economia\/"},"modified":"2024-07-25T09:09:18","modified_gmt":"2024-07-25T09:09:18","slug":"entenda-o-abono-salarial-de-2024-calendario-elegibilidade-e-impacto-na-economia","status":"publish","type":"post","link":"https:\/\/tvbrazilusa.com\/pt\/2024\/07\/25\/entenda-o-abono-salarial-de-2024-calendario-elegibilidade-e-impacto-na-economia\/","title":{"rendered":"Entenda o Abono Salarial de 2024: calend\u00e1rio, elegibilidade e impacto na economia"},"content":{"rendered":"<p> <script async src=\"https:\/\/pagead2.googlesyndication.com\/pagead\/js\/adsbygoogle.js?client=ca-pub-8864793242727901\"\r\n     crossorigin=\"anonymous\"><\/script><br \/>\n<\/p>\n<div>\n<p>Desde o princ\u00edpio de 2024, uma nova distribui\u00e7\u00e3o do abono salarial vem contribuindo positivamente para a din\u00e2mica econ\u00f4mica do <a href=\"https:\/\/www.gov.br\/pt-br\">Brasil<\/a>. Dirigido aos trabalhadores tanto do setor privado quanto p\u00fablico, este benef\u00edcio n\u00e3o apenas auxilia diretamente o bolso dos beneficiados, mas tamb\u00e9m estimula o consumo e movimenta a economia nacional.<\/p>\n<p>Os pagamentos do abono salarial, conhecidos sob as siglas <a href=\"https:\/\/terrabrasilnoticias.com\/\">PIS<\/a>, para o setor privado, e Pasep, para servidores p\u00fablicos, s\u00e3o planejados de acordo com o m\u00eas de anivers\u00e1rio dos eleg\u00edveis. Este ano, os pagamentos iniciar\u00e3o na segunda quinzena de fevereiro, mantendo a tradi\u00e7\u00e3o de anos anteriores.<\/p>\n<h2 class=\"wp-block-heading\">Quais s\u00e3o as datas de libera\u00e7\u00e3o do abono em 2024?<\/h2>\n<p>Conhecer as datas espec\u00edficas de pagamento do abono \u00e9 crucial para todos que esperam por este benef\u00edcio. Em 2024, o calend\u00e1rio foi organizado da seguinte forma:<\/p>\n<ul class=\"wp-block-list\">\n<li>\u00a0<strong>Nascidos em janeiro<\/strong>: Recebem a partir de 15 de fevereiro.<\/li>\n<li><strong>Nascidos em fevereiro<\/strong>: a partir de 15 de mar\u00e7o.<\/li>\n<li><strong>Nascidos em mar\u00e7o e abril<\/strong>: a partir de 15 de abril.<\/li>\n<li><strong>Nascidos em maio e junho<\/strong>: a partir de 15 de maio.<\/li>\n<li><strong>Nascidos em julho e agosto<\/strong>: a partir de 17 de junho.<\/li>\n<li><strong>Nascidos em setembro e outubro<\/strong>: a partir de 15 de julho.<\/li>\n<li><strong>Nascidos em novembro e dezembro<\/strong>: a partir de 15 de agosto.<\/li>\n<\/ul>\n<h2 class=\"wp-block-heading\">Como checar se voc\u00ea tem direito ao abono salarial?<\/h2>\n<p>A elegibilidade para receber o abono salarial pode ser checada de maneira simples, principalmente utilizando plataformas digitais. Veja como:<\/p>\n<ul class=\"wp-block-list\">\n<li>\u00a0Acesse o portal\u00a0<strong>Gov.br<\/strong>, fa\u00e7a seu login e procure pela op\u00e7\u00e3o de abono salarial para consultar seus dados.<\/li>\n<li>Baixe e acesse o\u00a0<strong>Aplicativo Carteira de Trabalho Digital<\/strong>, onde \u00e9 poss\u00edvel visualizar todas as informa\u00e7\u00f5es sobre seu abono, incluindo valor e data de pagamento.<\/li>\n<\/ul>\n<h2 class=\"wp-block-heading\">Quem est\u00e1 apto a receber o abono salarial neste ano?<\/h2>\n<p>Para estar eleg\u00edvel ao recebimento do abono salarial em 2024, os trabalhadores devem atender a alguns crit\u00e9rios espec\u00edficos:<\/p>\n<ul class=\"wp-block-list\">\n<li>\u00a0Cadastro no PIS\/PASEP por no m\u00ednimo cinco anos.<\/li>\n<li>Rendimento anual que n\u00e3o exceda dois sal\u00e1rios m\u00ednimos m\u00e9dios.<\/li>\n<li>Atividade remunerada por, no m\u00ednimo, 30 dias no ano-base.<\/li>\n<li>Informa\u00e7\u00f5es corretas cadastradas no eSocial ou RAIS.<\/li>\n<\/ul>\n<p>Esta distribui\u00e7\u00e3o do abono salarial representa uma importante a\u00e7\u00e3o de apoio aos trabalhadores brasileiros, proporcionando n\u00e3o apenas um al\u00edvio financeiro direto, mas tamb\u00e9m beneficiando a economia do pa\u00eds como um todo. Observar os prazos e se certificar da elegibilidade s\u00e3o passos cruciais para garantir esse benef\u00edcio.<\/p>\n<\/p><\/div>\n<p><br \/>\n<br \/><a href=\"https:\/\/terrabrasilnoticias.com\/2024\/07\/entenda-o-abono-salarial-de-2024-calendario-elegibilidade-e-impacto-na-economia\/\">Source link <\/a><\/p>","protected":false},"excerpt":{"rendered":"<p>Desde o princ\u00edpio de 2024, uma nova distribui\u00e7\u00e3o do abono salarial vem contribuindo positivamente para a din\u00e2mica econ\u00f4mica do Brasil. Dirigido aos trabalhadores tanto do setor privado quanto p\u00fablico, este&hellip;<\/p>","protected":false},"author":1,"featured_media":8390,"comment_status":"closed","ping_status":"open","sticky":false,"template":"","format":"standard","meta":{"content-type":"","footnotes":""},"categories":[16],"tags":[1863,123,1815,1864,1497],"class_list":["post-8389","post","type-post","status-publish","format-standard","has-post-thumbnail","hentry","category-noticias","tag-beneficio","tag-brasil","tag-economia","tag-imposto-de-renda","tag-trabalhadores"],"_links":{"self":[{"href":"https:\/\/tvbrazilusa.com\/pt\/wp-json\/wp\/v2\/posts\/8389","targetHints":{"allow":["GET"]}}],"collection":[{"href":"https:\/\/tvbrazilusa.com\/pt\/wp-json\/wp\/v2\/posts"}],"about":[{"href":"https:\/\/tvbrazilusa.com\/pt\/wp-json\/wp\/v2\/types\/post"}],"author":[{"embeddable":true,"href":"https:\/\/tvbrazilusa.com\/pt\/wp-json\/wp\/v2\/users\/1"}],"replies":[{"embeddable":true,"href":"https:\/\/tvbrazilusa.com\/pt\/wp-json\/wp\/v2\/comments?post=8389"}],"version-history":[{"count":1,"href":"https:\/\/tvbrazilusa.com\/pt\/wp-json\/wp\/v2\/posts\/8389\/revisions"}],"predecessor-version":[{"id":8391,"href":"https:\/\/tvbrazilusa.com\/pt\/wp-json\/wp\/v2\/posts\/8389\/revisions\/8391"}],"wp:featuredmedia":[{"embeddable":true,"href":"https:\/\/tvbrazilusa.com\/pt\/wp-json\/wp\/v2\/media\/8390"}],"wp:attachment":[{"href":"https:\/\/tvbrazilusa.com\/pt\/wp-json\/wp\/v2\/media?parent=8389"}],"wp:term":[{"taxonomy":"category","embeddable":true,"href":"https:\/\/tvbrazilusa.com\/pt\/wp-json\/wp\/v2\/categories?post=8389"},{"taxonomy":"post_tag","embeddable":true,"href":"https:\/\/tvbrazilusa.com\/pt\/wp-json\/wp\/v2\/tags?post=8389"}],"curies":[{"name":"wp","href":"https:\/\/api.w.org\/{rel}","templated":true}]}}