{"id":83971,"date":"2024-12-28T16:00:37","date_gmt":"2024-12-28T16:00:37","guid":{"rendered":"https:\/\/tvbrazilusa.com\/2024\/12\/28\/gabinete-paralelo-da-primeira-dama-janja-vira-alvo-de-denuncia-no-tcu\/"},"modified":"2024-12-28T16:00:38","modified_gmt":"2024-12-28T16:00:38","slug":"gabinete-paralelo-da-primeira-dama-janja-vira-alvo-de-denuncia-no-tcu","status":"publish","type":"post","link":"https:\/\/tvbrazilusa.com\/pt\/2024\/12\/28\/gabinete-paralelo-da-primeira-dama-janja-vira-alvo-de-denuncia-no-tcu\/","title":{"rendered":"&#8220;Gabinete Paralelo&#8221; da primeira-dama, Janja, vira alvo de den\u00fancia no TCU"},"content":{"rendered":"<p> <script async src=\"https:\/\/pagead2.googlesyndication.com\/pagead\/js\/adsbygoogle.js?client=ca-pub-8864793242727901\"\r\n     crossorigin=\"anonymous\"><\/script><br \/>\n<\/p>\n<div id=\"taboola-read-more\" style=\"display:block; width:100%\">\n<p>O vereador curitibano Guilherme Kilter (Novo-PR) protocolou, nesta quinta-feira, 26, uma den\u00fancia no Tribunal de Contas da Uni\u00e3o (TCU) sobre o \u201cgabinete paralelo\u201d da primeira-dama Ros\u00e2ngela Lula da Silva, a Janja.\n<\/p>\n<p>Conforme reportagem do jornal O Estado de S. Paulo, Janja, que n\u00e3o possui cargo no governo, disp\u00f5e de 12 servidores p\u00fablicos. Para ter ideia, a equipe da primeira-dama custa aos pagadores de impostos cerca de R$ 160 mil em sal\u00e1rios por m\u00eas.<\/p>\n<\/p>\n<p style=\"text-align: left;\">Estad\u00e3o\n<\/p>\n<p>Al\u00e9m disso, esses servidores j\u00e1 gastaram R$ 1,2 milh\u00e3o em viagens, desde o come\u00e7o do terceiro mandato do presidente Luiz In\u00e1cio Lula da Silva. O grupo inclui assessora de imprensa, fot\u00f3grafos, especialistas em redes sociais e um militar como ajudante de ordens \u00e0 disposi\u00e7\u00e3o de primeira-dama.\n<\/p>\n<p><strong>Uma sala para Janja<\/strong>\n<\/p>\n<p>Em julho deste ano, a Presid\u00eancia contratou uma empresa de marcenaria de Taguatinga (DF) para fazer altera\u00e7\u00f5es nas divis\u00f3rias de madeira que delimitam os espa\u00e7os dos escrit\u00f3rios das autoridades. Fica no 3\u00ba andar do Pal\u00e1cio do Planalto o local onde est\u00e1 instalada a estrutura informal de Janja.\n<\/p>\n<p>Segundo o Estad\u00e3o, alguns assessores palacianos perderam espa\u00e7o para acomodar a equipe da primeira-dama.\n<\/p>\n<p>A Secretaria de Comunica\u00e7\u00e3o da Presid\u00eancia (Secom) confirmou a exist\u00eancia do gabinete paralelo de Janja. O \u00f3rg\u00e3o afirmou que os servidores exercem fun\u00e7\u00f5es com base na Lei n\u00ba 14.600\/2023. No entanto, tal normativo n\u00e3o prev\u00ea a destina\u00e7\u00e3o de recursos p\u00fablicos para atender aos interesses da primeira-dama.\n<\/p>\n<p>\u201cOs fatos narrados sugerem potencial desconformidade com os princ\u00edpios basilares da administra\u00e7\u00e3o p\u00fablica\u201d, afirmou Kilter. \u201cNotadamente quanto \u00e0 legalidade, pela aparente aus\u00eancia de previs\u00e3o normativa; \u00e0 impessoalidade, pela poss\u00edvel destina\u00e7\u00e3o inadequada de recursos p\u00fablicos; e \u00e0 moralidade administrativa, pela constitui\u00e7\u00e3o de estrutura paralela sem evidente amparo legal.\u201d\n<\/p>\n<p>Uma servidora sobressai no time de Janja. Trata-se de Neudicl\u00e9ia Neres de Oliveira, conhecida como Neudi. Ela \u00e9 assessora especial do gabinete pessoal de Lula. No time de Janja, ela \u00e9 considerada uma esp\u00e9cie de chefe de gabinete.\n<\/p>\n<p><strong>O fot\u00f3grafo da primeira-dama<\/strong>\n<\/p>\n<p>Al\u00e9m disso, Janja tem o pr\u00f3prio fot\u00f3grafo. O nome dele \u00e9 Cl\u00e1udio Ad\u00e3o dos Santos Souza, conhecido como Claudinho. Ele est\u00e1 sempre ao lado da primeira-dama, inclusive nas viagens oficiais.\n<\/p>\n<p>At\u00e9 o momento, as viagens dele ao lado de Janja custaram aos pagadores de impostos R$ 183,3 mil. Esse valor, entretanto, n\u00e3o inclui os gastos com voos da For\u00e7a A\u00e9rea Brasileira (FAB), que mant\u00e9m os custos sob sigilo.\n<\/p>\n<p>A influ\u00eancia de Janja no governo se estende al\u00e9m do grupo de 12 pessoas. A soci\u00f3loga emplacou, por exemplo, Maria Helena Guarezi na secretaria-executiva do Minist\u00e9rio das Mulheres. Tamb\u00e9m indicou a cantora baiana Margareth Menezes para o Minist\u00e9rio da Cultura. Anielle Franco, ministra da Igualdade Racial, tamb\u00e9m foi indicada por Janja.\n<\/p>\n<p>Fonte: Revista Oeste              <\/p>\n<\/div>\n<p><br \/>\n<br \/><a href=\"https:\/\/diariodobrasilnoticias.com.br\/noticia\/-gabinete-paralelo-da-primeira-dama-janja-vira-alvo-de-denuncia-no-tcu-677004f9a1b0d\">Source link <\/a><\/p>","protected":false},"excerpt":{"rendered":"<p>O vereador curitibano Guilherme Kilter (Novo-PR) protocolou, nesta quinta-feira, 26, uma den\u00fancia no Tribunal de Contas da Uni\u00e3o (TCU) sobre o \u201cgabinete paralelo\u201d da primeira-dama Ros\u00e2ngela Lula da Silva, a&hellip;<\/p>","protected":false},"author":1,"featured_media":83972,"comment_status":"closed","ping_status":"open","sticky":false,"template":"","format":"standard","meta":{"content-type":"","footnotes":""},"categories":[16],"tags":[123,2448,5313,1267],"class_list":["post-83971","post","type-post","status-publish","format-standard","has-post-thumbnail","hentry","category-noticias","tag-brasil","tag-diario","tag-noticia","tag-noticias"],"_links":{"self":[{"href":"https:\/\/tvbrazilusa.com\/pt\/wp-json\/wp\/v2\/posts\/83971","targetHints":{"allow":["GET"]}}],"collection":[{"href":"https:\/\/tvbrazilusa.com\/pt\/wp-json\/wp\/v2\/posts"}],"about":[{"href":"https:\/\/tvbrazilusa.com\/pt\/wp-json\/wp\/v2\/types\/post"}],"author":[{"embeddable":true,"href":"https:\/\/tvbrazilusa.com\/pt\/wp-json\/wp\/v2\/users\/1"}],"replies":[{"embeddable":true,"href":"https:\/\/tvbrazilusa.com\/pt\/wp-json\/wp\/v2\/comments?post=83971"}],"version-history":[{"count":1,"href":"https:\/\/tvbrazilusa.com\/pt\/wp-json\/wp\/v2\/posts\/83971\/revisions"}],"predecessor-version":[{"id":83973,"href":"https:\/\/tvbrazilusa.com\/pt\/wp-json\/wp\/v2\/posts\/83971\/revisions\/83973"}],"wp:featuredmedia":[{"embeddable":true,"href":"https:\/\/tvbrazilusa.com\/pt\/wp-json\/wp\/v2\/media\/83972"}],"wp:attachment":[{"href":"https:\/\/tvbrazilusa.com\/pt\/wp-json\/wp\/v2\/media?parent=83971"}],"wp:term":[{"taxonomy":"category","embeddable":true,"href":"https:\/\/tvbrazilusa.com\/pt\/wp-json\/wp\/v2\/categories?post=83971"},{"taxonomy":"post_tag","embeddable":true,"href":"https:\/\/tvbrazilusa.com\/pt\/wp-json\/wp\/v2\/tags?post=83971"}],"curies":[{"name":"wp","href":"https:\/\/api.w.org\/{rel}","templated":true}]}}