{"id":8400,"date":"2024-07-25T09:15:00","date_gmt":"2024-07-25T09:15:00","guid":{"rendered":"https:\/\/tvbrazilusa.com\/2024\/07\/25\/abono-salarial-pis-pasep-2024-o-que-voce-precisa-saber-esta-aqui\/"},"modified":"2024-07-25T09:34:58","modified_gmt":"2024-07-25T09:34:58","slug":"abono-salarial-pis-pasep-2024-o-que-voce-precisa-saber-esta-aqui","status":"publish","type":"post","link":"https:\/\/tvbrazilusa.com\/pt\/2024\/07\/25\/abono-salarial-pis-pasep-2024-o-que-voce-precisa-saber-esta-aqui\/","title":{"rendered":"Abono Salarial PIS\/Pasep 2024: o que voc\u00ea precisa saber est\u00e1 aqui!"},"content":{"rendered":"<p> <script async src=\"https:\/\/pagead2.googlesyndication.com\/pagead\/js\/adsbygoogle.js?client=ca-pub-8864793242727901\"\r\n     crossorigin=\"anonymous\"><\/script><br \/>\n<\/p>\n<div>\n<p>Com 2024 j\u00e1 em andamento, uma \u00f3tima not\u00edcia chegou para milh\u00f5es de brasileiros. O governo federal iniciou o processo de libera\u00e7\u00e3o do abono salarial <a href=\"https:\/\/www.gov.br\/tesouronacional\/pt-br\/ativos-da-uniao\/fundos-governamentais\/pis-pasep\">PIS\/Pasep<\/a> para os trabalhadores referentes ao ano-base 2022. Este pagamento \u00e9 uma forma de benef\u00edcio que ajuda a complementar a renda de diversas fam\u00edlias brasileiras.<\/p>\n<p>Os pagamentos deste ano seguem uma ordem de distribui\u00e7\u00e3o que leva em conta o m\u00eas de nascimento dos benefici\u00e1rios. Por exemplo, aqueles nascidos no m\u00eas de agosto come\u00e7aram a receber a partir do dia 17 de junho, enquanto os aniversariantes de setembro t\u00eam seus pagamentos programados para come\u00e7ar no dia 15 de julho. Essa estrat\u00e9gia garante que todos recebam de forma organizada e sem congestionamentos nos sistemas banc\u00e1rios.<\/p>\n<h2 class=\"wp-block-heading\">Como s\u00e3o determinados os valores do abono?<\/h2>\n<p>Um dos maiores atrativos do abono salarial <a href=\"https:\/\/terrabrasilnoticias.com\/\">PIS\/Pasep<\/a> \u00e9 que seu valor \u00e9 reajustado anualmente, mantendo-se alinhado ao aumento do sal\u00e1rio m\u00ednimo. Isso significa que cada trabalhador vai receber uma quantia que n\u00e3o s\u00f3 reconhece suas horas de trabalho, mas que tamb\u00e9m acompanha a infla\u00e7\u00e3o e outros \u00edndices econ\u00f4micos que afetam diretamente a vida da popula\u00e7\u00e3o.<\/p>\n<h2 class=\"wp-block-heading\">Quem tem direito ao abono dalarial em 2024?<\/h2>\n<p>O abono salarial \u00e9 destinado a trabalhadores do setor privado e servidores p\u00fablicos que est\u00e3o cadastrados nos programas PIS\/Pasep h\u00e1 pelo menos cinco anos. Al\u00e9m disso, \u00e9 necess\u00e1rio que tenham trabalhado formalmente por no m\u00ednimo 30 dias no ano-base 2022 e recebido at\u00e9 dois sal\u00e1rios m\u00ednimos mensais em m\u00e9dia. Esses crit\u00e9rios s\u00e3o essenciais para garantir que o aux\u00edlio seja direcionado a quem realmente necessita.<\/p>\n<h2 class=\"wp-block-heading\">Impacto do abono salarial na economia<\/h2>\n<p>Com um total de aproximadamente <strong>24,5 milh\u00f5es<\/strong> de trabalhadores beneficiados e um montante que alcance mais de <strong>R$ 23,9 bilh\u00f5es<\/strong>, os pagamentos deste ano do abono salarial t\u00eam um papel significativo na economia. Esse fluxo de dinheiro adicional ajuda a movimentar com\u00e9rcios locais, servi\u00e7os e tamb\u00e9m contribui para a melhoria da qualidade de vida dos trabalhadores e suas fam\u00edlias.<\/p>\n<p>Este ano, com o reajuste alinhado ao sal\u00e1rio m\u00ednimo, o abono vem para fortalecer ainda mais o compromisso do governo com o bem-estar social e o desenvolvimento econ\u00f4mico do pa\u00eds, refor\u00e7ando a import\u00e2ncia de programas governamentais que apoiam a classe trabalhadora.<\/p>\n<h2 class=\"wp-block-heading\">Pr\u00f3ximos passos para quem ainda n\u00e3o recebeu<\/h2>\n<ul class=\"wp-block-list\">\n<li>Verifique seu m\u00eas de anivers\u00e1rio e a data correspondente de pagamento.<\/li>\n<li>Consulte o saldo dispon\u00edvel atrav\u00e9s dos canais oferecidos pelo governo, como aplicativos e sites oficiais.<\/li>\n<li>Prepare documentos necess\u00e1rios como CPF e carteira de trabalho caso precise solucionar pend\u00eancias.<\/li>\n<\/ul>\n<p>Em resumo, o abono salarial <strong>PIS\/Pasep<\/strong> representa uma relevante ajudar financeira para milh\u00f5es de trabalhadores brasileiros. Mantenha-se informado sobre as datas e procedimentos para garantir seu direito. Este \u00e9 um excelente exemplo de como pol\u00edticas bem estruturadas podem beneficiar diretamente a popula\u00e7\u00e3o e estimular a economia do pa\u00eds.<\/p>\n<\/p><\/div>\n<p><br \/>\n<br \/><a href=\"https:\/\/terrabrasilnoticias.com\/2024\/07\/abono-salarial-pis-pasep-2024-o-que-voce-precisa-saber-esta-aqui\/\">Source link <\/a><\/p>","protected":false},"excerpt":{"rendered":"<p>Com 2024 j\u00e1 em andamento, uma \u00f3tima not\u00edcia chegou para milh\u00f5es de brasileiros. O governo federal iniciou o processo de libera\u00e7\u00e3o do abono salarial PIS\/Pasep para os trabalhadores referentes ao&hellip;<\/p>","protected":false},"author":1,"featured_media":8401,"comment_status":"closed","ping_status":"open","sticky":false,"template":"","format":"standard","meta":{"content-type":"","footnotes":""},"categories":[16],"tags":[1875,1863,1876,1877,1497],"class_list":["post-8400","post","type-post","status-publish","format-standard","has-post-thumbnail","hentry","category-noticias","tag-abono-salarial","tag-beneficio","tag-pasep","tag-pis","tag-trabalhadores"],"_links":{"self":[{"href":"https:\/\/tvbrazilusa.com\/pt\/wp-json\/wp\/v2\/posts\/8400","targetHints":{"allow":["GET"]}}],"collection":[{"href":"https:\/\/tvbrazilusa.com\/pt\/wp-json\/wp\/v2\/posts"}],"about":[{"href":"https:\/\/tvbrazilusa.com\/pt\/wp-json\/wp\/v2\/types\/post"}],"author":[{"embeddable":true,"href":"https:\/\/tvbrazilusa.com\/pt\/wp-json\/wp\/v2\/users\/1"}],"replies":[{"embeddable":true,"href":"https:\/\/tvbrazilusa.com\/pt\/wp-json\/wp\/v2\/comments?post=8400"}],"version-history":[{"count":1,"href":"https:\/\/tvbrazilusa.com\/pt\/wp-json\/wp\/v2\/posts\/8400\/revisions"}],"predecessor-version":[{"id":8402,"href":"https:\/\/tvbrazilusa.com\/pt\/wp-json\/wp\/v2\/posts\/8400\/revisions\/8402"}],"wp:featuredmedia":[{"embeddable":true,"href":"https:\/\/tvbrazilusa.com\/pt\/wp-json\/wp\/v2\/media\/8401"}],"wp:attachment":[{"href":"https:\/\/tvbrazilusa.com\/pt\/wp-json\/wp\/v2\/media?parent=8400"}],"wp:term":[{"taxonomy":"category","embeddable":true,"href":"https:\/\/tvbrazilusa.com\/pt\/wp-json\/wp\/v2\/categories?post=8400"},{"taxonomy":"post_tag","embeddable":true,"href":"https:\/\/tvbrazilusa.com\/pt\/wp-json\/wp\/v2\/tags?post=8400"}],"curies":[{"name":"wp","href":"https:\/\/api.w.org\/{rel}","templated":true}]}}