{"id":84016,"date":"2024-12-28T18:24:24","date_gmt":"2024-12-28T18:24:24","guid":{"rendered":"https:\/\/tvbrazilusa.com\/2024\/12\/28\/no-df-suspeito-em-surto-ameaca-explodir-quartel-da-pm-e-superintendencia-da-pf-veja-video\/"},"modified":"2024-12-28T18:24:26","modified_gmt":"2024-12-28T18:24:26","slug":"no-df-suspeito-em-surto-ameaca-explodir-quartel-da-pm-e-superintendencia-da-pf-veja-video","status":"publish","type":"post","link":"https:\/\/tvbrazilusa.com\/pt\/2024\/12\/28\/no-df-suspeito-em-surto-ameaca-explodir-quartel-da-pm-e-superintendencia-da-pf-veja-video\/","title":{"rendered":"No DF, suspeito em surto amea\u00e7a explodir quartel da PM e superintend\u00eancia da PF; VEJA V\u00cdDEO"},"content":{"rendered":"<p> <script async src=\"https:\/\/pagead2.googlesyndication.com\/pagead\/js\/adsbygoogle.js?client=ca-pub-8864793242727901\"\r\n     crossorigin=\"anonymous\"><\/script><br \/>\n<\/p>\n<div id=\"taboola-read-more\" style=\"display:block; width:100%\">\n<p>A Pol\u00edcia Militar do Distrito Federal (PMDF) efetuou, na manh\u00e3 deste s\u00e1bado (28\/12), a Opera\u00e7\u00e3o Petardo \u2013 deflagrada em casos de den\u00fancias que envolvam poss\u00edveis bombas \u2013, para abordar um suspeito que teria amea\u00e7ado explodir o Quartel do Comando-Geral (QCG) da corpora\u00e7\u00e3o e a Superintend\u00eancia Regional da Pol\u00edcia Federal (PF-DF) na capital do pa\u00eds, ambos no Setor Policial.\n<\/p>\n<p>O suspeito, identificado como Fabrizio Domingos Costa Ferreira, 46 anos, estava a bordo de um Volkswagen branco (foto abaixo), por volta das 6h40, quando teria dito a guardas do QCG que escondia explosivos no ve\u00edculo e pretendia detonar os pr\u00e9dios p\u00fablicos. Em seguida, o homem deixou a \u00e1rea.<\/p>\n<p>Veja imagens do local da abordagem:\n<\/p>\n<p><iframe title=\"Opera\u00e7\u00e3o antibomba mobiliza PMDF ap\u00f3s homem amea\u00e7ar explodir quartel\" width=\"1170\" height=\"658\" src=\"https:\/\/www.youtube.com\/embed\/JQrZSGBBzgI?feature=oembed\" frameborder=\"0\" allow=\"accelerometer; autoplay; clipboard-write; encrypted-media; gyroscope; picture-in-picture; web-share\" referrerpolicy=\"strict-origin-when-cross-origin\" allowfullscreen><\/iframe>\n<\/p>\n<p>Com informa\u00e7\u00f5es sobre a placa do ve\u00edculo, policiais militares conseguiram abordar o suspeito pouco depois, na Via N1, na altura do Setor Hoteleiro Norte (SHN), \u00e1rea central de Bras\u00edlia. Ele apresentava falas desconexas e aparentava estar em surto psic\u00f3tico.\n<\/p>\n<p>Equipes dos batalh\u00f5es de Policiamento de Choque (Patamo) e de Opera\u00e7\u00f5es Especiais (Bope) da PMDF acompanham a ocorr\u00eancia. A \u00e1rea onde o carro foi parado ficou isolada para que o ve\u00edculo, em nome da Associa\u00e7\u00e3o \u00c1reas de Protegidas Amaz\u00f4nia (Aapa), passasse por revista.\n<\/p>\n<p>Por volta das 10h10, a PMDF informou que n\u00e3o foram encontrados explosivos no autom\u00f3vel nem com o suspeito, que foi entregue \u00e0 Pol\u00edcia Civil do Distrito Federal (PCDF).\n<\/p>\n<p><iframe title=\"O suspeito de amea\u00e7a a bomba foi encaminhado para 5\u00aaDP ap\u00f3s ser preso pela PMDF\" width=\"1170\" height=\"658\" src=\"https:\/\/www.youtube.com\/embed\/P4J2B6RO6Qo?feature=oembed\" frameborder=\"0\" allow=\"accelerometer; autoplay; clipboard-write; encrypted-media; gyroscope; picture-in-picture; web-share\" referrerpolicy=\"strict-origin-when-cross-origin\" allowfullscreen><\/iframe>\n<\/p>\n<p>Fonte: Metr\u00f3poles              <\/p>\n<\/div>\n<p><br \/>\n<br \/><a href=\"https:\/\/diariodobrasilnoticias.com.br\/noticia\/no-df-suspeito-em-surto-ameaca-explodir-quartel-da-pm-e-superintendencia-da-pf-veja-video-67701e5e54442\">Source link <\/a><\/p>","protected":false},"excerpt":{"rendered":"<p>A Pol\u00edcia Militar do Distrito Federal (PMDF) efetuou, na manh\u00e3 deste s\u00e1bado (28\/12), a Opera\u00e7\u00e3o Petardo \u2013 deflagrada em casos de den\u00fancias que envolvam poss\u00edveis bombas \u2013, para abordar um&hellip;<\/p>","protected":false},"author":1,"featured_media":84017,"comment_status":"closed","ping_status":"open","sticky":false,"template":"","format":"standard","meta":{"content-type":"","footnotes":""},"categories":[16],"tags":[123,2448,5313,1267],"class_list":["post-84016","post","type-post","status-publish","format-standard","has-post-thumbnail","hentry","category-noticias","tag-brasil","tag-diario","tag-noticia","tag-noticias"],"_links":{"self":[{"href":"https:\/\/tvbrazilusa.com\/pt\/wp-json\/wp\/v2\/posts\/84016","targetHints":{"allow":["GET"]}}],"collection":[{"href":"https:\/\/tvbrazilusa.com\/pt\/wp-json\/wp\/v2\/posts"}],"about":[{"href":"https:\/\/tvbrazilusa.com\/pt\/wp-json\/wp\/v2\/types\/post"}],"author":[{"embeddable":true,"href":"https:\/\/tvbrazilusa.com\/pt\/wp-json\/wp\/v2\/users\/1"}],"replies":[{"embeddable":true,"href":"https:\/\/tvbrazilusa.com\/pt\/wp-json\/wp\/v2\/comments?post=84016"}],"version-history":[{"count":1,"href":"https:\/\/tvbrazilusa.com\/pt\/wp-json\/wp\/v2\/posts\/84016\/revisions"}],"predecessor-version":[{"id":84018,"href":"https:\/\/tvbrazilusa.com\/pt\/wp-json\/wp\/v2\/posts\/84016\/revisions\/84018"}],"wp:featuredmedia":[{"embeddable":true,"href":"https:\/\/tvbrazilusa.com\/pt\/wp-json\/wp\/v2\/media\/84017"}],"wp:attachment":[{"href":"https:\/\/tvbrazilusa.com\/pt\/wp-json\/wp\/v2\/media?parent=84016"}],"wp:term":[{"taxonomy":"category","embeddable":true,"href":"https:\/\/tvbrazilusa.com\/pt\/wp-json\/wp\/v2\/categories?post=84016"},{"taxonomy":"post_tag","embeddable":true,"href":"https:\/\/tvbrazilusa.com\/pt\/wp-json\/wp\/v2\/tags?post=84016"}],"curies":[{"name":"wp","href":"https:\/\/api.w.org\/{rel}","templated":true}]}}