{"id":84022,"date":"2024-12-28T18:42:10","date_gmt":"2024-12-28T18:42:10","guid":{"rendered":"https:\/\/tvbrazilusa.com\/2024\/12\/28\/filhas-de-silvio-santos-curtem-ferias-no-litoral-do-rio-grande-do-norte-veja-video\/"},"modified":"2024-12-28T18:42:12","modified_gmt":"2024-12-28T18:42:12","slug":"filhas-de-silvio-santos-curtem-ferias-no-litoral-do-rio-grande-do-norte-veja-video","status":"publish","type":"post","link":"https:\/\/tvbrazilusa.com\/pt\/2024\/12\/28\/filhas-de-silvio-santos-curtem-ferias-no-litoral-do-rio-grande-do-norte-veja-video\/","title":{"rendered":"Filhas de Silvio Santos curtem f\u00e9rias no litoral do Rio Grande do Norte; VEJA V\u00cdDEO"},"content":{"rendered":"<p> <script async src=\"https:\/\/pagead2.googlesyndication.com\/pagead\/js\/adsbygoogle.js?client=ca-pub-8864793242727901\"\r\n     crossorigin=\"anonymous\"><\/script><br \/>\n<\/p>\n<div>\n<figure class=\"post-image\">\n<\/figure>\n<p>            <span style=\"font-size: 12px\">Reprodu\u00e7\u00e3o\/V\u00eddeo<\/span><\/p>\n<p>            <!-- end metas --><br \/>\n            <!-- ADS --><\/p>\n<div id=\"taboola-read-more\" style=\"display:block; width:100%\">\n<p>A apresentadora Patr\u00edcia Abravanel est\u00e1 no Rio Grande do Norte curtindo as f\u00e9rias com a fam\u00edlia. Ela compartilhou nos storys momentos de divers\u00e3o e de adrenalina: \u201cEu sou a tia radical\u201d, publicou a apresentadora do SBT.\n<\/p>\n<p>Durante a viagem at\u00e9 Galinhos, nesta quinta-feira (26), um contratempo acabou tornando o trajeto ainda mais memor\u00e1vel: o pneu de um dos carros furou, obrigando o grupo a uma parada inesperada.<\/p>\n<p>Patr\u00edcia compartilhou o momento em suas redes sociais com uma s\u00e9rie de v\u00eddeos. \u201cOlha o perrengue chique da galera de S\u00e3o Paulo e de Pato Branco. Al\u00ea [Alexandre Pato] est\u00e1 trocando o pneu\u201d, comentou com bom humor, referindo-se ao jogador de futebol e cunhado.\n<\/p>\n<p>A viagem incluiu paradas em cidades do litoral potiguar, como S\u00e3o Bento do Norte e Cai\u00e7ara do Norte, at\u00e9 o destino final, Galinhos. A fam\u00edlia est\u00e1 hospedada em uma propriedade de F\u00e1bio Faria, marido de Patr\u00edcia. Al\u00e9m da resid\u00eancia do casal, uma casa foi alugada para acomodar todos os integrantes do grupo, incluindo a matriarca Iris Abravanel.\n<\/p>\n<p>Veja v\u00eddeo:\u00a0\n<\/p>\n<p>V\u00eddeos: @patriciaabravanel e redes sociais.<br \/>Informa\u00e7\u00f5es: @opotinews.\n<\/p>\n<p>Fonte: tvpontanegrarn              <\/p>\n<\/div>\n<p>                        <!-- Scripts para conteudo --><\/p>\n<p>            <!-- .\/Scripts para conteudo --><br \/>\n            <!-- .\/Mat\u00e9ria --><\/p>\n<div class=\"row mt-3\">\n<div class=\"col-sm-6\">\n                <!-- Whatsapp channel 3--><br \/>\n                <a href=\"https:\/\/chat.whatsapp.com\/B8Qy6Erx4kb6yTzj3kaDco\" target=\"_blank\"><br \/>\n                  <img decoding=\"async\" src=\"https:\/\/diariodobrasilnoticias.com.br\/assets-site\/images\/bot_whatsapp.png\"\/><\/a>\n              <\/div>\n<div class=\"col-sm-6\">\n                <a href=\"https:\/\/t.me\/+_4gTmi5LKo03OTM5\" target=\"_blank\"><br \/>\n                  <img decoding=\"async\" src=\"https:\/\/diariodobrasilnoticias.com.br\/assets-site\/images\/bot_telegram.png\"\/><\/a>\n              <\/div>\n<\/p><\/div>\n<p>            <!-- end post-navigation --><\/p>\n<p>              <!-- end row --><\/p>\n<p>              <!-- end col-12-->\n                      <\/div>\n<p><br \/>\n<br \/><a href=\"https:\/\/diariodobrasilnoticias.com.br\/noticia\/filhas-de-silvio-santos-curtem-ferias-no-litoral-do-rio-grande-do-norte-veja-video-67701ce1dc72e\">Source link <\/a><\/p>","protected":false},"excerpt":{"rendered":"<p>Reprodu\u00e7\u00e3o\/V\u00eddeo A apresentadora Patr\u00edcia Abravanel est\u00e1 no Rio Grande do Norte curtindo as f\u00e9rias com a fam\u00edlia. Ela compartilhou nos storys momentos de divers\u00e3o e de adrenalina: \u201cEu sou a&hellip;<\/p>","protected":false},"author":1,"featured_media":84023,"comment_status":"closed","ping_status":"open","sticky":false,"template":"","format":"standard","meta":{"content-type":"","footnotes":""},"categories":[16],"tags":[123,2448,5313,1267],"class_list":["post-84022","post","type-post","status-publish","format-standard","has-post-thumbnail","hentry","category-noticias","tag-brasil","tag-diario","tag-noticia","tag-noticias"],"_links":{"self":[{"href":"https:\/\/tvbrazilusa.com\/pt\/wp-json\/wp\/v2\/posts\/84022","targetHints":{"allow":["GET"]}}],"collection":[{"href":"https:\/\/tvbrazilusa.com\/pt\/wp-json\/wp\/v2\/posts"}],"about":[{"href":"https:\/\/tvbrazilusa.com\/pt\/wp-json\/wp\/v2\/types\/post"}],"author":[{"embeddable":true,"href":"https:\/\/tvbrazilusa.com\/pt\/wp-json\/wp\/v2\/users\/1"}],"replies":[{"embeddable":true,"href":"https:\/\/tvbrazilusa.com\/pt\/wp-json\/wp\/v2\/comments?post=84022"}],"version-history":[{"count":1,"href":"https:\/\/tvbrazilusa.com\/pt\/wp-json\/wp\/v2\/posts\/84022\/revisions"}],"predecessor-version":[{"id":84024,"href":"https:\/\/tvbrazilusa.com\/pt\/wp-json\/wp\/v2\/posts\/84022\/revisions\/84024"}],"wp:featuredmedia":[{"embeddable":true,"href":"https:\/\/tvbrazilusa.com\/pt\/wp-json\/wp\/v2\/media\/84023"}],"wp:attachment":[{"href":"https:\/\/tvbrazilusa.com\/pt\/wp-json\/wp\/v2\/media?parent=84022"}],"wp:term":[{"taxonomy":"category","embeddable":true,"href":"https:\/\/tvbrazilusa.com\/pt\/wp-json\/wp\/v2\/categories?post=84022"},{"taxonomy":"post_tag","embeddable":true,"href":"https:\/\/tvbrazilusa.com\/pt\/wp-json\/wp\/v2\/tags?post=84022"}],"curies":[{"name":"wp","href":"https:\/\/api.w.org\/{rel}","templated":true}]}}