{"id":84034,"date":"2024-12-28T19:19:26","date_gmt":"2024-12-28T19:19:26","guid":{"rendered":"https:\/\/tvbrazilusa.com\/2024\/12\/28\/mesmo-quebrado-os-gastos-dos-correios-com-patrocinios-dispara-e-tem-ate-em-bogota-na-colombia\/"},"modified":"2024-12-28T19:19:32","modified_gmt":"2024-12-28T19:19:32","slug":"mesmo-quebrado-os-gastos-dos-correios-com-patrocinios-dispara-e-tem-ate-em-bogota-na-colombia","status":"publish","type":"post","link":"https:\/\/tvbrazilusa.com\/pt\/2024\/12\/28\/mesmo-quebrado-os-gastos-dos-correios-com-patrocinios-dispara-e-tem-ate-em-bogota-na-colombia\/","title":{"rendered":"Mesmo \u201cquebrado\u201d os gastos dos Correios com patroc\u00ednios dispara e tem at\u00e9 em Bogot\u00e1 na Col\u00f4mbia"},"content":{"rendered":"<p> <script async src=\"https:\/\/pagead2.googlesyndication.com\/pagead\/js\/adsbygoogle.js?client=ca-pub-8864793242727901\"\r\n     crossorigin=\"anonymous\"><\/script><br \/>\n<\/p>\n<div id=\"taboola-read-more\" style=\"display:block; width:100%\">\n<p>Os gastos dos Correios com o patroc\u00ednio de eventos culturais para \u201cmelhorar a imagem institucional\u201d da empresa dispararam na atual gest\u00e3o, liderada pelo presidente Fabiano Silva dos Santos. Sa\u00edram de uma m\u00e9dia de R$ 430 mil ao ano de 2019 a 2022 para R$ 34 milh\u00f5es s\u00f3 em 2024.\n<\/p>\n<p>A estatal enfrenta problemas financeiros e deve ter o seu maior deficit da hist\u00f3ria neste ano. At\u00e9 setembro, eram R$ 2 bilh\u00f5es de preju\u00edzo. Se continuar nesse ritmo, o resultado pode superar o deficit de 2015, de R$ 2,1 bilh\u00f5es, registrado quando Dilma Rousseff (PT) era a titular do Pal\u00e1cio do Planalto. Hoje, a empresa enfrenta risco de insolv\u00eancia, como mostrou o Poder360.<\/p>\n<\/p>\n<p>Dentre os patroc\u00ednios registrados em 2024 est\u00e1 o envio de R$ 600 mil \u00e0 36\u00aa Feira Internacional do Livro, em Bogot\u00e1 (Col\u00f4mbia). E o festival de m\u00fasica pop Lollapalooza, em S\u00e3o Paulo.\n<\/p>\n<p>O evento colombiano foi realizado em abril de 2024. O tema deste ano foi \u201cLeia a Natureza\u201d. O Brasil foi homenageado. O presidente Luiz In\u00e1cio Lula da Silva (PT) foi um convidado especial e discursou na abertura. Lula tem rela\u00e7\u00e3o de proximidade com o presidente colombiano, Gustavo Petro, do partido Col\u00f4mbia Humana (esquerda).\n<\/p>\n<p>Na justificativa para enviar o dinheiro para um evento no exterior, os Correios disseram o objetivo era \u201campliar o alcance e visibilidade da marca\u201d. A empresa n\u00e3o opera na Col\u00f4mbia.\n<\/p>\n<p>A representante da estatal na feira foi a diretora de Governan\u00e7a e Estrat\u00e9gia, Juliana Picoli Agatte. Ela \u00e9 ligada ao PT e foi indicada ao cargo pelo prefeito de Araraquara e ex-ministro da Secom, Edinho Silva (PT), com quem j\u00e1 trabalhou. Edinho deve ser o pr\u00f3ximo presidente do PT, a partir de julho de 2025.\n<\/p>\n<p>Procurados, os Correios disseram que \u201cos valores investidos s\u00e3o compat\u00edveis \u00e0s contrapartidas e aos formatos de participa\u00e7\u00e3o em eventos que atendem crit\u00e9rios t\u00e9cnicos\u201d.\n<\/p>\n<p>Uma das contrapartidas foi uma palestra realizada por Juliana com o t\u00edtulo \u201cSustentabilidade nos Correios: impacto e efici\u00eancia para todos\u201d.\n<\/p>\n<p>\u201cOs Correios investem em patroc\u00ednio com vieses institucional e concorrencial. Todos os contratos visam potencializar a marca e os neg\u00f3cios, conforme diretrizes e par\u00e2metros espec\u00edficos, com base nos normativos e na legisla\u00e7\u00e3o, e est\u00e3o alinhados ao plano estrat\u00e9gico da empresa\u201d, disse a estatal federal.\n<\/p>\n<p>Ainda em 2024, foram gastos R$ 400 mil (R$ 200 mil a menos do que no evento da Col\u00f4mbia) com a Bienal do Livro de S\u00e3o Paulo, feira da mesma natureza da que foi realizada em Bogot\u00e1, por\u00e9m no Brasil. Leia a \u00edntegra dos patroc\u00ednios dos Correios em 2024 (PDF \u2013 129 kB).\n<\/p>\n<p>Eis alguns exemplos de patroc\u00ednios concedidos pela empresa:\n<\/p>\n<p><img fetchpriority=\"high\" decoding=\"async\" src=\"https:\/\/static.poder360.com.br\/2024\/12\/patrocinios-correio-lula3-26-dez-2024-02-1-1639x2048.png\" alt=\"\" width=\"1639\" height=\"2048\"\/>\n<\/p>\n<p><strong>SITUA\u00c7\u00c3O DE INSOLV\u00caNCIA<\/strong>\n<\/p>\n<p>Os Correios enfrentam risco de insolv\u00eancia, como revelou o Poder360. A atual gest\u00e3o atribui a situa\u00e7\u00e3o ao governo passado e \u00e0 taxa das blusinhas, patrocinada por Fernando Haddad (Fazenda). Ignoram decis\u00f5es controversas recentes. Eis algumas:\n<\/p>\n<p>desistiram de a\u00e7\u00e3o trabalhista bilion\u00e1ria;\n<\/p>\n<p>assumiram d\u00edvida de R$ 7,6 bilh\u00f5es com a Postalis;\n<\/p>\n<p>gastaram cerca de R$ 200 milh\u00f5es com \u201cvale peru\u201d.\n<\/p>\n<p><img decoding=\"async\" src=\"https:\/\/static.poder360.com.br\/2024\/12\/correios-sob-lula-25-out-2024-1274x2048.png\" alt=\"\" width=\"1274\" height=\"2048\"\/>\n<\/p>\n<p>O presidente dos Correios, Fabiano Silva dos Santos, 47 anos, \u00e9 advogado e foi indicado ao cargo pelo Prerrogativas, grupo de operadores do direito simp\u00e1ticos ao presidente Lula. O coletivo atuou e segue atuando fortemente contra as acusa\u00e7\u00f5es de processos da Lava Jato.\n<\/p>\n<p>Fabiano \u00e9 do Prerr\u00f4, diminutivo pelo qual o grupo \u00e9 chamado. Tem rela\u00e7\u00e3o de amizade com o deputado federal Zeca Dirceu (PT-PR), filho do ex-ministro Jos\u00e9 Dirceu. \u00c9 conhecido como o \u201cchurrasqueiro de Lula\u201d, pois costuma pilotar a cozinha quando h\u00e1 alguma confraterniza\u00e7\u00e3o em que carnes s\u00e3o preparadas para o presidente da Rep\u00fablica.\n<\/p>\n<p>Por causa da deteriora\u00e7\u00e3o das contas da empresa, os Correios decretaram em outubro um teto de gastos para o ano, de R$ 21,96 bilh\u00f5es. A defini\u00e7\u00e3o foi informada aos gestores em 11 de outubro. O documento foi colocado sob sigilo. O Poder360 teve acesso. Leia a \u00edntegra (PDF \u2013 420 kB). Os Correios t\u00eam 84.700 funcion\u00e1rios.\n<\/p>\n<p>Fonte: Poder360              <\/p>\n<\/div>\n<p><br \/>\n<br \/><a href=\"https:\/\/diariodobrasilnoticias.com.br\/noticia\/correios-enfrentam-problemas-financeiros-mas-patrocinios-disparam-financiamento-de-evento-em-bogota-e-um-deles-677026e693b29\">Source link <\/a><\/p>","protected":false},"excerpt":{"rendered":"<p>Os gastos dos Correios com o patroc\u00ednio de eventos culturais para \u201cmelhorar a imagem institucional\u201d da empresa dispararam na atual gest\u00e3o, liderada pelo presidente Fabiano Silva dos Santos. Sa\u00edram de&hellip;<\/p>","protected":false},"author":1,"featured_media":84035,"comment_status":"closed","ping_status":"open","sticky":false,"template":"","format":"standard","meta":{"content-type":"","footnotes":""},"categories":[16],"tags":[123,2448,5313,1267],"class_list":["post-84034","post","type-post","status-publish","format-standard","has-post-thumbnail","hentry","category-noticias","tag-brasil","tag-diario","tag-noticia","tag-noticias"],"_links":{"self":[{"href":"https:\/\/tvbrazilusa.com\/pt\/wp-json\/wp\/v2\/posts\/84034","targetHints":{"allow":["GET"]}}],"collection":[{"href":"https:\/\/tvbrazilusa.com\/pt\/wp-json\/wp\/v2\/posts"}],"about":[{"href":"https:\/\/tvbrazilusa.com\/pt\/wp-json\/wp\/v2\/types\/post"}],"author":[{"embeddable":true,"href":"https:\/\/tvbrazilusa.com\/pt\/wp-json\/wp\/v2\/users\/1"}],"replies":[{"embeddable":true,"href":"https:\/\/tvbrazilusa.com\/pt\/wp-json\/wp\/v2\/comments?post=84034"}],"version-history":[{"count":1,"href":"https:\/\/tvbrazilusa.com\/pt\/wp-json\/wp\/v2\/posts\/84034\/revisions"}],"predecessor-version":[{"id":84036,"href":"https:\/\/tvbrazilusa.com\/pt\/wp-json\/wp\/v2\/posts\/84034\/revisions\/84036"}],"wp:featuredmedia":[{"embeddable":true,"href":"https:\/\/tvbrazilusa.com\/pt\/wp-json\/wp\/v2\/media\/84035"}],"wp:attachment":[{"href":"https:\/\/tvbrazilusa.com\/pt\/wp-json\/wp\/v2\/media?parent=84034"}],"wp:term":[{"taxonomy":"category","embeddable":true,"href":"https:\/\/tvbrazilusa.com\/pt\/wp-json\/wp\/v2\/categories?post=84034"},{"taxonomy":"post_tag","embeddable":true,"href":"https:\/\/tvbrazilusa.com\/pt\/wp-json\/wp\/v2\/tags?post=84034"}],"curies":[{"name":"wp","href":"https:\/\/api.w.org\/{rel}","templated":true}]}}