{"id":84046,"date":"2024-12-28T20:03:25","date_gmt":"2024-12-28T20:03:25","guid":{"rendered":"https:\/\/tvbrazilusa.com\/2024\/12\/28\/ja-conhece-o-novo-decreto-do-governo-lula-para-uso-de-forca-policial-no-brasil-veja\/"},"modified":"2024-12-28T20:03:26","modified_gmt":"2024-12-28T20:03:26","slug":"ja-conhece-o-novo-decreto-do-governo-lula-para-uso-de-forca-policial-no-brasil-veja","status":"publish","type":"post","link":"https:\/\/tvbrazilusa.com\/pt\/2024\/12\/28\/ja-conhece-o-novo-decreto-do-governo-lula-para-uso-de-forca-policial-no-brasil-veja\/","title":{"rendered":"J\u00e1 conhece o novo decreto do governo Lula para uso de for\u00e7a policial no BRASIL? VEJA"},"content":{"rendered":"<p> <script async src=\"https:\/\/pagead2.googlesyndication.com\/pagead\/js\/adsbygoogle.js?client=ca-pub-8864793242727901\"\r\n     crossorigin=\"anonymous\"><\/script><br \/>\n<\/p>\n<p>O texto regula o uso da for\u00e7a policial no Brasil, incluindo armas de fogo e instrumentos n\u00e3o letais, abordagens, buscas domiciliares e a atua\u00e7\u00e3o dos policiais penais nos pres\u00eddios.<\/p>\n<p>Entre as principais medidas, est\u00e1 proibido o uso de arma de fogo contra pessoa desarmada que esteja em fuga e contra ve\u00edculo que desrespeite bloqueio policial. O instrumento ser\u00e1 sempre \u201cmedida de \u00faltimo recurso\u201d e dever\u00e1 ser restrito aos profissionais devidamente habilitados.\n<\/p>\n<p>O governo ainda justificou que a elabora\u00e7\u00e3o do decreto estava prevista em uma lei de 2014, que disciplina o uso da for\u00e7a e determina a responsabilidade do governo federal pela regulamenta\u00e7\u00e3o das diretrizes ali estabelecidas.\n<\/p>\n<div>\n<div id=\"div-gpt-ads-2\" class=\"ad-displayed\">\n<p>Ao se debru\u00e7ar sobre o tema, o Minist\u00e9rio da Justi\u00e7a e Seguran\u00e7a P\u00fablica n\u00e3o s\u00f3 cumpriu seu papel legal, mas, acima de tudo, deu fim \u00e0 inseguran\u00e7a jur\u00eddica enfrentada pelos profissionais de seguran\u00e7a p\u00fablica durante esses dez anos.\u201d\n<\/p>\n<p>METROPOLES\n<\/p>\n<\/div>\n<\/div>\n<p><br \/>\n<br \/><a href=\"https:\/\/diariodobrasilnoticias.com.br\/noticia\/ja-conhece-o-novo-decreto-do-governo-lula-para-uso-de-forca-policial-no-brasil-veja-677054a1351ad\">Source link <\/a><\/p>","protected":false},"excerpt":{"rendered":"<p>O texto regula o uso da for\u00e7a policial no Brasil, incluindo armas de fogo e instrumentos n\u00e3o letais, abordagens, buscas domiciliares e a atua\u00e7\u00e3o dos policiais penais nos pres\u00eddios. Entre&hellip;<\/p>","protected":false},"author":1,"featured_media":84047,"comment_status":"closed","ping_status":"open","sticky":false,"template":"","format":"standard","meta":{"content-type":"","footnotes":""},"categories":[16],"tags":[123,2448,5313,1267],"class_list":["post-84046","post","type-post","status-publish","format-standard","has-post-thumbnail","hentry","category-noticias","tag-brasil","tag-diario","tag-noticia","tag-noticias"],"_links":{"self":[{"href":"https:\/\/tvbrazilusa.com\/pt\/wp-json\/wp\/v2\/posts\/84046","targetHints":{"allow":["GET"]}}],"collection":[{"href":"https:\/\/tvbrazilusa.com\/pt\/wp-json\/wp\/v2\/posts"}],"about":[{"href":"https:\/\/tvbrazilusa.com\/pt\/wp-json\/wp\/v2\/types\/post"}],"author":[{"embeddable":true,"href":"https:\/\/tvbrazilusa.com\/pt\/wp-json\/wp\/v2\/users\/1"}],"replies":[{"embeddable":true,"href":"https:\/\/tvbrazilusa.com\/pt\/wp-json\/wp\/v2\/comments?post=84046"}],"version-history":[{"count":1,"href":"https:\/\/tvbrazilusa.com\/pt\/wp-json\/wp\/v2\/posts\/84046\/revisions"}],"predecessor-version":[{"id":84048,"href":"https:\/\/tvbrazilusa.com\/pt\/wp-json\/wp\/v2\/posts\/84046\/revisions\/84048"}],"wp:featuredmedia":[{"embeddable":true,"href":"https:\/\/tvbrazilusa.com\/pt\/wp-json\/wp\/v2\/media\/84047"}],"wp:attachment":[{"href":"https:\/\/tvbrazilusa.com\/pt\/wp-json\/wp\/v2\/media?parent=84046"}],"wp:term":[{"taxonomy":"category","embeddable":true,"href":"https:\/\/tvbrazilusa.com\/pt\/wp-json\/wp\/v2\/categories?post=84046"},{"taxonomy":"post_tag","embeddable":true,"href":"https:\/\/tvbrazilusa.com\/pt\/wp-json\/wp\/v2\/tags?post=84046"}],"curies":[{"name":"wp","href":"https:\/\/api.w.org\/{rel}","templated":true}]}}