{"id":84052,"date":"2024-12-28T20:28:20","date_gmt":"2024-12-28T20:28:20","guid":{"rendered":"https:\/\/tvbrazilusa.com\/2024\/12\/28\/governo-diz-a-governadores-que-decreto-da-forca-policial-e-consenso\/"},"modified":"2024-12-28T20:28:21","modified_gmt":"2024-12-28T20:28:21","slug":"governo-diz-a-governadores-que-decreto-da-forca-policial-e-consenso","status":"publish","type":"post","link":"https:\/\/tvbrazilusa.com\/pt\/2024\/12\/28\/governo-diz-a-governadores-que-decreto-da-forca-policial-e-consenso\/","title":{"rendered":"Governo diz a governadores que decreto da for\u00e7a policial \u00e9 \u201cconsenso\u201d"},"content":{"rendered":"<p> <script async src=\"https:\/\/pagead2.googlesyndication.com\/pagead\/js\/adsbygoogle.js?client=ca-pub-8864793242727901\"\r\n     crossorigin=\"anonymous\"><\/script><br \/>\n<\/p>\n<div id=\"taboola-read-more\" style=\"display:block; width:100%\">\n<p>m resposta ao\u00a0<a href=\"https:\/\/www.metropoles.com\/brasil\/decreto-que-limita-acao-policial-governadores-reagem-e-deputados-preparam-ofensiva\">pedido de quatro governadores do Sul e do Sudeste<\/a>\u00a0pela revoga\u00e7\u00e3o do\u00a0<a href=\"https:\/\/www.metropoles.com\/colunas\/igor-gadelha\/governo-lula-publica-decreto-que-regula-uso-da-forca-policial\">decreto de uso da for\u00e7a policial, publicado na \u00faltima ter\u00e7a-feira (24\/12)<\/a>, o\u00a0<a href=\"https:\/\/www.gov.br\/mj\/pt-br\">Minist\u00e9rio da Justi\u00e7a e Seguran\u00e7a P\u00fablica<\/a>\u00a0afirmou que o texto \u00e9 fruto de um \u201cconsenso\u201d sobre o uso de instrumentos de menor potencial ofensivo pelos agentes de seguran\u00e7a p\u00fablica em todo o pa\u00eds.\n<\/p>\n<p>\u00a0<\/p>\n<p data-gtm-vis-recent-on-screen104869357_94=\"874959\" data-gtm-vis-first-on-screen104869357_94=\"874959\" data-gtm-vis-total-visible-time104869357_94=\"100\" data-gtm-vis-has-fired104869357_94=\"1\">\u201cO texto foi constru\u00eddo a partir de um amplo debate entre o\u00a0<a href=\"https:\/\/www.metropoles.com\/tag\/governo-lula\">governo Lula (PT)<\/a>, representantes dos estados, dos \u00f3rg\u00e3os de seguran\u00e7a p\u00fablica e da sociedade civil\u201d, afirmou a pasta, em nota divulgada na noite dessa sexta-feira (27\/12).<\/p>\n<p data-gtm-vis-recent-on-screen104869357_94=\"874959\" data-gtm-vis-first-on-screen104869357_94=\"874959\" data-gtm-vis-total-visible-time104869357_94=\"100\" data-gtm-vis-has-fired104869357_94=\"1\">Segundo o minist\u00e9rio chefiado por\u00a0<a href=\"https:\/\/www.metropoles.com\/tag\/ricardo-lewandowski\">Ricardo Lewandowski<\/a>, as discuss\u00f5es sobre o decreto presidencial aconteceram durante quase um ano, no \u00e2mbito de um grupo de trabalho (GT), institu\u00eddo em 8 de janeiro de 2024.\n<\/p>\n<p>O GT contou com integrantes do Conselho Nacional de Secret\u00e1rios de Seguran\u00e7a P\u00fablica; do Conselho Nacional de Comandantes-Gerais das Pol\u00edcias Militares; do Conselho Nacional dos Chefes de Pol\u00edcia Civil; do Conselho Nacional do Minist\u00e9rio P\u00fablico; do Conselho Nacional das Defensoras e Defensores P\u00fablicos-Gerais e da Associa\u00e7\u00e3o dos Guardas Municipais do Brasil.\n<\/p>\n<p>A Pol\u00edcia Federal e a Pol\u00edcia Rodovi\u00e1ria Federal tamb\u00e9m integraram o Grupo de Trabalho, assim como o Escrit\u00f3rio das Na\u00e7\u00f5es Unidas sobre Drogas e Crime no Brasil; o Comit\u00ea Internacional da Cruz Vermelha; o Instituto Sou da Paz e o F\u00f3rum Brasileiro de Seguran\u00e7a P\u00fablica.\n<\/p>\n<p>\u00a0<\/p>\n<p>A pasta tamb\u00e9m informou que, ao longo de todo o ano, foram realizadas 15 reuni\u00f5es desse GT. \u201cO objetivo do Minist\u00e9rio da Justi\u00e7a e Seguran\u00e7a P\u00fablica foi o de construir um texto de consenso sobre o uso de instrumentos de menor potencial ofensivo (IMPO) pelos agentes de seguran\u00e7a p\u00fablica em todo o pa\u00eds.\u201d\n<\/p>\n<h4>O que diz o decreto<\/h4>\n<p>O texto regula o uso da for\u00e7a policial no Brasil, incluindo armas de fogo e instrumentos n\u00e3o letais, abordagens, buscas domiciliares e a atua\u00e7\u00e3o dos policiais penais nos pres\u00eddios.\n<\/p>\n<p>Entre as principais medidas, est\u00e1 proibido o uso de arma de fogo contra pessoa desarmada que esteja em fuga e contra ve\u00edculo que desrespeite bloqueio policial. O instrumento ser\u00e1 sempre \u201cmedida de \u00faltimo recurso\u201d e dever\u00e1 ser restrito aos profissionais devidamente habilitados.\n<\/p>\n<p>O governo ainda justificou que a elabora\u00e7\u00e3o do decreto estava prevista em uma lei de 2014, que disciplina o uso da for\u00e7a e determina a responsabilidade do governo federal pela regulamenta\u00e7\u00e3o das diretrizes ali estabelecidas.\n<\/p>\n<div class=\"m-banner-wrap m-banner-rectangle m-publicity-content-middle\">\n<div id=\"div-gpt-ads-2\" class=\"ad-displayed\">\n<p>Ao se debru\u00e7ar sobre o tema, o Minist\u00e9rio da Justi\u00e7a e Seguran\u00e7a P\u00fablica n\u00e3o s\u00f3 cumpriu seu papel legal, mas, acima de tudo, deu fim \u00e0 inseguran\u00e7a jur\u00eddica enfrentada pelos profissionais de seguran\u00e7a p\u00fablica durante esses dez anos.\u201d\n<\/p>\n<h4>Rea\u00e7\u00e3o de governadores<\/h4>\n<p>O governador do\u00a0<a href=\"https:\/\/www.metropoles.com\/tag\/rio-de-janeiro\">Rio de Janeiro<\/a>,\u00a0<a href=\"https:\/\/www.metropoles.com\/tag\/claudio-castro\">Cl\u00e1udio Castro (PL)<\/a>, disse que o decreto \u00e9 um \u201cpresent\u00e3o de Natal para a bandidagem do pa\u00eds inteiro\u201d e prometeu acionar imediatamente o\u00a0<a href=\"https:\/\/www.metropoles.com\/tag\/stf\">Supremo Tribunal Federal (STF)<\/a>\u00a0contra a medida do governo federal.\n<\/p>\n<div class=\"m-banner-wrap m-banner-rectangle m-publicity-content-middle\">\n<div id=\"div-gpt-ads-3\" class=\"ad-displayed\">\n<blockquote>\n<p>\u201cParab\u00e9ns aos envolvidos. Decreto sem di\u00e1logo, publicado na calada da noite, sem amparo legal e numa clara invas\u00e3o de compet\u00eancia. Agora, para usar arma de fogo, as pol\u00edcias estaduais ter\u00e3o que pedir licen\u00e7a aos burocratas de plant\u00e3o em Bras\u00edlia. Uma vergonha. Que o Congresso Nacional se levante e casse esse decreto absurdo\u201d, reagiu Castro nas redes sociais.\n<\/p>\n<\/blockquote>\n<\/div>\n<p>Em novembro deste ano, os governadores dos estados das regi\u00f5es Sul e Sudeste tamb\u00e9m expressaram, em documento, posicionamento contr\u00e1rio a qualquer medida limitadora da a\u00e7\u00e3o policial. A \u201cCarta de Florian\u00f3polis\u201d foi divulgada ao final do 12\u00ba Encontro de Integra\u00e7\u00e3o Sul e Sudeste (Cosud).\n<\/p>\n<p>\u201cSomos contra qualquer proposta que enfraque\u00e7a os estados e reduza sua capacidade de agir de forma r\u00e1pida e adequada \u00e0s necessidades locais. A seguran\u00e7a p\u00fablica deve ser constru\u00edda com base na colabora\u00e7\u00e3o, no respeito \u00e0s diferen\u00e7as regionais e no fortalecimento das capacidades locais, e n\u00e3o por meio de uma estrutura centralizada que limita a efici\u00eancia e amplifica a burocracia\u201d, diz o texto.\n<\/p>\n<p>COM INFORMACOES metropoles\n<\/p>\n<\/div>\n<\/div>\n<\/div>\n<\/div>\n<p><br \/>\n<br \/><a href=\"https:\/\/diariodobrasilnoticias.com.br\/noticia\/governo-diz-a-governadores-que-decreto-da-forca-policial-e-consenso-67705127eb191\">Source link <\/a><\/p>","protected":false},"excerpt":{"rendered":"<p>m resposta ao\u00a0pedido de quatro governadores do Sul e do Sudeste\u00a0pela revoga\u00e7\u00e3o do\u00a0decreto de uso da for\u00e7a policial, publicado na \u00faltima ter\u00e7a-feira (24\/12), o\u00a0Minist\u00e9rio da Justi\u00e7a e Seguran\u00e7a P\u00fablica\u00a0afirmou que&hellip;<\/p>","protected":false},"author":1,"featured_media":84053,"comment_status":"closed","ping_status":"open","sticky":false,"template":"","format":"standard","meta":{"content-type":"","footnotes":""},"categories":[16],"tags":[123,2448,5313,1267],"class_list":["post-84052","post","type-post","status-publish","format-standard","has-post-thumbnail","hentry","category-noticias","tag-brasil","tag-diario","tag-noticia","tag-noticias"],"_links":{"self":[{"href":"https:\/\/tvbrazilusa.com\/pt\/wp-json\/wp\/v2\/posts\/84052","targetHints":{"allow":["GET"]}}],"collection":[{"href":"https:\/\/tvbrazilusa.com\/pt\/wp-json\/wp\/v2\/posts"}],"about":[{"href":"https:\/\/tvbrazilusa.com\/pt\/wp-json\/wp\/v2\/types\/post"}],"author":[{"embeddable":true,"href":"https:\/\/tvbrazilusa.com\/pt\/wp-json\/wp\/v2\/users\/1"}],"replies":[{"embeddable":true,"href":"https:\/\/tvbrazilusa.com\/pt\/wp-json\/wp\/v2\/comments?post=84052"}],"version-history":[{"count":1,"href":"https:\/\/tvbrazilusa.com\/pt\/wp-json\/wp\/v2\/posts\/84052\/revisions"}],"predecessor-version":[{"id":84054,"href":"https:\/\/tvbrazilusa.com\/pt\/wp-json\/wp\/v2\/posts\/84052\/revisions\/84054"}],"wp:featuredmedia":[{"embeddable":true,"href":"https:\/\/tvbrazilusa.com\/pt\/wp-json\/wp\/v2\/media\/84053"}],"wp:attachment":[{"href":"https:\/\/tvbrazilusa.com\/pt\/wp-json\/wp\/v2\/media?parent=84052"}],"wp:term":[{"taxonomy":"category","embeddable":true,"href":"https:\/\/tvbrazilusa.com\/pt\/wp-json\/wp\/v2\/categories?post=84052"},{"taxonomy":"post_tag","embeddable":true,"href":"https:\/\/tvbrazilusa.com\/pt\/wp-json\/wp\/v2\/tags?post=84052"}],"curies":[{"name":"wp","href":"https:\/\/api.w.org\/{rel}","templated":true}]}}