{"id":84067,"date":"2024-12-28T21:11:46","date_gmt":"2024-12-28T21:11:46","guid":{"rendered":"https:\/\/tvbrazilusa.com\/2024\/12\/28\/cantor-guilherme-arantes-passa-por-cateterismo-e-cancela-shows\/"},"modified":"2024-12-28T21:11:48","modified_gmt":"2024-12-28T21:11:48","slug":"cantor-guilherme-arantes-passa-por-cateterismo-e-cancela-shows","status":"publish","type":"post","link":"https:\/\/tvbrazilusa.com\/pt\/2024\/12\/28\/cantor-guilherme-arantes-passa-por-cateterismo-e-cancela-shows\/","title":{"rendered":"Cantor Guilherme Arantes passa por cateterismo e cancela shows"},"content":{"rendered":"<p> <script async src=\"https:\/\/pagead2.googlesyndication.com\/pagead\/js\/adsbygoogle.js?client=ca-pub-8864793242727901\"\r\n     crossorigin=\"anonymous\"><\/script><br \/>\n<\/p>\n<div>\n<figure class=\"post-image\">\n<\/figure>\n<p>            <span style=\"font-size: 12px\">Guilherme Arantes Foto: Reprodu\u00e7\u00e3o\/YouTube Guilherme Arante<\/span><\/p>\n<p>            <!-- end metas --><br \/>\n            <!-- ADS --><\/p>\n<div id=\"taboola-read-more\" style=\"display:block; width:100%\">\n<p>O cantor Guilherme Arantes precisou cancelar suas pr\u00f3ximas apresenta\u00e7\u00f5es, incluindo um show de R\u00e9veillon marcado para o dia 31 de dezembro, em Santos, no litoral de\u00a0<a href=\"https:\/\/pleno.news\/tag\/sao-paulo\" target=\"_blank\" rel=\"noopener noreferrer\">S\u00e3o Paulo<\/a>, ap\u00f3s ser submetido a um cateterismo com angioplastia n\u00e3o programado. Em raz\u00e3o do procedimento, o artista precisar\u00e1 ficar de repouso absoluto por, pelo menos, 10 dias.\n<\/p>\n<p>Em raz\u00e3o do per\u00edodo de repouso, Arantes tamb\u00e9m n\u00e3o se apresentar\u00e1 no Navio do Roupa Nova, onde tinha show programado para o dia 3 de janeiro de 2025. Em comunicado, a equipe do cantor afirmou que o procedimento foi um sucesso. Na manh\u00e3 deste s\u00e1bado (28), o pr\u00f3prio artista explicou aos f\u00e3s sua interna\u00e7\u00e3o.<\/p>\n<p>\u00a0Quero agradecer as palavras carinhosas, manifesta\u00e7\u00f5es de apre\u00e7o e energia positiva. O que aconteceu foi de natureza preventiva, mas urgente, um cateter para verificar a realidade mostrada nos exames de imagem. Constatou-se um entupimento de \u201ccoron\u00e1ria descendente anterior da ordem de 80 a 90%\u201d. Ent\u00e3o o exame se transformou em angioplastia \u2013 contou o cantor.\n<\/p>\n<p>PLENO NEWS              <\/p>\n<\/div>\n<p>                        <!-- Scripts para conteudo --><\/p>\n<p>            <!-- .\/Scripts para conteudo --><br \/>\n            <!-- .\/Mat\u00e9ria --><\/p>\n<div class=\"row mt-3\">\n<div class=\"col-sm-6\">\n                <!-- Whatsapp channel 3--><br \/>\n                <a href=\"https:\/\/chat.whatsapp.com\/B8Qy6Erx4kb6yTzj3kaDco\" target=\"_blank\"><br \/>\n                  <img decoding=\"async\" src=\"https:\/\/diariodobrasilnoticias.com.br\/assets-site\/images\/bot_whatsapp.png\"\/><\/a>\n              <\/div>\n<div class=\"col-sm-6\">\n                <a href=\"https:\/\/t.me\/+_4gTmi5LKo03OTM5\" target=\"_blank\"><br \/>\n                  <img decoding=\"async\" src=\"https:\/\/diariodobrasilnoticias.com.br\/assets-site\/images\/bot_telegram.png\"\/><\/a>\n              <\/div>\n<\/p><\/div>\n<p>            <!-- end post-navigation --><\/p>\n<p>              <!-- end row --><\/p>\n<p>              <!-- end col-12-->\n                      <\/div>\n<p><br \/>\n<br \/><a href=\"https:\/\/diariodobrasilnoticias.com.br\/noticia\/cantor-guilherme-arantes-passa-por-cateterismo-e-cancela-shows-677065a63f5b9\">Source link <\/a><\/p>","protected":false},"excerpt":{"rendered":"<p>Guilherme Arantes Foto: Reprodu\u00e7\u00e3o\/YouTube Guilherme Arante O cantor Guilherme Arantes precisou cancelar suas pr\u00f3ximas apresenta\u00e7\u00f5es, incluindo um show de R\u00e9veillon marcado para o dia 31 de dezembro, em Santos, no&hellip;<\/p>","protected":false},"author":1,"featured_media":84068,"comment_status":"closed","ping_status":"open","sticky":false,"template":"","format":"standard","meta":{"content-type":"","footnotes":""},"categories":[16],"tags":[123,2448,5313,1267],"class_list":["post-84067","post","type-post","status-publish","format-standard","has-post-thumbnail","hentry","category-noticias","tag-brasil","tag-diario","tag-noticia","tag-noticias"],"_links":{"self":[{"href":"https:\/\/tvbrazilusa.com\/pt\/wp-json\/wp\/v2\/posts\/84067","targetHints":{"allow":["GET"]}}],"collection":[{"href":"https:\/\/tvbrazilusa.com\/pt\/wp-json\/wp\/v2\/posts"}],"about":[{"href":"https:\/\/tvbrazilusa.com\/pt\/wp-json\/wp\/v2\/types\/post"}],"author":[{"embeddable":true,"href":"https:\/\/tvbrazilusa.com\/pt\/wp-json\/wp\/v2\/users\/1"}],"replies":[{"embeddable":true,"href":"https:\/\/tvbrazilusa.com\/pt\/wp-json\/wp\/v2\/comments?post=84067"}],"version-history":[{"count":1,"href":"https:\/\/tvbrazilusa.com\/pt\/wp-json\/wp\/v2\/posts\/84067\/revisions"}],"predecessor-version":[{"id":84069,"href":"https:\/\/tvbrazilusa.com\/pt\/wp-json\/wp\/v2\/posts\/84067\/revisions\/84069"}],"wp:featuredmedia":[{"embeddable":true,"href":"https:\/\/tvbrazilusa.com\/pt\/wp-json\/wp\/v2\/media\/84068"}],"wp:attachment":[{"href":"https:\/\/tvbrazilusa.com\/pt\/wp-json\/wp\/v2\/media?parent=84067"}],"wp:term":[{"taxonomy":"category","embeddable":true,"href":"https:\/\/tvbrazilusa.com\/pt\/wp-json\/wp\/v2\/categories?post=84067"},{"taxonomy":"post_tag","embeddable":true,"href":"https:\/\/tvbrazilusa.com\/pt\/wp-json\/wp\/v2\/tags?post=84067"}],"curies":[{"name":"wp","href":"https:\/\/api.w.org\/{rel}","templated":true}]}}