{"id":84075,"date":"2024-12-28T21:23:59","date_gmt":"2024-12-28T21:23:59","guid":{"rendered":"https:\/\/tvbrazilusa.com\/2024\/12\/28\/empresario-do-agronegocio-morre-atropelado\/"},"modified":"2024-12-28T21:24:01","modified_gmt":"2024-12-28T21:24:01","slug":"empresario-do-agronegocio-morre-atropelado","status":"publish","type":"post","link":"https:\/\/tvbrazilusa.com\/pt\/2024\/12\/28\/empresario-do-agronegocio-morre-atropelado\/","title":{"rendered":"Empres\u00e1rio do agroneg\u00f3cio morre atropelado"},"content":{"rendered":"<p> <script async src=\"https:\/\/pagead2.googlesyndication.com\/pagead\/js\/adsbygoogle.js?client=ca-pub-8864793242727901\"\r\n     crossorigin=\"anonymous\"><\/script><br \/>\n<\/p>\n<div>\n<figure class=\"post-image\">\n<\/figure>\n<p>            <span style=\"font-size: 12px\">Foto: REPRODU\u00c7\u00c3O &#8220;Metr\u00f3poles&#8221;<\/span><\/p>\n<p>            <!-- end metas --><br \/>\n            <!-- ADS --><\/p>\n<div id=\"taboola-read-more\" style=\"display:block; width:100%\">\n<p>Um empres\u00e1rio do agroneg\u00f3cio morreu ap\u00f3s ser atropelado por uma caminhonete enquanto participava de um pedal, em Bebedouro, no interior de\u00a0<a href=\"https:\/\/www.metropoles.com\/sao-paulo\" target=\"_blank\" rel=\"noopener noreferrer\">S\u00e3o Paulo<\/a>, na manh\u00e3 deste s\u00e1bado (28\/12). Francisco Jos\u00e9 Turchetto Santos, de 42 anos, era CEO da\u00a0<a href=\"https:\/\/www.jfcitrus.com.br\/\" target=\"_blank\" rel=\"noopener noreferrer\">JF Citrus Agropecu\u00e1ria<\/a>.\n<\/p>\n<p>\u00a0<\/p>\n<p data-gtm-vis-recent-on-screen104869357_94=\"53158\" data-gtm-vis-first-on-screen104869357_94=\"53158\" data-gtm-vis-total-visible-time104869357_94=\"100\" data-gtm-vis-has-fired104869357_94=\"1\">Outros quatro ciclistas tamb\u00e9m foram atingidos pelo ve\u00edculo. Eles pedalavam na estrada vicinal Fabiano Zacarelli. Segundo informa\u00e7\u00f5es iniciais, o motorista da caminhonete estaria escoltando o grupo.<\/p>\n<p data-gtm-vis-recent-on-screen104869357_94=\"53158\" data-gtm-vis-first-on-screen104869357_94=\"53158\" data-gtm-vis-total-visible-time104869357_94=\"100\" data-gtm-vis-has-fired104869357_94=\"1\">Nas redes sociais, o grupo JF Citrus, que atua na produ\u00e7\u00e3o de laranjas e cana-de-a\u00e7\u00facar, publicou uma mensagem de luto. \u201c\u00c9 com profundo pesar que comunicamos o falecimento de FRANCISCO JOS\u00c9 TURCHETTO SANTOS, CEO da JF CITRUS\u201d, diz o texto.\n<\/p>\n<p data-gtm-vis-recent-on-screen104869357_94=\"53158\" data-gtm-vis-first-on-screen104869357_94=\"53158\" data-gtm-vis-total-visible-time104869357_94=\"100\" data-gtm-vis-has-fired104869357_94=\"1\">\u201cNeste momento de dor, agradecemos por todas as mensagens de apoio e carinho recebidas\u201d, afirma a empresa.\n<\/p>\n<h3>Luto por morte de empres\u00e1rio<\/h3>\n<p>A\u00a0<a href=\"https:\/\/bebedouro.sp.gov.br\/portal\/\" target=\"_blank\" rel=\"noopener noreferrer\">Prefeitura de Bebedouro<\/a>\u00a0decretou luto oficial de tr\u00eas dias pela morte do empres\u00e1rio. \u201cFrancisco, empres\u00e1rio, pai dedicado, esposo amoroso e ex-presidente do Bebedouro Clube, foi um nome de destaque em nossa cidade, atuando com excel\u00eancia no ramo do agroneg\u00f3cio. Sua trajet\u00f3ria \u00e9 marcada pela dedica\u00e7\u00e3o profissional e pelos la\u00e7os de amizade e amor que cultivou ao longo de sua vida\u201d, afirma a gest\u00e3o municipal.\n<\/p>\n<blockquote>\n<p>\u201cNeste momento de dor, expressamos nossas mais sinceras condol\u00eancias \u00e0 sua esposa, Eloisa, \u00e0s suas filhas, Helena e Maria, assim como a todos os familiares, amigos e colegas que compartilham desta perda irrepar\u00e1vel.\u201d\n<\/p>\n<\/blockquote>\n<\/div>\n<p>\u201cBebedouro se despede de um grande cidad\u00e3o, cuja mem\u00f3ria permanecer\u00e1 viva em nossos cora\u00e7\u00f5es e na hist\u00f3ria de nossa cidade\u201d, diz o comunicado assinado pelo prefeito Lucas Seren (PL).\n<\/p>\n<p>O empres\u00e1rio ser\u00e1 velado na capela do Col\u00e9gio Anjo da Guarda, a partir de 20h30 deste s\u00e1bado. O sepultamento deve acontecer no domingo (29\/12).\n<\/p>\n<p>Com informa\u00e7\u00f5es metr\u00f3poles.              <\/p>\n<\/div>\n<p><br \/>\n<br \/><a href=\"https:\/\/diariodobrasilnoticias.com.br\/noticia\/empresario-do-agronegocio-morre-atropelado-67706b40de245\">Source link <\/a><\/p>","protected":false},"excerpt":{"rendered":"<p>Foto: REPRODU\u00c7\u00c3O &#8220;Metr\u00f3poles&#8221; Um empres\u00e1rio do agroneg\u00f3cio morreu ap\u00f3s ser atropelado por uma caminhonete enquanto participava de um pedal, em Bebedouro, no interior de\u00a0S\u00e3o Paulo, na manh\u00e3 deste s\u00e1bado (28\/12).&hellip;<\/p>","protected":false},"author":1,"featured_media":84076,"comment_status":"closed","ping_status":"open","sticky":false,"template":"","format":"standard","meta":{"content-type":"","footnotes":""},"categories":[16],"tags":[123,2448,5313,1267],"class_list":["post-84075","post","type-post","status-publish","format-standard","has-post-thumbnail","hentry","category-noticias","tag-brasil","tag-diario","tag-noticia","tag-noticias"],"_links":{"self":[{"href":"https:\/\/tvbrazilusa.com\/pt\/wp-json\/wp\/v2\/posts\/84075","targetHints":{"allow":["GET"]}}],"collection":[{"href":"https:\/\/tvbrazilusa.com\/pt\/wp-json\/wp\/v2\/posts"}],"about":[{"href":"https:\/\/tvbrazilusa.com\/pt\/wp-json\/wp\/v2\/types\/post"}],"author":[{"embeddable":true,"href":"https:\/\/tvbrazilusa.com\/pt\/wp-json\/wp\/v2\/users\/1"}],"replies":[{"embeddable":true,"href":"https:\/\/tvbrazilusa.com\/pt\/wp-json\/wp\/v2\/comments?post=84075"}],"version-history":[{"count":1,"href":"https:\/\/tvbrazilusa.com\/pt\/wp-json\/wp\/v2\/posts\/84075\/revisions"}],"predecessor-version":[{"id":84077,"href":"https:\/\/tvbrazilusa.com\/pt\/wp-json\/wp\/v2\/posts\/84075\/revisions\/84077"}],"wp:featuredmedia":[{"embeddable":true,"href":"https:\/\/tvbrazilusa.com\/pt\/wp-json\/wp\/v2\/media\/84076"}],"wp:attachment":[{"href":"https:\/\/tvbrazilusa.com\/pt\/wp-json\/wp\/v2\/media?parent=84075"}],"wp:term":[{"taxonomy":"category","embeddable":true,"href":"https:\/\/tvbrazilusa.com\/pt\/wp-json\/wp\/v2\/categories?post=84075"},{"taxonomy":"post_tag","embeddable":true,"href":"https:\/\/tvbrazilusa.com\/pt\/wp-json\/wp\/v2\/tags?post=84075"}],"curies":[{"name":"wp","href":"https:\/\/api.w.org\/{rel}","templated":true}]}}