{"id":84089,"date":"2024-12-28T22:07:18","date_gmt":"2024-12-28T22:07:18","guid":{"rendered":"https:\/\/tvbrazilusa.com\/2024\/12\/28\/pastores-e-suas-esposas-morrem-apos-grave-acidente-na-br-135\/"},"modified":"2024-12-28T22:07:19","modified_gmt":"2024-12-28T22:07:19","slug":"pastores-e-suas-esposas-morrem-apos-grave-acidente-na-br-135","status":"publish","type":"post","link":"https:\/\/tvbrazilusa.com\/pt\/2024\/12\/28\/pastores-e-suas-esposas-morrem-apos-grave-acidente-na-br-135\/","title":{"rendered":"Pastores e suas esposas morrem ap\u00f3s grave acidente na BR-135"},"content":{"rendered":"<p> <script async src=\"https:\/\/pagead2.googlesyndication.com\/pagead\/js\/adsbygoogle.js?client=ca-pub-8864793242727901\"\r\n     crossorigin=\"anonymous\"><\/script><br \/>\n<\/p>\n<div id=\"taboola-read-more\" style=\"display:block; width:100%\">\n<p>Quatro pessoas faleceram nesta quinta-feira (26) ap\u00f3s um acidente de carro na BR-135, em Jo\u00e3o Fel\u00edcio, Minas Gerais. Entre as v\u00edtimas estavam os pastores Jos\u00e9 Alves de Oliveira, presidente da Assembleia de Deus Minist\u00e9rio S\u00e3o Paulo, sua esposa, a mission\u00e1ria Elizete Neres; al\u00e9m do pastor Marcos Olinto Barbosa, presidente da Conven\u00e7\u00e3o Interestadual das Assembleias de Deus Minist\u00e9rio de S\u00e3o Paulo (CONIADMISP), e sua esposa, a mission\u00e1ria Sandra Mara Vieira.\n<\/p>\n<p>De acordo com informa\u00e7\u00f5es da Pol\u00edcia Militar, o pneu do carro onde estavam os casais de l\u00edderes religiosos teria estourado, fazendo com que o ve\u00edculo rodasse na pista, colidindo lateralmente com um \u00f4nibus.<\/p>\n<p>\u00a0O carro ficou completamente destru\u00eddo e todos os quatro faleceram no local. O SAMU foi chamado para prestar socorro, mas j\u00e1 era tarde. No \u00f4nibus estavam apenas dois motoristas que sa\u00edram de Monte Santo (BA), com destino a S\u00e3o Paulo (SP). Eles n\u00e3o se feriram.<\/p>\n<div>\n<p>A Assembleia de Deus S\u00e3o Paulo e a CONIADMISP emitiram nota de pesar pelas mortes.\n<\/p>\n<p>Os quatro corpos ser\u00e3o velados na sede da Igreja, localizada na Barra Funda, nesta sexta (27), \u00e0s 9h.\n<\/p>\n<p>Com informa\u00e7\u00f5es Pleno News.\n<\/p>\n<\/div>\n<figure class=\"image-block\"\/>              <\/div>\n<p><br \/>\n<br \/><a href=\"https:\/\/diariodobrasilnoticias.com.br\/noticia\/pastores-e-suas-esposas-morrem-apos-grave-acidente-na-br-135-6770752d2fdb7\">Source link <\/a><\/p>","protected":false},"excerpt":{"rendered":"<p>Quatro pessoas faleceram nesta quinta-feira (26) ap\u00f3s um acidente de carro na BR-135, em Jo\u00e3o Fel\u00edcio, Minas Gerais. Entre as v\u00edtimas estavam os pastores Jos\u00e9 Alves de Oliveira, presidente da&hellip;<\/p>","protected":false},"author":1,"featured_media":84090,"comment_status":"closed","ping_status":"open","sticky":false,"template":"","format":"standard","meta":{"content-type":"","footnotes":""},"categories":[16],"tags":[123,2448,5313,1267],"class_list":["post-84089","post","type-post","status-publish","format-standard","has-post-thumbnail","hentry","category-noticias","tag-brasil","tag-diario","tag-noticia","tag-noticias"],"_links":{"self":[{"href":"https:\/\/tvbrazilusa.com\/pt\/wp-json\/wp\/v2\/posts\/84089","targetHints":{"allow":["GET"]}}],"collection":[{"href":"https:\/\/tvbrazilusa.com\/pt\/wp-json\/wp\/v2\/posts"}],"about":[{"href":"https:\/\/tvbrazilusa.com\/pt\/wp-json\/wp\/v2\/types\/post"}],"author":[{"embeddable":true,"href":"https:\/\/tvbrazilusa.com\/pt\/wp-json\/wp\/v2\/users\/1"}],"replies":[{"embeddable":true,"href":"https:\/\/tvbrazilusa.com\/pt\/wp-json\/wp\/v2\/comments?post=84089"}],"version-history":[{"count":1,"href":"https:\/\/tvbrazilusa.com\/pt\/wp-json\/wp\/v2\/posts\/84089\/revisions"}],"predecessor-version":[{"id":84091,"href":"https:\/\/tvbrazilusa.com\/pt\/wp-json\/wp\/v2\/posts\/84089\/revisions\/84091"}],"wp:featuredmedia":[{"embeddable":true,"href":"https:\/\/tvbrazilusa.com\/pt\/wp-json\/wp\/v2\/media\/84090"}],"wp:attachment":[{"href":"https:\/\/tvbrazilusa.com\/pt\/wp-json\/wp\/v2\/media?parent=84089"}],"wp:term":[{"taxonomy":"category","embeddable":true,"href":"https:\/\/tvbrazilusa.com\/pt\/wp-json\/wp\/v2\/categories?post=84089"},{"taxonomy":"post_tag","embeddable":true,"href":"https:\/\/tvbrazilusa.com\/pt\/wp-json\/wp\/v2\/tags?post=84089"}],"curies":[{"name":"wp","href":"https:\/\/api.w.org\/{rel}","templated":true}]}}