{"id":84092,"date":"2024-12-28T21:40:45","date_gmt":"2024-12-28T21:40:45","guid":{"rendered":"https:\/\/tvbrazilusa.com\/2024\/12\/28\/olivia-hussey-eisley-estrela-de-romeu-e-julieta-morre-aos-73-anos-wsvn-7news-noticias-de-miami-clima-esportes-fort-lauderdale\/"},"modified":"2024-12-28T22:12:14","modified_gmt":"2024-12-28T22:12:14","slug":"olivia-hussey-eisley-estrela-de-romeu-e-julieta-morre-aos-73-anos-wsvn-7news-noticias-de-miami-clima-esportes-fort-lauderdale","status":"publish","type":"post","link":"https:\/\/tvbrazilusa.com\/pt\/2024\/12\/28\/olivia-hussey-eisley-estrela-de-romeu-e-julieta-morre-aos-73-anos-wsvn-7news-noticias-de-miami-clima-esportes-fort-lauderdale\/","title":{"rendered":"Olivia Hussey Eisley, estrela de &#8216;Romeu e Julieta&#8217;, morre aos 73 anos &#8211; WSVN 7News | Not\u00edcias de Miami, clima, esportes | Fort Lauderdale"},"content":{"rendered":"<p> <script async src=\"https:\/\/pagead2.googlesyndication.com\/pagead\/js\/adsbygoogle.js?client=ca-pub-8864793242727901\"\r\n     crossorigin=\"anonymous\"><\/script><br \/>\n<\/p>\n<div itemprop=\"articleBody\">\n<p><strong>(CNN) &#8211; <\/strong>Olivia Hussey Eisley, estrela do filme \u201cRomeu e Julieta\u201d de 1968 e do cl\u00e1ssico terrorista \u201cBlack Christmas\u201d, morreu, de acordo com uma postagem em sua p\u00e1gina do Instagram. Ela tinha 73 anos.<\/p>\n<p>\u201c\u00c9 com profunda tristeza que anunciamos o falecimento de Olivia Hussey Eisley, que voltou pacificamente para casa cercada por seus entes queridos no dia 27 de dezembro\u201d, diz o comunicado postado em seu Instagram. \u201cOlivia era uma pessoa not\u00e1vel cujo calor, sabedoria e pura bondade tocaram a vida de todos que a conheceram.\u201d<\/p>\n<p>\u201cRomeu e Julieta\u201d foi a grande oportunidade da atriz anglo-argentina, que lhe rendeu um <a href=\"https:\/\/goldenglobes.com\/person\/olivia-hussey\/\" target=\"_blank\" rel=\"noreferrer noopener\">Globo de Ouro<\/a> por sua atua\u00e7\u00e3o como Julieta.<\/p>\n<p><a href=\"https:\/\/wsvn.com\/entertainment\/romeo-and-juliet-director-franco-zeffirelli-dies-at-96\/\" target=\"_blank\" rel=\"noreferrer noopener\">Franco Zeffirelli<\/a>A adapta\u00e7\u00e3o da cl\u00e1ssica hist\u00f3ria de amor de Shakespeare teve suas controv\u00e9rsias. No final de 2022, Hussey Eisley e o co-astro Leonard Whiting entraram com uma a\u00e7\u00e3o contra a Paramount Studios, que produziu o filme, por permitirem que o filme fosse lan\u00e7ado com cenas que os mostravam nus quando eram menores. De acordo com a den\u00fancia, Zeffirelli disse a Hussey Eisley e Whiting \u2013 que tinham 15 e 16 anos na \u00e9poca, respectivamente \u2013 que \u201celes deveriam agir nus ou a imagem iria falhar\u201d. A a\u00e7\u00e3o foi julgada improcedente em maio de 2023.<\/p>\n<p>Hussey Eisley mais tarde estrelou o filme de terror \u201cBlack Christmas\u201d, de 1974, e apareceu na adapta\u00e7\u00e3o de Agatha Christie, de 1978, \u201cDeath on the Nile\u201d. Ela tamb\u00e9m trabalhou com Zeffirelli novamente em 1977, interpretando Maria na miniss\u00e9rie de TV \u201cJesus de Nazar\u00e9\u201d.<\/p>\n<p>Nos anos 90, Hussey Eisley estrelou v\u00e1rios filmes de terror, incluindo \u201cPsycho IV: The Beginning\u201d e \u201cIt\u201d, uma adapta\u00e7\u00e3o em miniss\u00e9rie do romance de Stephen King. Mais tarde, no in\u00edcio dos anos 2000, ela estrelou o filme biogr\u00f3fico \u201cMadre Teresa\u201d, o thriller \u201cEl Grito\u201d e a com\u00e9dia \u201cTortilla Heaven\u201d.<\/p>\n<p>Nascida em 17 de abril de 1951, em Buenos Aires, \u201cOlivia viveu uma vida cheia de paix\u00e3o, amor e dedica\u00e7\u00e3o \u00e0s artes, espiritualidade e bondade para com os animais\u201d, afirma o comunicado.<\/p>\n<p>\u201cOlivia deixa para tr\u00e1s uma fam\u00edlia amorosa &#8211; seus filhos, Alex, Max e India, seu marido h\u00e1 35 anos, David Glen Eisley, e seu neto, Greyson, e um legado de amor que ser\u00e1 guardado para sempre em nossos cora\u00e7\u00f5es\u201d, dizia a declara\u00e7\u00e3o. .<\/p>\n<p>\u201cEnquanto lamentamos esta imensa perda, tamb\u00e9m celebramos o impacto duradouro de Olivia em nossas vidas e na ind\u00fastria. Agradecemos seus pensamentos e ora\u00e7\u00f5es durante este momento dif\u00edcil e pedimos privacidade enquanto lamentamos a perda de uma alma verdadeiramente especial.\u201d<\/p>\n<p><em>The-CNN-Wire\u2122 e \u00a9 2024 Cable News Network, Inc., uma empresa da Time Warner. Todos os direitos reservados.<\/em><\/p>\n<div class=\"wp-block-newsletter\">\n\t<strong class=\"wp-block-newsletter__title\">Cadastre-se em nosso boletim informativo para receber as \u00faltimas not\u00edcias diretamente em sua caixa de entrada<\/strong><\/p>\n<\/div><\/div>\n<p><br \/>\n<br \/><a href=\"https:\/\/wsvn.com\/entertainment\/romeo-and-juliet-star-olivia-hussey-eisley-dies-at-73\/\">Source link <\/a><\/p>","protected":false},"excerpt":{"rendered":"<p>(CNN) &#8211; Olivia Hussey Eisley, estrela do filme \u201cRomeu e Julieta\u201d de 1968 e do cl\u00e1ssico terrorista \u201cBlack Christmas\u201d, morreu, de acordo com uma postagem em sua p\u00e1gina do Instagram.&hellip;<\/p>","protected":false},"author":1,"featured_media":84093,"comment_status":"closed","ping_status":"open","sticky":false,"template":"","format":"standard","meta":{"content-type":"","footnotes":""},"categories":[1],"tags":[],"class_list":["post-84092","post","type-post","status-publish","format-standard","has-post-thumbnail","hentry","category-uncategorized"],"_links":{"self":[{"href":"https:\/\/tvbrazilusa.com\/pt\/wp-json\/wp\/v2\/posts\/84092","targetHints":{"allow":["GET"]}}],"collection":[{"href":"https:\/\/tvbrazilusa.com\/pt\/wp-json\/wp\/v2\/posts"}],"about":[{"href":"https:\/\/tvbrazilusa.com\/pt\/wp-json\/wp\/v2\/types\/post"}],"author":[{"embeddable":true,"href":"https:\/\/tvbrazilusa.com\/pt\/wp-json\/wp\/v2\/users\/1"}],"replies":[{"embeddable":true,"href":"https:\/\/tvbrazilusa.com\/pt\/wp-json\/wp\/v2\/comments?post=84092"}],"version-history":[{"count":1,"href":"https:\/\/tvbrazilusa.com\/pt\/wp-json\/wp\/v2\/posts\/84092\/revisions"}],"predecessor-version":[{"id":84094,"href":"https:\/\/tvbrazilusa.com\/pt\/wp-json\/wp\/v2\/posts\/84092\/revisions\/84094"}],"wp:featuredmedia":[{"embeddable":true,"href":"https:\/\/tvbrazilusa.com\/pt\/wp-json\/wp\/v2\/media\/84093"}],"wp:attachment":[{"href":"https:\/\/tvbrazilusa.com\/pt\/wp-json\/wp\/v2\/media?parent=84092"}],"wp:term":[{"taxonomy":"category","embeddable":true,"href":"https:\/\/tvbrazilusa.com\/pt\/wp-json\/wp\/v2\/categories?post=84092"},{"taxonomy":"post_tag","embeddable":true,"href":"https:\/\/tvbrazilusa.com\/pt\/wp-json\/wp\/v2\/tags?post=84092"}],"curies":[{"name":"wp","href":"https:\/\/api.w.org\/{rel}","templated":true}]}}