{"id":84095,"date":"2024-12-28T22:19:48","date_gmt":"2024-12-28T22:19:48","guid":{"rendered":"https:\/\/tvbrazilusa.com\/2024\/12\/28\/vereador-esta-entre-desaparecidos-apos-queda-de-ponte-saiba-quem\/"},"modified":"2024-12-28T22:19:49","modified_gmt":"2024-12-28T22:19:49","slug":"vereador-esta-entre-desaparecidos-apos-queda-de-ponte-saiba-quem","status":"publish","type":"post","link":"https:\/\/tvbrazilusa.com\/pt\/2024\/12\/28\/vereador-esta-entre-desaparecidos-apos-queda-de-ponte-saiba-quem\/","title":{"rendered":"Vereador est\u00e1 entre desaparecidos ap\u00f3s queda de ponte. Saiba quem"},"content":{"rendered":"<p> <script async src=\"https:\/\/pagead2.googlesyndication.com\/pagead\/js\/adsbygoogle.js?client=ca-pub-8864793242727901\"\r\n     crossorigin=\"anonymous\"><\/script><br \/>\n<\/p>\n<div id=\"taboola-read-more\" style=\"display:block; width:100%\">\n<p>O vereador Ailson Gomes Carneiro (PSD), de 57 anos, \u00e9 uma das v\u00edtimas desaparecidas ap\u00f3s o\u00a0<a href=\"https:\/\/www.metropoles.com\/brasil\/queda-de-ponte-tanques-de-caminhoes-com-acido-estao-intactos\" target=\"_blank\" rel=\"noopener noreferrer\">desabamento da ponte Juscelino Kubitscheck de Oliveira<\/a>, ocorrido no domingo (22\/12), entre as cidades de Aguiarn\u00f3polis (TO) e Estreito (MA). Ele foi reeleito ao cargo nas elei\u00e7\u00f5es deste ano em Novo Repartimento (PA).\n<\/p>\n<p data-gtm-vis-recent-on-screen104869357_94=\"61054\" data-gtm-vis-first-on-screen104869357_94=\"61054\" data-gtm-vis-total-visible-time104869357_94=\"100\" data-gtm-vis-has-fired104869357_94=\"1\">Ailson e a esposa, Eliz\u00e2ngela Santos das Chagas, de 50 anos, passavam de caminhonete pela ponte, no\u00a0<a href=\"https:\/\/www.metropoles.com\/brasil\/veja-imagens-de-caminhoes-submersos-em-rio-apos-queda-de-ponte-video\" target=\"_blank\" rel=\"noopener noreferrer\">momento da queda<\/a>. O corpo dela foi encontrado e teve a identidade confirmada pelo Instituto M\u00e9dico Legal (IML). J\u00e1 o nome Ailson ainda \u00e9 mantido entre as pessoas desaparecidas.<\/p>\n<p>\u00a0<\/p>\n<p>Ele foi eleito vereador de Novo Repartimento, pela primeira vez, em 2020. Ailson voltou a se\u00a0<a href=\"https:\/\/www.metropoles.com\/brasil\/eleicoes-2024-fortalecimento-da-centro-direita-da-o-tom-para-2026\" target=\"_blank\" rel=\"noopener noreferrer\">candidatar novamente este ano<\/a>, sendo reeleito como o segundo mais votado da cidade, com 1.568 votos. Assim como nos demais munic\u00edpios do pa\u00eds, a posse de Ailson est\u00e1 agendada para o dia 1\u00ba de janeiro.\n<\/p>\n<p>Em nota publicada nas redes sociais, a Prefeitura do Novo Repartimento lamentou a morte da esposa do vereador, ap\u00f3s a confirma\u00e7\u00e3o da identidade do corpo encontrado. \u201cCom grande pesar, comunicamos que o corpo de Elisangela Santos das Chagas, 50 anos, foi encontrado na noite desta sexta-feira (27)\u201d, informa o texto.\n<\/p>\n<p>\u201cUma mulher de imensa bondade, que sempre esteve ao lado de sua fam\u00edlia e amigos, e cujo sorriso iluminava todos ao seu redor. Que Deus conforte os cora\u00e7\u00f5es de todos que a conheceram\u201d, complementa o texto da nota.\n<\/p>\n<h4>Queda da ponte<\/h4>\n<p>A ponte Juscelino Kubitscheck desabou no domingo, no momento em que 10 ve\u00edculos transitavam pela estrutura. O impacto destruiu parte da ponte, lan\u00e7ando os ve\u00edculos ao Rio Tocantins. Equipes da Marinha, do Corpo de Bombeiros e de outras for\u00e7as de resgate foram mobilizadas imediatamente.\n<\/p>\n<p>Nessa sexta-feira, as buscas foram parcialmente interrompidas depois que o\u00a0<a href=\"https:\/\/www.metropoles.com\/colunas\/tacio-lorran\/ponte-dnit-obras-paralisadas\" target=\"_blank\" rel=\"noopener noreferrer\">Departamento Nacional de Infraestrutura de Transportes (Dnit)<\/a>\u00a0detectou movimenta\u00e7\u00e3o na estrutura remanescente da ponte, o que aumentou o risco de novos desabamentos. As opera\u00e7\u00f5es foram retomadas neste s\u00e1bado (28\/12), com a instala\u00e7\u00e3o de sensores nos pilares para monitorar poss\u00edveis instabilidades.\n<\/p>\n<p>At\u00e9 o momento, j\u00e1 foram confirmadas nove mortes, segundo a Marinha do Brasil. Oito pessoas seguem desaparecidas. O Minist\u00e9rio dos Transportes anunciou a destina\u00e7\u00e3o de R$ 100 milh\u00f5es a R$ 150 milh\u00f5es para a reconstru\u00e7\u00e3o da ponte, com previs\u00e3o de conclus\u00e3o at\u00e9 2025. As causas do desabamento ainda est\u00e3o sendo investigadas.\n<\/p>\n<p>Com infoma\u00e7\u00f5es metr\u00f3poles.              <\/p>\n<\/div>\n<p><br \/>\n<br \/><a href=\"https:\/\/diariodobrasilnoticias.com.br\/noticia\/vereador-esta-entre-desaparecidos-apos-queda-de-ponte-saiba-quem-67707736521fc\">Source link <\/a><\/p>","protected":false},"excerpt":{"rendered":"<p>O vereador Ailson Gomes Carneiro (PSD), de 57 anos, \u00e9 uma das v\u00edtimas desaparecidas ap\u00f3s o\u00a0desabamento da ponte Juscelino Kubitscheck de Oliveira, ocorrido no domingo (22\/12), entre as cidades de&hellip;<\/p>","protected":false},"author":1,"featured_media":84096,"comment_status":"closed","ping_status":"open","sticky":false,"template":"","format":"standard","meta":{"content-type":"","footnotes":""},"categories":[16],"tags":[123,2448,5313,1267],"class_list":["post-84095","post","type-post","status-publish","format-standard","has-post-thumbnail","hentry","category-noticias","tag-brasil","tag-diario","tag-noticia","tag-noticias"],"_links":{"self":[{"href":"https:\/\/tvbrazilusa.com\/pt\/wp-json\/wp\/v2\/posts\/84095","targetHints":{"allow":["GET"]}}],"collection":[{"href":"https:\/\/tvbrazilusa.com\/pt\/wp-json\/wp\/v2\/posts"}],"about":[{"href":"https:\/\/tvbrazilusa.com\/pt\/wp-json\/wp\/v2\/types\/post"}],"author":[{"embeddable":true,"href":"https:\/\/tvbrazilusa.com\/pt\/wp-json\/wp\/v2\/users\/1"}],"replies":[{"embeddable":true,"href":"https:\/\/tvbrazilusa.com\/pt\/wp-json\/wp\/v2\/comments?post=84095"}],"version-history":[{"count":1,"href":"https:\/\/tvbrazilusa.com\/pt\/wp-json\/wp\/v2\/posts\/84095\/revisions"}],"predecessor-version":[{"id":84097,"href":"https:\/\/tvbrazilusa.com\/pt\/wp-json\/wp\/v2\/posts\/84095\/revisions\/84097"}],"wp:featuredmedia":[{"embeddable":true,"href":"https:\/\/tvbrazilusa.com\/pt\/wp-json\/wp\/v2\/media\/84096"}],"wp:attachment":[{"href":"https:\/\/tvbrazilusa.com\/pt\/wp-json\/wp\/v2\/media?parent=84095"}],"wp:term":[{"taxonomy":"category","embeddable":true,"href":"https:\/\/tvbrazilusa.com\/pt\/wp-json\/wp\/v2\/categories?post=84095"},{"taxonomy":"post_tag","embeddable":true,"href":"https:\/\/tvbrazilusa.com\/pt\/wp-json\/wp\/v2\/tags?post=84095"}],"curies":[{"name":"wp","href":"https:\/\/api.w.org\/{rel}","templated":true}]}}