{"id":84098,"date":"2024-12-28T22:31:42","date_gmt":"2024-12-28T22:31:42","guid":{"rendered":"https:\/\/tvbrazilusa.com\/2024\/12\/28\/inacreditavel-governo-lula-muda-classificacao-etaria-de-chaves-por-violencia-e-agora-nao-e-recomendado-para-menores-de-10-anos\/"},"modified":"2024-12-28T22:31:43","modified_gmt":"2024-12-28T22:31:43","slug":"inacreditavel-governo-lula-muda-classificacao-etaria-de-chaves-por-violencia-e-agora-nao-e-recomendado-para-menores-de-10-anos","status":"publish","type":"post","link":"https:\/\/tvbrazilusa.com\/pt\/2024\/12\/28\/inacreditavel-governo-lula-muda-classificacao-etaria-de-chaves-por-violencia-e-agora-nao-e-recomendado-para-menores-de-10-anos\/","title":{"rendered":"INACREDIT\u00c1VEL: Governo Lula muda classifica\u00e7\u00e3o et\u00e1ria de Chaves por \u201cviol\u00eancia\u201d e agora n\u00e3o \u00e9 recomendado para menores de 10 anos"},"content":{"rendered":"<p> <script async src=\"https:\/\/pagead2.googlesyndication.com\/pagead\/js\/adsbygoogle.js?client=ca-pub-8864793242727901\"\r\n     crossorigin=\"anonymous\"><\/script><br \/>\n<\/p>\n<div id=\"taboola-read-more\" style=\"display:block; width:100%\">\n<p>O Minist\u00e9rio da Justi\u00e7a do governo Lula (PT) mudou as classifica\u00e7\u00f5es indicativas das s\u00e9ries Chaves e Chapolin, exibidas pelo SBT nas noites de segunda a sexta-feira. At\u00e9 a \u00faltima quinta (26), os dois programas eram exibidos com classifica\u00e7\u00e3o livre, mas a pasta federal definiu a censura de Chaves como \u201cn\u00e3o recomendado para menores de 10 anos\u201d e de Chapolin como \u201cn\u00e3o recomendado para menores de 12 anos\u201d.\n<\/p>\n<p>As portarias com a defini\u00e7\u00e3o da censura dos programas foram publicadas na edi\u00e7\u00e3o desta sexta (27) do Di\u00e1rio Oficial da Uni\u00e3o (DOU). No caso de Chaves, a pasta diz que a s\u00e9rie cont\u00e9m \u201cdrogas l\u00edcitas\u201d e \u201cviol\u00eancia fantasiosa\u201d. J\u00e1 em rela\u00e7\u00e3o a Chapolin, o argumento \u00e9 similar e o minist\u00e9rio fala em \u201cdrogas l\u00edcitas\u201d e \u201cviol\u00eancia\u201d para recomendar que apenas pessoas acima de 12 anos assistam ao conte\u00fado.<\/p>\n<\/p><\/div>\n<p><br \/>\n<br \/><a href=\"https:\/\/diariodobrasilnoticias.com.br\/noticia\/inacreditavel-governo-lula-muda-classificacao-etaria-de-chaves-por-violencia-e-agora-nao-e-recomendado-para-menores-de-10-anos-677069362f9ad\">Source link <\/a><\/p>","protected":false},"excerpt":{"rendered":"<p>O Minist\u00e9rio da Justi\u00e7a do governo Lula (PT) mudou as classifica\u00e7\u00f5es indicativas das s\u00e9ries Chaves e Chapolin, exibidas pelo SBT nas noites de segunda a sexta-feira. At\u00e9 a \u00faltima quinta&hellip;<\/p>","protected":false},"author":1,"featured_media":84099,"comment_status":"closed","ping_status":"open","sticky":false,"template":"","format":"standard","meta":{"content-type":"","footnotes":""},"categories":[16],"tags":[123,2448,5313,1267],"class_list":["post-84098","post","type-post","status-publish","format-standard","has-post-thumbnail","hentry","category-noticias","tag-brasil","tag-diario","tag-noticia","tag-noticias"],"_links":{"self":[{"href":"https:\/\/tvbrazilusa.com\/pt\/wp-json\/wp\/v2\/posts\/84098","targetHints":{"allow":["GET"]}}],"collection":[{"href":"https:\/\/tvbrazilusa.com\/pt\/wp-json\/wp\/v2\/posts"}],"about":[{"href":"https:\/\/tvbrazilusa.com\/pt\/wp-json\/wp\/v2\/types\/post"}],"author":[{"embeddable":true,"href":"https:\/\/tvbrazilusa.com\/pt\/wp-json\/wp\/v2\/users\/1"}],"replies":[{"embeddable":true,"href":"https:\/\/tvbrazilusa.com\/pt\/wp-json\/wp\/v2\/comments?post=84098"}],"version-history":[{"count":1,"href":"https:\/\/tvbrazilusa.com\/pt\/wp-json\/wp\/v2\/posts\/84098\/revisions"}],"predecessor-version":[{"id":84100,"href":"https:\/\/tvbrazilusa.com\/pt\/wp-json\/wp\/v2\/posts\/84098\/revisions\/84100"}],"wp:featuredmedia":[{"embeddable":true,"href":"https:\/\/tvbrazilusa.com\/pt\/wp-json\/wp\/v2\/media\/84099"}],"wp:attachment":[{"href":"https:\/\/tvbrazilusa.com\/pt\/wp-json\/wp\/v2\/media?parent=84098"}],"wp:term":[{"taxonomy":"category","embeddable":true,"href":"https:\/\/tvbrazilusa.com\/pt\/wp-json\/wp\/v2\/categories?post=84098"},{"taxonomy":"post_tag","embeddable":true,"href":"https:\/\/tvbrazilusa.com\/pt\/wp-json\/wp\/v2\/tags?post=84098"}],"curies":[{"name":"wp","href":"https:\/\/api.w.org\/{rel}","templated":true}]}}