{"id":84110,"date":"2024-12-28T22:44:18","date_gmt":"2024-12-28T22:44:18","guid":{"rendered":"https:\/\/tvbrazilusa.com\/2024\/12\/28\/pcc-policia-acha-malas-de-dinheiro-em-acao-que-prendeu-morcegao-veja\/"},"modified":"2024-12-28T22:44:19","modified_gmt":"2024-12-28T22:44:19","slug":"pcc-policia-acha-malas-de-dinheiro-em-acao-que-prendeu-morcegao-veja","status":"publish","type":"post","link":"https:\/\/tvbrazilusa.com\/pt\/2024\/12\/28\/pcc-policia-acha-malas-de-dinheiro-em-acao-que-prendeu-morcegao-veja\/","title":{"rendered":"PCC: pol\u00edcia acha malas de dinheiro em a\u00e7\u00e3o que prendeu Morceg\u00e3o. Veja"},"content":{"rendered":"<p> <script async src=\"https:\/\/pagead2.googlesyndication.com\/pagead\/js\/adsbygoogle.js?client=ca-pub-8864793242727901\"\r\n     crossorigin=\"anonymous\"><\/script><br \/>\n<\/p>\n<div id=\"taboola-read-more\" style=\"display:block; width:100%\">\n<p>\u00a0A Opera\u00e7\u00e3o Narcos, que resultou na pris\u00e3o do l\u00edder do\u00a0<a href=\"https:\/\/www.metropoles.com\/tag\/pcc\" target=\"_blank\" rel=\"noopener noreferrer\">PCC<\/a>\u00a0Rog\u00e9rio Faria da Silva, conhecido como\u00a0<a href=\"https:\/\/www.metropoles.com\/sao-paulo\/quem-chefao-pcc-preso-cruzeiro-santos\" target=\"_blank\" rel=\"noopener noreferrer\">Morceg\u00e3o<\/a>, apreendeu malas de dinheiro, carros e mais de 400 tijolos de coca\u00edna, entre outros objetos, na cidade de Limeira, no interior de\u00a0<a href=\"https:\/\/www.metropoles.com\/sao-paulo\" target=\"_blank\" rel=\"noopener noreferrer\">S\u00e3o Paulo<\/a>.\n<\/p>\n<p>\u00a0<\/p>\n<p><iframe title=\"Opera\u00e7\u00e3o Narcos prende torre do PCC e apreende drogas e dinheiro.mp4\" src=\"https:\/\/cdn.jwplayer.com\/players\/w7Ma1K8F-65fVsHCx.html\" width=\"100%\" height=\"100%\" frameborder=\"0\" scrolling=\"auto\" allowfullscreen=\"allowfullscreen\" data-mce-fragment=\"1\"><\/iframe><\/p>\n<p data-gtm-vis-recent-on-screen104869357_94=\"47861\" data-gtm-vis-first-on-screen104869357_94=\"47861\" data-gtm-vis-total-visible-time104869357_94=\"100\" data-gtm-vis-has-fired104869357_94=\"1\">Morceg\u00e3o, de 44 anos, exercia a fun\u00e7\u00e3o de \u201ctorre\u201d na cidade. Na hierarquia do PCC, \u201ctorre\u201d \u00e9 a pessoa que controla as atividades criminosas da fac\u00e7\u00e3o em uma determinada regi\u00e3o, uma esp\u00e9cie de gerente regional da fac\u00e7\u00e3o.<\/p>\n<p data-gtm-vis-recent-on-screen104869357_94=\"47861\" data-gtm-vis-first-on-screen104869357_94=\"47861\" data-gtm-vis-total-visible-time104869357_94=\"100\" data-gtm-vis-has-fired104869357_94=\"1\">Em um dos im\u00f3veis onde foram cumpridos mandados da Opera\u00e7\u00e3o Narcos, deflagrada na quinta-feira (26\/12), a pol\u00edcia localizou malas e mochilas cheias de dinheiro. Tamb\u00e9m foram apreendidos grande quantidade de coca\u00edna, m\u00e1quina de contar c\u00e9dulas, ve\u00edculos e celulares.\n<\/p>\n<p data-gtm-vis-recent-on-screen104869357_94=\"47861\" data-gtm-vis-first-on-screen104869357_94=\"47861\" data-gtm-vis-total-visible-time104869357_94=\"100\" data-gtm-vis-has-fired104869357_94=\"1\">A Secretaria da Seguran\u00e7a P\u00fablica (<a href=\"https:\/\/www.ssp.sp.gov.br\/\" target=\"_blank\" rel=\"noopener noreferrer\">SSP<\/a>), informou, em nota, que os objetos apreendidos v\u00e3o ajudar na continuidade das investiga\u00e7\u00f5es. Ainda segundo a pasta, o objetivo \u00e9 identificar outros envolvidos.\n<\/p>\n<p data-gtm-vis-recent-on-screen104869357_94=\"47861\" data-gtm-vis-first-on-screen104869357_94=\"47861\" data-gtm-vis-total-visible-time104869357_94=\"100\" data-gtm-vis-has-fired104869357_94=\"1\">Morceg\u00e3o foi\u00a0<a href=\"https:\/\/www.metropoles.com\/sao-paulo\/chefe-pcc-preso-navio-cruzeiro-santos\" target=\"_blank\" rel=\"noopener noreferrer\">preso na tarde da \u00faltima quinta-feira<\/a>\u00a0(26\/12) enquanto desembarcava de um cruzeiro em Santos, no\u00a0<a href=\"https:\/\/www.metropoles.com\/tag\/litoral-paulista\" target=\"_blank\" rel=\"noopener noreferrer\">litoral paulista<\/a>. Ele estava em uma viagem de navio com a fam\u00edlia.\n<\/p>\n<p data-gtm-vis-recent-on-screen104869357_94=\"47861\" data-gtm-vis-first-on-screen104869357_94=\"47861\" data-gtm-vis-total-visible-time104869357_94=\"100\" data-gtm-vis-has-fired104869357_94=\"1\">Com informa\u00e7\u00f5es metr\u00f3poles.              <\/p>\n<\/div>\n<p><br \/>\n<br \/><a href=\"https:\/\/diariodobrasilnoticias.com.br\/noticia\/pcc-policia-acha-malas-de-dinheiro-em-acao-que-prendeu-morcegao-veja-67707a26707d4\">Source link <\/a><\/p>","protected":false},"excerpt":{"rendered":"<p>\u00a0A Opera\u00e7\u00e3o Narcos, que resultou na pris\u00e3o do l\u00edder do\u00a0PCC\u00a0Rog\u00e9rio Faria da Silva, conhecido como\u00a0Morceg\u00e3o, apreendeu malas de dinheiro, carros e mais de 400 tijolos de coca\u00edna, entre outros objetos,&hellip;<\/p>","protected":false},"author":1,"featured_media":84111,"comment_status":"closed","ping_status":"open","sticky":false,"template":"","format":"standard","meta":{"content-type":"","footnotes":""},"categories":[16],"tags":[123,2448,5313,1267],"class_list":["post-84110","post","type-post","status-publish","format-standard","has-post-thumbnail","hentry","category-noticias","tag-brasil","tag-diario","tag-noticia","tag-noticias"],"_links":{"self":[{"href":"https:\/\/tvbrazilusa.com\/pt\/wp-json\/wp\/v2\/posts\/84110","targetHints":{"allow":["GET"]}}],"collection":[{"href":"https:\/\/tvbrazilusa.com\/pt\/wp-json\/wp\/v2\/posts"}],"about":[{"href":"https:\/\/tvbrazilusa.com\/pt\/wp-json\/wp\/v2\/types\/post"}],"author":[{"embeddable":true,"href":"https:\/\/tvbrazilusa.com\/pt\/wp-json\/wp\/v2\/users\/1"}],"replies":[{"embeddable":true,"href":"https:\/\/tvbrazilusa.com\/pt\/wp-json\/wp\/v2\/comments?post=84110"}],"version-history":[{"count":1,"href":"https:\/\/tvbrazilusa.com\/pt\/wp-json\/wp\/v2\/posts\/84110\/revisions"}],"predecessor-version":[{"id":84112,"href":"https:\/\/tvbrazilusa.com\/pt\/wp-json\/wp\/v2\/posts\/84110\/revisions\/84112"}],"wp:featuredmedia":[{"embeddable":true,"href":"https:\/\/tvbrazilusa.com\/pt\/wp-json\/wp\/v2\/media\/84111"}],"wp:attachment":[{"href":"https:\/\/tvbrazilusa.com\/pt\/wp-json\/wp\/v2\/media?parent=84110"}],"wp:term":[{"taxonomy":"category","embeddable":true,"href":"https:\/\/tvbrazilusa.com\/pt\/wp-json\/wp\/v2\/categories?post=84110"},{"taxonomy":"post_tag","embeddable":true,"href":"https:\/\/tvbrazilusa.com\/pt\/wp-json\/wp\/v2\/tags?post=84110"}],"curies":[{"name":"wp","href":"https:\/\/api.w.org\/{rel}","templated":true}]}}