{"id":84113,"date":"2024-12-28T22:43:08","date_gmt":"2024-12-28T22:43:08","guid":{"rendered":"https:\/\/tvbrazilusa.com\/2024\/12\/28\/drake-maye-dobra-sua-confianca-na-equipe-tecnica-do-patriots-apos-a-derrota-para-o-chargers\/"},"modified":"2024-12-28T22:49:59","modified_gmt":"2024-12-28T22:49:59","slug":"drake-maye-dobra-sua-confianca-na-equipe-tecnica-do-patriots-apos-a-derrota-para-o-chargers","status":"publish","type":"post","link":"https:\/\/tvbrazilusa.com\/pt\/2024\/12\/28\/drake-maye-dobra-sua-confianca-na-equipe-tecnica-do-patriots-apos-a-derrota-para-o-chargers\/","title":{"rendered":"Drake Maye dobra sua confian\u00e7a na equipe t\u00e9cnica do Patriots ap\u00f3s a derrota para o Chargers"},"content":{"rendered":"<p> <script async src=\"https:\/\/pagead2.googlesyndication.com\/pagead\/js\/adsbygoogle.js?client=ca-pub-8864793242727901\"\r\n     crossorigin=\"anonymous\"><\/script><br \/>\n<\/p>\n<div id=\"\">\n<header class=\"m-article-header m-article-header--standard\">\n\t\t\t\t\t\t\t\t\t\t\t\t<span id=\"article-header-primary-term\"><br \/>\n\t\t\t\t\t\t\t\t<a class=\"a-term a-term--primary\" href=\"https:\/\/www.boston.com\/tag\/new-england-patriots\/\"><\/p>\n<p>\t\t\t\t\t\t\t\tPatriotas\t\t\t\t\t\t\t\t<\/a><br \/>\n\t\t\t\t\t\t\t<\/span><\/p>\n<h2 class=\"m-article-header__sub-headline\">\u201cEles ainda trazem isso toda semana. \u2026 Eles n\u00e3o est\u00e3o desistindo.\u201d<\/h2>\n<figure class=\"a-photo m-article-header__photo\"><figcaption class=\"a-photo__caption\">\n<p>\tDrake Maye continua a apoiar seu treinador principal enquanto os Patriots ca\u00edram para 3-13 naquele ano.<em> Foto AP\/Gene J. Puskar<\/em>\t<\/figcaption><\/figure>\n<div class=\"m-article-header__meta\">\n<div class=\"m-article-header__byline\">\n<p class=\"m-article-header__author\">\n<p>\t\t\t\t\t\t\t\tPor <a class=\"a-link a-link--inline\" href=\"https:\/\/www.boston.com\/author\/kaley-brown\/\">Kaley Brown<\/a>\t\t\t\t\t\t\t<\/p>\n<p>\t\t\t\t\t\t\t\t\t\t\t\t\t\t\t<time class=\"m-article-header__date\"><\/p>\n<p>\t\t\t\t\t\t\t\t\t28 de dezembro de 2024 | 17h43\t\t\t\t\t\t\t\t<\/time><\/p>\n<p><span>2 minutos para ler<\/span><\/p>\n<\/p><\/div>\n<\/p><\/div>\n<\/header>\n<p>O Gillette Stadium meio cheio ficou agitado na tarde de s\u00e1bado enquanto os Patriots <a href=\"https:\/\/www.boston.com\/sports\/new-england-patriots\/2024\/12\/28\/patriots-chargers-game-updates-live-blog\/\" target=\"_blank\" rel=\"noreferrer noopener\">caiu de forma vergonhosa<\/a> para o Los Angeles Chargers, 40-7.<\/p>\n<p>Gritos de \u201cFire Mayo!\u201d soou no quarto per\u00edodo, quando o d\u00e9ficit do New England aumentou e os Patriots ca\u00edram para 3-13 na temporada.<\/p>\n<p>O quarterback Drake Maye, talvez o \u00fanico ponto positivo do time em sua \u00faltima partida, reiterou seu apoio ao t\u00e9cnico Jerod Mayo e ao coordenador ofensivo Alex Van Pelt ap\u00f3s a derrota.<\/p>\n<p>\u201cEles ainda trazem isso toda semana. Acho que isso \u00e9 o mais importante\u201d, <a href=\"https:\/\/www.patriots.com\/video\/drake-maye-12-28-we-couldn-t-get-into-rhythm-offensively\" target=\"_blank\" rel=\"noreferrer noopener\">Maye disse aos rep\u00f3rteres do p\u00f3dio.<\/a> \u201cEles n\u00e3o est\u00e3o desistindo, eles ainda est\u00e3o treinando com afinco desde a primeira semana. Eles ainda est\u00e3o estudando cinema com afinco, ainda se reunindo com afinco.<\/p>\n<p>\u201cEnt\u00e3o eu acho que o mais importante \u00e9 que voc\u00ea n\u00e3o v\u00ea esses caras desistindo. O placar pode n\u00e3o dizer isso hoje, mas esses caras ainda querem vencer, ainda deixamos tudo para fora toda semana.\u201d<\/p>\n<p>Ap\u00f3s a derrota na semana passada para o Buffalo Bills, Maye fez coment\u00e1rios semelhantes apoiando seus treinadores.<\/p>\n<p>\u201cS\u00f3 estou tentando bloquear esse barulho,\u201d <a href=\"https:\/\/www.boston.com\/sponsored\/new-england-patriots\/2024\/12\/22\/drake-maye-new-england-patriots-jerod-mayo-alex-van-pelt-bills\/\" target=\"_blank\" rel=\"noreferrer noopener\">Maye disse sobre as narrativas<\/a> em torno de Mayo e Van Pelt. Mayo aparentemente <a href=\"https:\/\/www.boston.com\/sports\/new-england-patriots\/2024\/12\/15\/jerod-mayo-alex-van-pelt-drake-maye-new-england-patriots-play-calls-cardinals\/\" target=\"_blank\" rel=\"noreferrer noopener\">gritou<\/a> A jogada de Van Pelt ap\u00f3s a derrota dos Patriots para os Cardinals na semana 15. \u201cAcho que \u00e9 um monte de conversas sobre nossa equipe t\u00e9cnica e coisas assim. Eu acho que \u00e9 uma besteira, para ser sincero.<\/p>\n<p>\u201cTreinador Mayo, como eu disse, n\u00f3s o apoiamos e ele treina muito. Ele quer vencer. Todos n\u00f3s queremos vencer. Estamos todos frustrados.\u201d<\/p>\n<p>Maye apoiou seus treinadores durante todo o ano, um bom sinal para um jovem QB, apesar das defici\u00eancias da comiss\u00e3o t\u00e9cnica.<\/p>\n<p>No caso de Maye, ele continuou a melhorar em campo e a se consolidar como QB da franquia da Nova Inglaterra. Tudo apesar do p\u00e9ssimo jogo de linha ofensiva, das armas med\u00edocres ao seu redor e de toda uma comiss\u00e3o t\u00e9cnica cujos trabalhos podem estar em jogo.<\/p>\n<p>O propriet\u00e1rio Robert Kraft supostamente garantiu a Mayo que ele n\u00e3o seria demitido ap\u00f3s a temporada, <a href=\"https:\/\/www.boston.com\/sports\/new-england-patriots\/2024\/12\/14\/robert-kraft-jerod-mayo-patriots-coach-status-rumors\/\" target=\"_blank\" rel=\"noreferrer noopener\">de acordo com <em>O Atl\u00e9tico<\/em>Dianna Russoni<\/a> no in\u00edcio deste m\u00eas.<\/p>\n<p>No entanto, <a href=\"https:\/\/www.cbsnews.com\/boston\/news\/jerod-mayo-new-england-patriots-future-collapse-nfl\/\" target=\"_blank\" rel=\"noreferrer noopener\">Ian Rapoport, membro da NFL <\/a>disse na semana passada que uma mudan\u00e7a de treinador principal poderia ser feita sob certas circunst\u00e2ncias.<\/p>\n<p>\u201cAgora, se as coisas sa\u00edrem dos trilhos \u2013 eles realmente lutam e ele perde o vesti\u00e1rio nos \u00faltimos jogos da temporada \u2013 vimos isso mudar\u201d, disse ele.<\/p>\n<p>A Nova Inglaterra joga mais uma partida nesta temporada, um jogo em casa contra o Bills no pr\u00f3ximo domingo \u00e0s 13h, hor\u00e1rio do leste. A semana 18 marcar\u00e1 o \u00faltimo jogo de Maye em seu ano de estreia.<\/p>\n<div class=\"m-block m-generic-cta\t m-generic-cta--post-content\t m-generic-cta--dark\t m-generic-cta--homepage\t m-generic-cta--email-signup\t\t m-generic-cta-block-style--default \tt-amp__generic-cta\"><\/p>\n<div class=\"m-generic-cta__wrap\">\n<div class=\"m-generic-cta__content\">\n<h3 class=\"m-generic-cta__title\">Inscreva-se para receber atualiza\u00e7\u00f5es do Patriots\ud83c\udfc8<\/h3>\n<p class=\"m-generic-cta__subtitle\">Receba as \u00faltimas not\u00edcias e an\u00e1lises em sua caixa de entrada durante a temporada de futebol.<\/p>\n<\/p><\/div>\n<\/p><\/div>\n<\/div><\/div>\n<p><script>\n\t\tvar consent=\"grant\";\n\t\t\/* The above code is parsing the JSON data from the local storage and storing it in a variable. *\/\n\t\t\t\t\tconst onetrustStorageConsent = JSON.parse(localStorage.getItem( 'consent_one_trust_bdc' ) );\n\t\t\tif ( ( onetrustStorageConsent !== null ) ) {\n\t\t\t\t\/* Checking to see if the user has consented to the use of cookies.\n\t\t\t\t* If they have not, it is deleting the cookie.\n\t\t\t\t* This will comment for now, until further notice.\n\t\t\t\t*\/\n\t\t\t\t\/\/if ( onetrustStorageConsent.C0002 === false ) {\n\t\t\t\t\/\/\tdocument.cookie=\"_fbp=;expires=Thu, 01 Jan 2010 00:00:00 UTC; path=\/; domain=.boston.com\";\n\t\t\t\t\/\/}\n\t\t\t\t\/* Checking if the user has given consent for the cookie C0002.\n\t\t\t\t* If the user has given consent, the variable consent will be set to 'grant'.\n\t\t\t\t* If the user has not given consent,the variable consent will be set to 'revoke'.\n\t\t\t\t* Documentation https:\/\/developers.facebook.com\/docs\/meta-pixel\/implementation\/gdpr\n\t\t\t\t*\/\n\t\t\t\tif ( onetrustStorageConsent.C0002 !== true ) {\n\t\t\t\t\tconsent=\"revoke\";\n\t\t\t\t}\n\t\t\t}\n\t\t\t\t!function(f,b,e,v,n,t,s)\n\t\t{if(f.fbq)return;n=f.fbq=function(){n.callMethod?\n\t\tn.callMethod.apply(n,arguments):n.queue.push(arguments)};\n\t\tif(!f._fbq)f._fbq=n;n.push=n;n.loaded=!0;n.version='2.0';\n\t\tn.queue=[];t=b.createElement(e);t.async=!0;\n\t\tt.src=v;s=b.getElementsByTagName(e)[0];\n\t\ts.parentNode.insertBefore(t,s)}(window, document,'script',\n\t\t'https:\/\/connect.facebook.net\/en_US\/fbevents.js');\n\t\tfbq('consent', consent);\n\t\tfbq('init', '989222871864976');\n\t\tfbq('track', 'PageView');\n\t<\/script><script type=\"module\">\n\t\tvar consent=\"grant\";\n\t\t\/* The above code is parsing the JSON data from the local storage and storing it in a variable. *\/\n\t\t\tconst onetrustStorageConsent = JSON.parse(localStorage.getItem( 'consent_one_trust_bdc' ) );\n\t\t\t\/* Checking to see if the user has consented to the use of cookies.\n\t\t\t* If they have not, it is deleting the cookie.\n\t\t\t* This will comment for now, until further notice.\n\t\t\t*\/\n\t\t\t\/\/if ( onetrustStorageConsent.C0002 === false ) {\n\t\t\t\/\/\tdocument.cookie=\"_fbp=;expires=Thu, 01 Jan 2010 00:00:00 UTC; path=\/; domain=.boston.com\";\n\t\t\t\/\/}\n\t\t\t\/* Checking if the user has given consent for the cookie C0002.\n\t\t\t* If the user has given consent, the variable consent will be set to 'grant'.\n\t\t\t* If the user has not given consent,the variable consent will be set to 'revoke'.\n\t\t\t* Documentation https:\/\/developers.facebook.com\/docs\/meta-pixel\/implementation\/gdpr\n\t\t\t*\/\n\t\t\tif ( ( onetrustStorageConsent !== null ) && (onetrustStorageConsent.C0002 !== true ) ) {\n\t\t\t\tconsent=\"revoke\";\n\t\t\t}\n\t\t\t\t!function(f,b,e,v,n,t,s){if(f.fbq)return;n=f.fbq=function()\n\t\t{n.callMethod? n.callMethod.apply(n,arguments):n.queue.push(arguments)}\n\t\t;if(!f._fbq)f._fbq=n;\n\t\tn.push=n;n.loaded=!0;n.version='2.0';n.queue=[];t=b.createElement(e);t.async=!0;\n\t\tt.src=v;s=b.getElementsByTagName(e)[0];s.parentNode.insertBefore(t,s)}(window,\n\t\tdocument,'script','https:\/\/connect.facebook.net\/en_US\/fbevents.js');\n\t\tfbq('consent', consent);\n\t\tfbq('init', '813236348753005');\n\t\tfbq('track', \"PageView\");\n\t<\/script><br \/>\n<br \/><br \/>\n<br \/><a href=\"https:\/\/www.boston.com\/sports\/new-england-patriots\/2024\/12\/28\/patriots-drake-maye-jerod-mayo-alex-van-pelt-comments-chargers-quotes\/\">Source link <\/a><\/p>","protected":false},"excerpt":{"rendered":"<p>Patriotas \u201cEles ainda trazem isso toda semana. \u2026 Eles n\u00e3o est\u00e3o desistindo.\u201d Drake Maye continua a apoiar seu treinador principal enquanto os Patriots ca\u00edram para 3-13 naquele ano. Foto AP\/Gene&hellip;<\/p>","protected":false},"author":1,"featured_media":84114,"comment_status":"closed","ping_status":"open","sticky":false,"template":"","format":"standard","meta":{"content-type":"","footnotes":""},"categories":[1],"tags":[],"class_list":["post-84113","post","type-post","status-publish","format-standard","has-post-thumbnail","hentry","category-uncategorized"],"_links":{"self":[{"href":"https:\/\/tvbrazilusa.com\/pt\/wp-json\/wp\/v2\/posts\/84113","targetHints":{"allow":["GET"]}}],"collection":[{"href":"https:\/\/tvbrazilusa.com\/pt\/wp-json\/wp\/v2\/posts"}],"about":[{"href":"https:\/\/tvbrazilusa.com\/pt\/wp-json\/wp\/v2\/types\/post"}],"author":[{"embeddable":true,"href":"https:\/\/tvbrazilusa.com\/pt\/wp-json\/wp\/v2\/users\/1"}],"replies":[{"embeddable":true,"href":"https:\/\/tvbrazilusa.com\/pt\/wp-json\/wp\/v2\/comments?post=84113"}],"version-history":[{"count":1,"href":"https:\/\/tvbrazilusa.com\/pt\/wp-json\/wp\/v2\/posts\/84113\/revisions"}],"predecessor-version":[{"id":84115,"href":"https:\/\/tvbrazilusa.com\/pt\/wp-json\/wp\/v2\/posts\/84113\/revisions\/84115"}],"wp:featuredmedia":[{"embeddable":true,"href":"https:\/\/tvbrazilusa.com\/pt\/wp-json\/wp\/v2\/media\/84114"}],"wp:attachment":[{"href":"https:\/\/tvbrazilusa.com\/pt\/wp-json\/wp\/v2\/media?parent=84113"}],"wp:term":[{"taxonomy":"category","embeddable":true,"href":"https:\/\/tvbrazilusa.com\/pt\/wp-json\/wp\/v2\/categories?post=84113"},{"taxonomy":"post_tag","embeddable":true,"href":"https:\/\/tvbrazilusa.com\/pt\/wp-json\/wp\/v2\/tags?post=84113"}],"curies":[{"name":"wp","href":"https:\/\/api.w.org\/{rel}","templated":true}]}}