{"id":84116,"date":"2024-12-28T22:56:55","date_gmt":"2024-12-28T22:56:55","guid":{"rendered":"https:\/\/tvbrazilusa.com\/2024\/12\/28\/apos-ato-pro-aborto-conanda-pode-perder-poderes-normativos\/"},"modified":"2024-12-28T22:56:56","modified_gmt":"2024-12-28T22:56:56","slug":"apos-ato-pro-aborto-conanda-pode-perder-poderes-normativos","status":"publish","type":"post","link":"https:\/\/tvbrazilusa.com\/pt\/2024\/12\/28\/apos-ato-pro-aborto-conanda-pode-perder-poderes-normativos\/","title":{"rendered":"Ap\u00f3s ato pr\u00f3-aborto, Conanda pode perder poderes normativos"},"content":{"rendered":"<p> <script async src=\"https:\/\/pagead2.googlesyndication.com\/pagead\/js\/adsbygoogle.js?client=ca-pub-8864793242727901\"\r\n     crossorigin=\"anonymous\"><\/script><br \/>\n<\/p>\n<div id=\"taboola-read-more\" style=\"display:block; width:100%\">\n<p>A deputada federal Chris Tonietto (PL-RJ) est\u00e1 recolhendo assinaturas para o requerimento de urg\u00eancia do projeto de lei 168\/2021, que tira os poderes normativos do Conanda, e o transforma em \u00f3rg\u00e3o meramente consultivo.\n<\/p>\n<p>A informa\u00e7\u00e3o foi compartilhada pela parlamentar em suas redes sociais, pedindo aos seus seguidores que chamem os deputados de seus estados para que assinem o requerimento.<\/p>\n<p>\u2013 Depois da resolu\u00e7\u00e3o aprovada hoje, que pode levar meninas a fazerem abortos com at\u00e9 9 meses de gesta\u00e7\u00e3o, ficou claro que esse \u00f3rg\u00e3o n\u00e3o-eleito perdeu qualquer compromisso com a ci\u00eancia e com a democracia, e est\u00e1 fazendo apenas uma milit\u00e2ncia irrespons\u00e1vel e perigosa \u2013 disse Tonietto.\n<\/p>\n<p>E continuou:\n<\/p>\n<p>\u2013 Fa\u00e7a essa mensagem chegar ao deputado que recebeu o seu voto! Est\u00e1 na hora de nos mobilizarmos em defesa da vida! O que est\u00e1 em jogo n\u00e3o \u00e9 pol\u00edtica, n\u00e3o \u00e9 ideologia: s\u00e3o vidas humanas. Beb\u00eas inocentes no ventre materno. O Direito de Nascer \u00e9 o primeiro dos direitos. Vamos resistir!\n<\/p>\n<p>No dia 23 de dezembro, o Conselho Nacional dos Direitos da Crian\u00e7a e do Adolescente (Conanda) aprovou, por 15 votos a 13, uma resolu\u00e7\u00e3o que facilita o acesso ao aborto para menores de idade v\u00edtimas de viol\u00eancia sexual.\n<\/p>\n<p>A nova norma permite a realiza\u00e7\u00e3o do procedimento at\u00e9 o nono m\u00eas de gesta\u00e7\u00e3o, sem limita\u00e7\u00e3o de tempo. Tamb\u00e9m n\u00e3o exige o consentimento ou conhecimento dos pais ou respons\u00e1veis da menor e n\u00e3o inclui alternativas como a entrega volunt\u00e1ria do rec\u00e9m-nascido ou a antecipa\u00e7\u00e3o terap\u00eautica do parto.\n<\/p>\n<p>Com informa\u00e7\u00f5es pleno news.              <\/p>\n<\/div>\n<p><br \/>\n<br \/><a href=\"https:\/\/diariodobrasilnoticias.com.br\/noticia\/apos-ato-pro-aborto-conanda-pode-perder-poderes-normativos-677070af985a8\">Source link <\/a><\/p>","protected":false},"excerpt":{"rendered":"<p>A deputada federal Chris Tonietto (PL-RJ) est\u00e1 recolhendo assinaturas para o requerimento de urg\u00eancia do projeto de lei 168\/2021, que tira os poderes normativos do Conanda, e o transforma em&hellip;<\/p>","protected":false},"author":1,"featured_media":84117,"comment_status":"closed","ping_status":"open","sticky":false,"template":"","format":"standard","meta":{"content-type":"","footnotes":""},"categories":[16],"tags":[123,2448,5313,1267],"class_list":["post-84116","post","type-post","status-publish","format-standard","has-post-thumbnail","hentry","category-noticias","tag-brasil","tag-diario","tag-noticia","tag-noticias"],"_links":{"self":[{"href":"https:\/\/tvbrazilusa.com\/pt\/wp-json\/wp\/v2\/posts\/84116","targetHints":{"allow":["GET"]}}],"collection":[{"href":"https:\/\/tvbrazilusa.com\/pt\/wp-json\/wp\/v2\/posts"}],"about":[{"href":"https:\/\/tvbrazilusa.com\/pt\/wp-json\/wp\/v2\/types\/post"}],"author":[{"embeddable":true,"href":"https:\/\/tvbrazilusa.com\/pt\/wp-json\/wp\/v2\/users\/1"}],"replies":[{"embeddable":true,"href":"https:\/\/tvbrazilusa.com\/pt\/wp-json\/wp\/v2\/comments?post=84116"}],"version-history":[{"count":1,"href":"https:\/\/tvbrazilusa.com\/pt\/wp-json\/wp\/v2\/posts\/84116\/revisions"}],"predecessor-version":[{"id":84118,"href":"https:\/\/tvbrazilusa.com\/pt\/wp-json\/wp\/v2\/posts\/84116\/revisions\/84118"}],"wp:featuredmedia":[{"embeddable":true,"href":"https:\/\/tvbrazilusa.com\/pt\/wp-json\/wp\/v2\/media\/84117"}],"wp:attachment":[{"href":"https:\/\/tvbrazilusa.com\/pt\/wp-json\/wp\/v2\/media?parent=84116"}],"wp:term":[{"taxonomy":"category","embeddable":true,"href":"https:\/\/tvbrazilusa.com\/pt\/wp-json\/wp\/v2\/categories?post=84116"},{"taxonomy":"post_tag","embeddable":true,"href":"https:\/\/tvbrazilusa.com\/pt\/wp-json\/wp\/v2\/tags?post=84116"}],"curies":[{"name":"wp","href":"https:\/\/api.w.org\/{rel}","templated":true}]}}