{"id":84148,"date":"2024-12-28T23:55:22","date_gmt":"2024-12-28T23:55:22","guid":{"rendered":"https:\/\/tvbrazilusa.com\/2024\/12\/28\/roberto-carlos-leva-o-proprio-sanitario-para-os-shows-e-impoe-exigencias-sobre-as-rosas\/"},"modified":"2024-12-28T23:55:24","modified_gmt":"2024-12-28T23:55:24","slug":"roberto-carlos-leva-o-proprio-sanitario-para-os-shows-e-impoe-exigencias-sobre-as-rosas","status":"publish","type":"post","link":"https:\/\/tvbrazilusa.com\/pt\/2024\/12\/28\/roberto-carlos-leva-o-proprio-sanitario-para-os-shows-e-impoe-exigencias-sobre-as-rosas\/","title":{"rendered":"Roberto Carlos leva o pr\u00f3prio sanit\u00e1rio para os shows e imp\u00f5e exig\u00eancias sobre as rosas"},"content":{"rendered":"<p> <script async src=\"https:\/\/pagead2.googlesyndication.com\/pagead\/js\/adsbygoogle.js?client=ca-pub-8864793242727901\"\r\n     crossorigin=\"anonymous\"><\/script><br \/>\n<\/p>\n<div>\n<figure class=\"post-image\">\n<\/figure>\n<p>            <span style=\"font-size: 12px\">Foto: Divulga\u00e7\u00e3o\/ Globo &#8211; Fot\u00f3grafo: F\u00e1bio Rocha\/ Mercado Livre<\/span><\/p>\n<p>            <!-- end metas --><br \/>\n            <!-- ADS --><\/p>\n<div id=\"taboola-read-more\" style=\"display:block; width:100%\">\n<p>Em uma conversa com Kak\u00e1 Meyer no Kak\u00e1Pod, Carolina Nunes, empres\u00e1ria de eventos e especialista em marketing, compartilhou detalhes de sua experi\u00eancia trabalhando em um show do cantor\u00a0<a href=\"https:\/\/12ft.io\/proxy?q=https%3A%2F%2Fosegredo.com.br%2Ftudo-sobre%2Froberto-carlos%2F\" target=\"_parent\">Roberto Carlos<\/a>.\n<\/p>\n<p><strong>Ela liderou parte da equipe durante uma performance para 3 mil espectadores em Santos<\/strong>, no litoral de S\u00e3o Paulo. Carolina se mostrou surpresa com as modestas solicita\u00e7\u00f5es para o camarim.<\/p>\n<p><strong>\u201cA lista de camarim era super simples. Era uma bolachinha, caf\u00e9, \u00e1gua, umas coisas bem simples\u201d<\/strong>, revelou.\n<\/p>\n<p>Interessantemente,\u00a0<a href=\"https:\/\/12ft.io\/proxy?q=https%3A%2F%2Fwww.instagram.com%2Frobertocarlosoficial%2F\" target=\"_parent\" rel=\"nofollow\">Roberto Carlos<\/a>\u00a0faz quest\u00e3o de levar seus pr\u00f3prios pratos, copos e talheres. \u201c<strong>Agora, a parte de estrutura \u00e9 que foi o B.O.<\/strong>\u201d, comentou Carolina.\n<\/p>\n<blockquote>\n<p>Ele leva o sanit\u00e1rio dele.\n<\/p>\n<\/blockquote>\n<\/div>\n<p>A equipe do artista cuida do transporte e da instala\u00e7\u00e3o do banheiro qu\u00edmico port\u00e1til.\n<\/p>\n<p><strong>Essa aten\u00e7\u00e3o \u00e0 higiene pessoal parece estar ligada ao seu conhecido transtorno obsessivo compulsivo (TOC)<\/strong>. Em abril de 2021, ele mencionou ao jornal \u2018O Globo\u2019 que sua rotina de limpeza se intensificou durante a pandemia de covid-19, incluindo lavar as m\u00e3os repetidamente.\n<\/p>\n<p>Carolina tamb\u00e9m comentou sobre as exig\u00eancias espec\u00edficas relacionadas \u00e0s rosas que o \u2018rei\u2019 oferece \u00e0s f\u00e3s no final dos shows.\n<\/p>\n<blockquote>\n<p>Tem de cortar o caule (de todas) igual, n\u00e3o pode ter 1 cent\u00edmetro a mais nem a menos\u00a0<cite>esclareceu.<\/cite>\n<\/p>\n<\/blockquote>\n<\/div>\n<p><script async src=\"\/\/www.instagram.com\/embed.js\"><\/script><br \/>\n<br \/><br \/>\n<br \/><a href=\"https:\/\/diariodobrasilnoticias.com.br\/noticia\/roberto-carlos-leva-o-proprio-sanitario-para-os-shows-e-impoe-exigencias-sobre-as-rosas-6770876bcaed5\">Source link <\/a><\/p>","protected":false},"excerpt":{"rendered":"<p>Foto: Divulga\u00e7\u00e3o\/ Globo &#8211; Fot\u00f3grafo: F\u00e1bio Rocha\/ Mercado Livre Em uma conversa com Kak\u00e1 Meyer no Kak\u00e1Pod, Carolina Nunes, empres\u00e1ria de eventos e especialista em marketing, compartilhou detalhes de sua&hellip;<\/p>","protected":false},"author":1,"featured_media":84149,"comment_status":"closed","ping_status":"open","sticky":false,"template":"","format":"standard","meta":{"content-type":"","footnotes":""},"categories":[16],"tags":[123,2448,5313,1267],"class_list":["post-84148","post","type-post","status-publish","format-standard","has-post-thumbnail","hentry","category-noticias","tag-brasil","tag-diario","tag-noticia","tag-noticias"],"_links":{"self":[{"href":"https:\/\/tvbrazilusa.com\/pt\/wp-json\/wp\/v2\/posts\/84148","targetHints":{"allow":["GET"]}}],"collection":[{"href":"https:\/\/tvbrazilusa.com\/pt\/wp-json\/wp\/v2\/posts"}],"about":[{"href":"https:\/\/tvbrazilusa.com\/pt\/wp-json\/wp\/v2\/types\/post"}],"author":[{"embeddable":true,"href":"https:\/\/tvbrazilusa.com\/pt\/wp-json\/wp\/v2\/users\/1"}],"replies":[{"embeddable":true,"href":"https:\/\/tvbrazilusa.com\/pt\/wp-json\/wp\/v2\/comments?post=84148"}],"version-history":[{"count":1,"href":"https:\/\/tvbrazilusa.com\/pt\/wp-json\/wp\/v2\/posts\/84148\/revisions"}],"predecessor-version":[{"id":84150,"href":"https:\/\/tvbrazilusa.com\/pt\/wp-json\/wp\/v2\/posts\/84148\/revisions\/84150"}],"wp:featuredmedia":[{"embeddable":true,"href":"https:\/\/tvbrazilusa.com\/pt\/wp-json\/wp\/v2\/media\/84149"}],"wp:attachment":[{"href":"https:\/\/tvbrazilusa.com\/pt\/wp-json\/wp\/v2\/media?parent=84148"}],"wp:term":[{"taxonomy":"category","embeddable":true,"href":"https:\/\/tvbrazilusa.com\/pt\/wp-json\/wp\/v2\/categories?post=84148"},{"taxonomy":"post_tag","embeddable":true,"href":"https:\/\/tvbrazilusa.com\/pt\/wp-json\/wp\/v2\/tags?post=84148"}],"curies":[{"name":"wp","href":"https:\/\/api.w.org\/{rel}","templated":true}]}}