{"id":84151,"date":"2024-12-29T00:08:19","date_gmt":"2024-12-29T00:08:19","guid":{"rendered":"https:\/\/tvbrazilusa.com\/2024\/12\/29\/defesa-de-silveira-ironiza-decisao-e-ensina-portugues-a-moraes\/"},"modified":"2024-12-29T00:08:20","modified_gmt":"2024-12-29T00:08:20","slug":"defesa-de-silveira-ironiza-decisao-e-ensina-portugues-a-moraes","status":"publish","type":"post","link":"https:\/\/tvbrazilusa.com\/pt\/2024\/12\/29\/defesa-de-silveira-ironiza-decisao-e-ensina-portugues-a-moraes\/","title":{"rendered":"Defesa de Silveira ironiza decis\u00e3o e \u201censina\u201d portugu\u00eas a Moraes"},"content":{"rendered":"<p> <script async src=\"https:\/\/pagead2.googlesyndication.com\/pagead\/js\/adsbygoogle.js?client=ca-pub-8864793242727901\"\r\n     crossorigin=\"anonymous\"><\/script><br \/>\n<\/p>\n<div id=\"taboola-read-more\" style=\"display:block; width:100%\">\n<p>A defesa do ex-deputado Daniel Silveira ironizou decis\u00e3o do\u00a0<a href=\"https:\/\/www.metropoles.com\/brasil\/moraes-manda-advogados-de-silveira-explicarem-ida-a-shopping\" target=\"_blank\" rel=\"noopener noreferrer\">ministro Alexandre de Moraes, do Supremo Tribunal Federal (STF)<\/a>, e listou supostos erros de interpreta\u00e7\u00e3o e mau uso da l\u00edngua portuguesa pelo gabinete do magistrado. A peti\u00e7\u00e3o protocolada nesta sexta-feira (27\/12) responde \u00e0 determina\u00e7\u00e3o de Moraes para que a defesa do ex-parlamentar explicasse supostas viola\u00e7\u00f5es \u00e0s condi\u00e7\u00f5es da liberdade condicional.\n<\/p>\n<p>O ponto central da discuss\u00e3o est\u00e1 em trecho de decis\u00e3o anterior de Moraes que determinou a \u201cproibi\u00e7\u00e3o de ausentar-se da Comarca e obriga\u00e7\u00e3o de recolher-se \u00e0 resid\u00eancia no per\u00edodo noturno, das 22h00 \u00e0s 6h00, bem como nos s\u00e1bados, domingos e feriados\u201d.<\/p>\n<p>Sobre a interpreta\u00e7\u00e3o dada por Moraes quanto \u00e0s veda\u00e7\u00f5es da liberdade condicional, a defesa disse que \u201cfaltou bom senso, sobrou m\u00e1-f\u00e9\u201d. Os advogados ainda afirmam haver ambiguidade no despacho do ministro do STF que estabeleceu as regras da liberdade condicional.\n<\/p>\n<p>Os advogados ressaltaram ainda que n\u00e3o houve viola\u00e7\u00f5es no toque de recolher no dia 22 de dezembro,\u00a0<a href=\"https:\/\/www.metropoles.com\/brasil\/moraes-manda-advogados-de-silveira-explicarem-ida-a-shopping\" target=\"_blank\" rel=\"noopener noreferrer\">quando Silveira teria ido a um shopping<\/a>.\n<\/p>\n<h4>Ironias<\/h4>\n<p>Em determinado trecho da peti\u00e7\u00e3o, a defesa de Silveira escreve que, caso haja insufici\u00eancia de conhecimento sobre as regras b\u00e1sicas da l\u00edngua portuguesa, \u201ccom a devida v\u00eania, uma reciclagem \u00e9 necess\u00e1ria\u201d.\n<\/p>\n<blockquote>\n<p>\u201cCom isso, e sem maiores delongas, est\u00e1 provado que N\u00c3O HOUVE NENHUMA VIOLA\u00c7\u00c3O, se o pr\u00f3prio relat\u00f3rio da SEAP n\u00e3o indicou o que o relator regurgitou aos quatro ventos, acusando o Requerente de inexistente viola\u00e7\u00e3o\u201d, escreveu a defesa.\n<\/p>\n<p>Os advogados ainda requerem tamb\u00e9m que Moraes pe\u00e7a desculpas p\u00fablicas a Silveira e \u00e0 sua fam\u00edlia. Na peti\u00e7\u00e3o, eles ainda defendem que a Secretaria de Administra\u00e7\u00e3o Penitenci\u00e1ria (Seap) do Rio de Janeiro n\u00e3o indicou viola\u00e7\u00f5es em 22 de dezembro, quando Silveira esteve no shopping.\n<\/p>\n<h4>Moraes pede explica\u00e7\u00f5es<\/h4>\n<p>Nessa quinta-feira (26\/12), o ministro Alexandre de Moraes determinou que a defesa de Daniel Silveira explicasse descumprimentos das condi\u00e7\u00f5es impostas para a liberdade condicional do ex-deputado. Em uma delas, ocorrida em 22 de dezembro, Silveira teria ido a um shopping em Petr\u00f3polis (RJ), onde permaneceu por mais de uma hora.\n<\/p>\n<p>Foi em raz\u00e3o de um descumprimento \u00e0s regras da liberdade condicional que Moraes determinou que Silveira voltasse a cumprir a pena em regime fechado. O ex-deputado federal voltou a ser preso na \u00faltima ter\u00e7a-feira (24\/12), v\u00e9spera de Natal.\n<\/p>\n<p>O ex-parlamentar, que foi detido inicialmente em fevereiro de 2023, havia sido beneficiado pelo ministro Alexandre de Moraes na \u00faltima sexta-feira (20\/12), com liberdade condicional.\n<\/p>\n<p>Nesta quinta-feira (26\/12), a Secretaria de Estado de Administra\u00e7\u00e3o Penitenci\u00e1ria do Estado do Rio de Janeiro (Seap-RJ) encaminhou ao STF relat\u00f3rio de geolocaliza\u00e7\u00e3o de Daniel Silveira. No documento, o \u00f3rg\u00e3o informa v\u00e1rios descumprimentos das condi\u00e7\u00f5es impostas para a liberdade condicional do ex-parlamentar.\n<\/p>\n<p>Com informa\u00e7\u00f5es metr\u00f3poles.\n<\/p>\n<\/blockquote>\n<\/div>\n<p><br \/>\n<br \/><a href=\"https:\/\/diariodobrasilnoticias.com.br\/noticia\/defesa-de-silveira-ironiza-decisao-e-ensina-portugues-a-moraes-67707873b12fd\">Source link <\/a><\/p>","protected":false},"excerpt":{"rendered":"<p>A defesa do ex-deputado Daniel Silveira ironizou decis\u00e3o do\u00a0ministro Alexandre de Moraes, do Supremo Tribunal Federal (STF), e listou supostos erros de interpreta\u00e7\u00e3o e mau uso da l\u00edngua portuguesa pelo&hellip;<\/p>","protected":false},"author":1,"featured_media":84152,"comment_status":"closed","ping_status":"open","sticky":false,"template":"","format":"standard","meta":{"content-type":"","footnotes":""},"categories":[16],"tags":[123,2448,5313,1267],"class_list":["post-84151","post","type-post","status-publish","format-standard","has-post-thumbnail","hentry","category-noticias","tag-brasil","tag-diario","tag-noticia","tag-noticias"],"_links":{"self":[{"href":"https:\/\/tvbrazilusa.com\/pt\/wp-json\/wp\/v2\/posts\/84151","targetHints":{"allow":["GET"]}}],"collection":[{"href":"https:\/\/tvbrazilusa.com\/pt\/wp-json\/wp\/v2\/posts"}],"about":[{"href":"https:\/\/tvbrazilusa.com\/pt\/wp-json\/wp\/v2\/types\/post"}],"author":[{"embeddable":true,"href":"https:\/\/tvbrazilusa.com\/pt\/wp-json\/wp\/v2\/users\/1"}],"replies":[{"embeddable":true,"href":"https:\/\/tvbrazilusa.com\/pt\/wp-json\/wp\/v2\/comments?post=84151"}],"version-history":[{"count":1,"href":"https:\/\/tvbrazilusa.com\/pt\/wp-json\/wp\/v2\/posts\/84151\/revisions"}],"predecessor-version":[{"id":84153,"href":"https:\/\/tvbrazilusa.com\/pt\/wp-json\/wp\/v2\/posts\/84151\/revisions\/84153"}],"wp:featuredmedia":[{"embeddable":true,"href":"https:\/\/tvbrazilusa.com\/pt\/wp-json\/wp\/v2\/media\/84152"}],"wp:attachment":[{"href":"https:\/\/tvbrazilusa.com\/pt\/wp-json\/wp\/v2\/media?parent=84151"}],"wp:term":[{"taxonomy":"category","embeddable":true,"href":"https:\/\/tvbrazilusa.com\/pt\/wp-json\/wp\/v2\/categories?post=84151"},{"taxonomy":"post_tag","embeddable":true,"href":"https:\/\/tvbrazilusa.com\/pt\/wp-json\/wp\/v2\/tags?post=84151"}],"curies":[{"name":"wp","href":"https:\/\/api.w.org\/{rel}","templated":true}]}}