{"id":84158,"date":"2024-12-29T00:37:54","date_gmt":"2024-12-29T00:37:54","guid":{"rendered":"https:\/\/tvbrazilusa.com\/2024\/12\/29\/policia-civil-prende-dois-suspeitos-de-matar-empresario-a-tiros-no-df\/"},"modified":"2024-12-29T00:37:55","modified_gmt":"2024-12-29T00:37:55","slug":"policia-civil-prende-dois-suspeitos-de-matar-empresario-a-tiros-no-df","status":"publish","type":"post","link":"https:\/\/tvbrazilusa.com\/pt\/2024\/12\/29\/policia-civil-prende-dois-suspeitos-de-matar-empresario-a-tiros-no-df\/","title":{"rendered":"Pol\u00edcia Civil prende dois suspeitos de matar empres\u00e1rio a tiros no DF"},"content":{"rendered":"<p> <script async src=\"https:\/\/pagead2.googlesyndication.com\/pagead\/js\/adsbygoogle.js?client=ca-pub-8864793242727901\"\r\n     crossorigin=\"anonymous\"><\/script><br \/>\n<\/p>\n<p>A\u00a0<a href=\"https:\/\/www.metropoles.com\/tag\/pcdf\" target=\"_blank\" rel=\"noopener noreferrer\">Pol\u00edcia Civil do Distrito Federal (PCDF)<\/a>, por meio da 35\u00aa DP, prendeu\u00a0<a href=\"https:\/\/www.metropoles.com\/distrito-federal\/video-mostra-suspeitos-de-matarem-empresario-perto-da-cena-do-crime\" target=\"_blank\" rel=\"noopener noreferrer\">dois suspeitos de envolvimento no assassinato do empres\u00e1rio<\/a>\u00a0Eliel do Nascimento de Sousa neste s\u00e1bado (28\/12). O homem, de 38 anos, foi encontrado morto e com m\u00faltiplas perfura\u00e7\u00f5es de arma de fogo na noite dessa sexta-feira (27\/12). O corpo estava em um matagal localizado pr\u00f3ximo a uma f\u00e1brica de cimento, em Sobradinho.\n<\/p>\n<p>O empres\u00e1rio estava desaparecido desde a quinta-feira (26\/12), quando foi visto pela \u00faltima vez na regi\u00e3o de Engenho Velho, na Fercal. Um v\u00eddeo mostra dois motoqueiros transitando pr\u00f3ximo a uma zona de mata em Sobradinho no mesmo dia do sumi\u00e7o da v\u00edtima.<\/p>\n<div>\n<p><iframe title=\"V\u00eddeo mostra suspeitos de matarem empres\u00e1rio do DF perto da cena do crime.mp4\" src=\"https:\/\/cdn.jwplayer.com\/players\/JwLgB2wR-65fVsHCx.html\" width=\"100%\" height=\"100%\" frameborder=\"0\" scrolling=\"auto\" allowfullscreen=\"allowfullscreen\"><\/iframe><\/p>\n<p>Nas imedia\u00e7\u00f5es do local onde o corpo foi encontrado, testemunhas relataram ter avistado esses dois motociclistas entrando no matagal. Segundo informa\u00e7\u00f5es registradas na\u00a0<a href=\"https:\/\/www.pcdf.df.gov.br\/\" target=\"_blank\" rel=\"noopener noreferrer\">PCDF<\/a>, a v\u00edtima era propriet\u00e1ria de uma loja de motos e deixou o estabelecimento por volta das 17h55 para prestar socorro a um motociclista, mas n\u00e3o retornou.<\/p>\n<\/div>\n<p><br \/>\n<br \/><a href=\"https:\/\/diariodobrasilnoticias.com.br\/noticia\/policia-civil-prende-dois-suspeitos-de-matar-empresario-a-tiros-no-df-67707bb8a5929\">Source link <\/a><\/p>","protected":false},"excerpt":{"rendered":"<p>A\u00a0Pol\u00edcia Civil do Distrito Federal (PCDF), por meio da 35\u00aa DP, prendeu\u00a0dois suspeitos de envolvimento no assassinato do empres\u00e1rio\u00a0Eliel do Nascimento de Sousa neste s\u00e1bado (28\/12). O homem, de 38&hellip;<\/p>","protected":false},"author":1,"featured_media":84159,"comment_status":"closed","ping_status":"open","sticky":false,"template":"","format":"standard","meta":{"content-type":"","footnotes":""},"categories":[16],"tags":[123,2448,5313,1267],"class_list":["post-84158","post","type-post","status-publish","format-standard","has-post-thumbnail","hentry","category-noticias","tag-brasil","tag-diario","tag-noticia","tag-noticias"],"_links":{"self":[{"href":"https:\/\/tvbrazilusa.com\/pt\/wp-json\/wp\/v2\/posts\/84158","targetHints":{"allow":["GET"]}}],"collection":[{"href":"https:\/\/tvbrazilusa.com\/pt\/wp-json\/wp\/v2\/posts"}],"about":[{"href":"https:\/\/tvbrazilusa.com\/pt\/wp-json\/wp\/v2\/types\/post"}],"author":[{"embeddable":true,"href":"https:\/\/tvbrazilusa.com\/pt\/wp-json\/wp\/v2\/users\/1"}],"replies":[{"embeddable":true,"href":"https:\/\/tvbrazilusa.com\/pt\/wp-json\/wp\/v2\/comments?post=84158"}],"version-history":[{"count":1,"href":"https:\/\/tvbrazilusa.com\/pt\/wp-json\/wp\/v2\/posts\/84158\/revisions"}],"predecessor-version":[{"id":84160,"href":"https:\/\/tvbrazilusa.com\/pt\/wp-json\/wp\/v2\/posts\/84158\/revisions\/84160"}],"wp:featuredmedia":[{"embeddable":true,"href":"https:\/\/tvbrazilusa.com\/pt\/wp-json\/wp\/v2\/media\/84159"}],"wp:attachment":[{"href":"https:\/\/tvbrazilusa.com\/pt\/wp-json\/wp\/v2\/media?parent=84158"}],"wp:term":[{"taxonomy":"category","embeddable":true,"href":"https:\/\/tvbrazilusa.com\/pt\/wp-json\/wp\/v2\/categories?post=84158"},{"taxonomy":"post_tag","embeddable":true,"href":"https:\/\/tvbrazilusa.com\/pt\/wp-json\/wp\/v2\/tags?post=84158"}],"curies":[{"name":"wp","href":"https:\/\/api.w.org\/{rel}","templated":true}]}}