{"id":84164,"date":"2024-12-29T00:37:28","date_gmt":"2024-12-29T00:37:28","guid":{"rendered":"https:\/\/tvbrazilusa.com\/2024\/12\/29\/eu-me-sinto-bem-drake-maye-oferece-uma-atualizacao-positiva-sobre-o-ferimento-na-cabeca-sofrido-contra-os-chargers\/"},"modified":"2024-12-29T00:43:48","modified_gmt":"2024-12-29T00:43:48","slug":"eu-me-sinto-bem-drake-maye-oferece-uma-atualizacao-positiva-sobre-o-ferimento-na-cabeca-sofrido-contra-os-chargers","status":"publish","type":"post","link":"https:\/\/tvbrazilusa.com\/pt\/2024\/12\/29\/eu-me-sinto-bem-drake-maye-oferece-uma-atualizacao-positiva-sobre-o-ferimento-na-cabeca-sofrido-contra-os-chargers\/","title":{"rendered":"&#8216;Eu me sinto bem&#8217;: Drake Maye oferece uma atualiza\u00e7\u00e3o positiva sobre o ferimento na cabe\u00e7a sofrido contra os Chargers"},"content":{"rendered":"<p> <script async src=\"https:\/\/pagead2.googlesyndication.com\/pagead\/js\/adsbygoogle.js?client=ca-pub-8864793242727901\"\r\n     crossorigin=\"anonymous\"><\/script><br \/>\n<\/p>\n<div id=\"\">\n<header class=\"m-article-header m-article-header--standard\">\n\t\t\t\t\t\t\t\t\t\t\t\t<span id=\"article-header-primary-term\"><br \/>\n\t\t\t\t\t\t\t\t<a class=\"a-term a-term--primary\" href=\"https:\/\/www.boston.com\/tag\/new-england-patriots\/\"><\/p>\n<p>\t\t\t\t\t\t\t\tPatriotas\t\t\t\t\t\t\t\t<\/a><br \/>\n\t\t\t\t\t\t\t<\/span><\/p>\n<h2 class=\"m-article-header__sub-headline\">Maye saiu do jogo no primeiro quarto, mas voltou logo depois e jogou o restante da partida de s\u00e1bado.<\/h2>\n<figure class=\"a-photo m-article-header__photo\"><figcaption class=\"a-photo__caption\">\n<p>\tDrake Maye confirmou que sua cabe\u00e7a est\u00e1 bem ap\u00f3s uma batida de capacete no primeiro quarto.<em> AP Foto\/Michael Dwyer<\/em>\t<\/figcaption><\/figure>\n<\/header>\n<div class=\"m-block t-amp__list-container m-article-list-container m-article-list-container--frame-border a-border-frame  a-list-header__headline--red m-article-list--alternative--default  m-article-list--floated\">\n<ul class=\"t-amp__list a-list--no-style m-article-list m-article-list--recirculation m-article-list--has-images\">\n<li class=\"m-article-list__item m-article-list__item--featured\">\n\t\t\t<a class=\"m-article-list__link-wrapper\" href=\"https:\/\/www.boston.com\/sports\/new-england-patriots\/2024\/12\/28\/nfl-patriots-coaching-changes-jerod-mayo-keion-white\/?p1=article_recirc_inline_feature\" data-p1=\"article_recirc_inline_feature\"><br \/>\n\t\t\t\t<img fetchpriority=\"high\" decoding=\"async\" width=\"768\" height=\"432\" src=\"https:\/\/bdc2020.o0bc.com\/wp-content\/uploads\/2024\/12\/5VBTXAJI6FLNLD4BXJOKH2TFEU-6770815b83005-scaled-e1735426490710-768x432.jpg\" class=\"t-amp__list-image m-article-list__image m-article-list__image--full wp-post-image\" alt=\"\" aria-hidden=\"true\" srcset=\"https:\/\/bdc2020.o0bc.com\/wp-content\/uploads\/2024\/12\/5VBTXAJI6FLNLD4BXJOKH2TFEU-6770815b83005-scaled-e1735426490710-768x432.jpg?width=200 200w, https:\/\/bdc2020.o0bc.com\/wp-content\/uploads\/2024\/12\/5VBTXAJI6FLNLD4BXJOKH2TFEU-6770815b83005-scaled-e1735426490710-768x432.jpg?width=300 300w, https:\/\/bdc2020.o0bc.com\/wp-content\/uploads\/2024\/12\/5VBTXAJI6FLNLD4BXJOKH2TFEU-6770815b83005-scaled-e1735426490710-768x432.jpg?width=400 400w, https:\/\/bdc2020.o0bc.com\/wp-content\/uploads\/2024\/12\/5VBTXAJI6FLNLD4BXJOKH2TFEU-6770815b83005-scaled-e1735426490710-768x432.jpg?width=500 500w, https:\/\/bdc2020.o0bc.com\/wp-content\/uploads\/2024\/12\/5VBTXAJI6FLNLD4BXJOKH2TFEU-6770815b83005-scaled-e1735426490710-768x432.jpg?width=600 600w, https:\/\/bdc2020.o0bc.com\/wp-content\/uploads\/2024\/12\/5VBTXAJI6FLNLD4BXJOKH2TFEU-6770815b83005-scaled-e1735426490710-768x432.jpg?width=700 700w, https:\/\/bdc2020.o0bc.com\/wp-content\/uploads\/2024\/12\/5VBTXAJI6FLNLD4BXJOKH2TFEU-6770815b83005-scaled-e1735426490710-768x432.jpg?width=800 800w, https:\/\/bdc2020.o0bc.com\/wp-content\/uploads\/2024\/12\/5VBTXAJI6FLNLD4BXJOKH2TFEU-6770815b83005-scaled-e1735426490710-768x432.jpg?width=900 900w\" sizes=\"(max-width: 768px) 100vw, 768px\"\/>\t\t\t\t\t<\/p>\n<p><h4 class=\"m-article-list__headline t-amp__list-headline\">\n\t\t\t\t\t\t\t<span class=\"m-article-list__link a-link a-link--inline a-link--text-link a-link--text-link-dark\"><\/p>\n<p>\t\t\t\t\t\t\tAs mudan\u00e7as est\u00e3o chegando aos Patriots? Keion White espera que sim.\t\t\t\t\t\t\t<\/span><br \/>\n\t\t\t\t\t\t<\/h4>\n<\/p>\n<p>\t\t\t\t<\/a>\n\t\t\t<\/li>\n<li class=\"m-article-list__item\">\n\t\t\t\t\t<a class=\"m-article-list__link-wrapper\" href=\"https:\/\/www.boston.com\/sports\/new-england-patriots\/2024\/12\/28\/patriots-drake-maye-jerod-mayo-alex-van-pelt-comments-chargers-quotes\/?p1=article_recirc_inline_feed\" data-p1=\"article_recirc_inline_feed\"><\/p>\n<p><h4 class=\"m-article-list__headline\">\n\t\t\t\t\t\t\t\t\t<span class=\"m-article-list__link a-link a-link--inline a-link--text-link a-link--text-link-dark\"><\/p>\n<p>\t\t\t\t\t\t\t\t\tDrake Maye dobra sua confian\u00e7a na equipe t\u00e9cnica do Patriots ap\u00f3s a derrota para o Chargers\t\t\t\t\t\t\t\t\t<\/span><br \/>\n\t\t\t\t\t\t\t\t<\/h4>\n<\/p>\n<p>\t\t\t\t\t\t<\/a>\n\t\t\t\t\t<\/li>\n<\/ul>\n<\/div>\n<p>Parece que Drake Maye est\u00e1 bem depois de sofrer um ferimento na cabe\u00e7a <a href=\"https:\/\/www.boston.com\/sports\/new-england-patriots\/2024\/12\/28\/patriots-chargers-game-updates-live-blog\/\" target=\"_blank\" rel=\"noreferrer noopener\">S\u00e1bado.<\/a><\/p>\n<p>O quarterback do Patriots levou <a href=\"https:\/\/www.boston.com\/sports\/new-england-patriots\/2024\/12\/28\/drake-maye-patriots-chargers-head-injury-update-video\/\" target=\"_blank\" rel=\"noreferrer noopener\">um golpe na cabe\u00e7a<\/a> na primeira posse de bola do New England contra o Los Angeles Chargers. Maye saiu do jogo, foi para o vesti\u00e1rio e foi considerada question\u00e1vel para retornar pelos Patriots.<\/p>\n<p>Ele voltou ao jogo mais tarde no primeiro quarto e jogou o restante da competi\u00e7\u00e3o.<\/p>\n<p>Ap\u00f3s o jogo, Maye disse aos rep\u00f3rteres que se sentia bem. Parecia que ele tamb\u00e9m se sentia bem naquele momento.<\/p>\n<p>\u201cA campainha tocou na primeira viagem\u201d, explicou Maye. \u201c\u00c0s vezes voc\u00ea toca a campainha e precisa se agitar de volta. Adivinhe o [NFL concussion] O observador ligou e eu passei no teste. Mas me sinto bem, ainda me sinto bem. Sinto que estou pronto para ir.<\/p>\n<p>Assista ao golpe de capacete a capacete:<\/p>\n<figure class=\"wp-block-embed is-type-rich is-provider-twitter wp-block-embed-twitter\"\/>\n<p>Apesar de ter perdido parte do primeiro quarto, Maye passou a ser um dos poucos jogadores produtivos do New England. Ele lan\u00e7ou o \u00fanico touchdown do time no dia, um passe de 36 jardas para DeMario Douglas na endzone pouco antes do intervalo. Maye terminou o dia 12 de 22 com 117 jardas no ar e 32 jardas corridas em seis corridas.<\/p>\n<p>O sinalizador do primeiro ano disse que estava feliz por passar no protocolo de concuss\u00e3o e jogar t\u00e3o tarde quanto jogou, mesmo com o placar feio no segundo tempo.<\/p>\n<p>\u201cEu quero estar no jogo. Quero estar l\u00e1 com esses caras\u201d, disse Maye aos rep\u00f3rteres ap\u00f3s o jogo. \u201cSe nossos caras est\u00e3o l\u00e1, eu quero estar com eles. Droga, podemos ver algo que nos ajudar\u00e1 na pr\u00f3xima semana.<\/p>\n<p>Infelizmente, Maye conhece bem concuss\u00f5es e golpes na cabe\u00e7a durante sua campanha de estreia. O jogador de 22 anos sofreu uma concuss\u00e3o no in\u00edcio desta temporada contra o New York Jets e teve que passar pelo protocolo de cinco etapas da NFL para concuss\u00f5es antes de voltar a jogar.<\/p>\n<p>Os frequentes golpes na cabe\u00e7a de Maye nesta temporada s\u00e3o um efeito colateral do jogo consistentemente ruim da linha ofensiva em 16 jogos. Os Patriots como um todo se beneficiariam de grandes atualiza\u00e7\u00f5es na linha O em 2025 como um meio de proteger melhor Maye e sua sa\u00fade.<\/p>\n<div class=\"m-block m-generic-cta\t m-generic-cta--post-content\t m-generic-cta--dark\t m-generic-cta--homepage\t m-generic-cta--email-signup\t\t m-generic-cta-block-style--default \tt-amp__generic-cta\"><\/p>\n<div class=\"m-generic-cta__wrap\">\n<div class=\"m-generic-cta__content\">\n<h3 class=\"m-generic-cta__title\">Inscreva-se para receber atualiza\u00e7\u00f5es do Patriots\ud83c\udfc8<\/h3>\n<p class=\"m-generic-cta__subtitle\">Receba as \u00faltimas not\u00edcias e an\u00e1lises em sua caixa de entrada durante a temporada de futebol.<\/p>\n<\/p><\/div>\n<\/p><\/div>\n<\/div><\/div>\n<p><script>\n\t\tvar consent=\"grant\";\n\t\t\/* The above code is parsing the JSON data from the local storage and storing it in a variable. *\/\n\t\t\t\t\tconst onetrustStorageConsent = JSON.parse(localStorage.getItem( 'consent_one_trust_bdc' ) );\n\t\t\tif ( ( onetrustStorageConsent !== null ) ) {\n\t\t\t\t\/* Checking to see if the user has consented to the use of cookies.\n\t\t\t\t* If they have not, it is deleting the cookie.\n\t\t\t\t* This will comment for now, until further notice.\n\t\t\t\t*\/\n\t\t\t\t\/\/if ( onetrustStorageConsent.C0002 === false ) {\n\t\t\t\t\/\/\tdocument.cookie=\"_fbp=;expires=Thu, 01 Jan 2010 00:00:00 UTC; path=\/; domain=.boston.com\";\n\t\t\t\t\/\/}\n\t\t\t\t\/* Checking if the user has given consent for the cookie C0002.\n\t\t\t\t* If the user has given consent, the variable consent will be set to 'grant'.\n\t\t\t\t* If the user has not given consent,the variable consent will be set to 'revoke'.\n\t\t\t\t* Documentation https:\/\/developers.facebook.com\/docs\/meta-pixel\/implementation\/gdpr\n\t\t\t\t*\/\n\t\t\t\tif ( onetrustStorageConsent.C0002 !== true ) {\n\t\t\t\t\tconsent=\"revoke\";\n\t\t\t\t}\n\t\t\t}\n\t\t\t\t!function(f,b,e,v,n,t,s)\n\t\t{if(f.fbq)return;n=f.fbq=function(){n.callMethod?\n\t\tn.callMethod.apply(n,arguments):n.queue.push(arguments)};\n\t\tif(!f._fbq)f._fbq=n;n.push=n;n.loaded=!0;n.version='2.0';\n\t\tn.queue=[];t=b.createElement(e);t.async=!0;\n\t\tt.src=v;s=b.getElementsByTagName(e)[0];\n\t\ts.parentNode.insertBefore(t,s)}(window, document,'script',\n\t\t'https:\/\/connect.facebook.net\/en_US\/fbevents.js');\n\t\tfbq('consent', consent);\n\t\tfbq('init', '989222871864976');\n\t\tfbq('track', 'PageView');\n\t<\/script><script type=\"module\">\n\t\tvar consent=\"grant\";\n\t\t\/* The above code is parsing the JSON data from the local storage and storing it in a variable. *\/\n\t\t\tconst onetrustStorageConsent = JSON.parse(localStorage.getItem( 'consent_one_trust_bdc' ) );\n\t\t\t\/* Checking to see if the user has consented to the use of cookies.\n\t\t\t* If they have not, it is deleting the cookie.\n\t\t\t* This will comment for now, until further notice.\n\t\t\t*\/\n\t\t\t\/\/if ( onetrustStorageConsent.C0002 === false ) {\n\t\t\t\/\/\tdocument.cookie=\"_fbp=;expires=Thu, 01 Jan 2010 00:00:00 UTC; path=\/; domain=.boston.com\";\n\t\t\t\/\/}\n\t\t\t\/* Checking if the user has given consent for the cookie C0002.\n\t\t\t* If the user has given consent, the variable consent will be set to 'grant'.\n\t\t\t* If the user has not given consent,the variable consent will be set to 'revoke'.\n\t\t\t* Documentation https:\/\/developers.facebook.com\/docs\/meta-pixel\/implementation\/gdpr\n\t\t\t*\/\n\t\t\tif ( ( onetrustStorageConsent !== null ) && (onetrustStorageConsent.C0002 !== true ) ) {\n\t\t\t\tconsent=\"revoke\";\n\t\t\t}\n\t\t\t\t!function(f,b,e,v,n,t,s){if(f.fbq)return;n=f.fbq=function()\n\t\t{n.callMethod? n.callMethod.apply(n,arguments):n.queue.push(arguments)}\n\t\t;if(!f._fbq)f._fbq=n;\n\t\tn.push=n;n.loaded=!0;n.version='2.0';n.queue=[];t=b.createElement(e);t.async=!0;\n\t\tt.src=v;s=b.getElementsByTagName(e)[0];s.parentNode.insertBefore(t,s)}(window,\n\t\tdocument,'script','https:\/\/connect.facebook.net\/en_US\/fbevents.js');\n\t\tfbq('consent', consent);\n\t\tfbq('init', '813236348753005');\n\t\tfbq('track', \"PageView\");\n\t<\/script><br \/>\n<br \/><br \/>\n<br \/><a href=\"https:\/\/www.boston.com\/sports\/new-england-patriots\/2024\/12\/28\/patriots-drake-maye-head-injury-hit-chargers-update\/\">Source link <\/a><\/p>","protected":false},"excerpt":{"rendered":"<p>Patriotas Maye saiu do jogo no primeiro quarto, mas voltou logo depois e jogou o restante da partida de s\u00e1bado. Drake Maye confirmou que sua cabe\u00e7a est\u00e1 bem ap\u00f3s uma&hellip;<\/p>","protected":false},"author":1,"featured_media":84165,"comment_status":"closed","ping_status":"open","sticky":false,"template":"","format":"standard","meta":{"content-type":"","footnotes":""},"categories":[1],"tags":[],"class_list":["post-84164","post","type-post","status-publish","format-standard","has-post-thumbnail","hentry","category-uncategorized"],"_links":{"self":[{"href":"https:\/\/tvbrazilusa.com\/pt\/wp-json\/wp\/v2\/posts\/84164","targetHints":{"allow":["GET"]}}],"collection":[{"href":"https:\/\/tvbrazilusa.com\/pt\/wp-json\/wp\/v2\/posts"}],"about":[{"href":"https:\/\/tvbrazilusa.com\/pt\/wp-json\/wp\/v2\/types\/post"}],"author":[{"embeddable":true,"href":"https:\/\/tvbrazilusa.com\/pt\/wp-json\/wp\/v2\/users\/1"}],"replies":[{"embeddable":true,"href":"https:\/\/tvbrazilusa.com\/pt\/wp-json\/wp\/v2\/comments?post=84164"}],"version-history":[{"count":1,"href":"https:\/\/tvbrazilusa.com\/pt\/wp-json\/wp\/v2\/posts\/84164\/revisions"}],"predecessor-version":[{"id":84166,"href":"https:\/\/tvbrazilusa.com\/pt\/wp-json\/wp\/v2\/posts\/84164\/revisions\/84166"}],"wp:featuredmedia":[{"embeddable":true,"href":"https:\/\/tvbrazilusa.com\/pt\/wp-json\/wp\/v2\/media\/84165"}],"wp:attachment":[{"href":"https:\/\/tvbrazilusa.com\/pt\/wp-json\/wp\/v2\/media?parent=84164"}],"wp:term":[{"taxonomy":"category","embeddable":true,"href":"https:\/\/tvbrazilusa.com\/pt\/wp-json\/wp\/v2\/categories?post=84164"},{"taxonomy":"post_tag","embeddable":true,"href":"https:\/\/tvbrazilusa.com\/pt\/wp-json\/wp\/v2\/tags?post=84164"}],"curies":[{"name":"wp","href":"https:\/\/api.w.org\/{rel}","templated":true}]}}