{"id":84167,"date":"2024-12-29T00:50:38","date_gmt":"2024-12-29T00:50:38","guid":{"rendered":"https:\/\/tvbrazilusa.com\/2024\/12\/29\/sobrinho-de-dilma-e-acusado-de-fake-news-e-desinformacao-nas-redes-sociais\/"},"modified":"2024-12-29T00:50:39","modified_gmt":"2024-12-29T00:50:39","slug":"sobrinho-de-dilma-e-acusado-de-fake-news-e-desinformacao-nas-redes-sociais","status":"publish","type":"post","link":"https:\/\/tvbrazilusa.com\/pt\/2024\/12\/29\/sobrinho-de-dilma-e-acusado-de-fake-news-e-desinformacao-nas-redes-sociais\/","title":{"rendered":"Sobrinho de Dilma \u00e9 acusado de fake news e desinforma\u00e7\u00e3o nas redes sociais"},"content":{"rendered":"<p> <script async src=\"https:\/\/pagead2.googlesyndication.com\/pagead\/js\/adsbygoogle.js?client=ca-pub-8864793242727901\"\r\n     crossorigin=\"anonymous\"><\/script><br \/>\n<\/p>\n<div>\n<p class=\"postParagraph_post-paragraph__juWZN\">Usu\u00e1rios do X acusaram o vereador eleito de Belo Horizonte, Pedro Rousseff (PT), de propagar fake news e desinforma\u00e7\u00e3o nas redes sociais. Pedro \u00e9 sobrinho da ex-presidente e atual presidente do Banco do Brics, Dilma Rousseff. As cr\u00edticas dizem respeito a dois posts compartilhados na sexta-feira (26), um em rela\u00e7\u00e3o \u00e0s regras de concess\u00e3o do Benef\u00edcio de Presta\u00e7\u00e3o Continuada (BPC) e outro ao reajuste do sal\u00e1rio m\u00ednimo.\n<\/p>\n<\/div>\n<div>\n<p class=\"postParagraph_post-paragraph__juWZN\">No primeiro, Rousseff diz que o presidente Luiz In\u00e1cio Lula da Silva (PT) vetou o trecho que acabava com o benef\u00edcio em caso de defici\u00eancia leve e que a \u201cextrema-direita no Congresso trabalhou para retirar esses direitos\u201d. Como ilustra\u00e7\u00e3o, postou uma foto dos deputados Eduardo Bolsonaro (PL-SP), J\u00falia Zanatta (PL-SC) e Nikolas Ferreira (PL-MG). O projeto, no entanto, \u00e9 de autoria do petista Jos\u00e9 Guimar\u00e3es (PT-CE), l\u00edder do Governo na C\u00e2mara.<\/p>\n<div>\n<p class=\"postParagraph_post-paragraph__juWZN\">Num aviso de contexto adicionado, com o link do PL no site da C\u00e2mara, os usu\u00e1rios escreveram a seguinte mensagem: \u201cTrata-se de fake news! O autor da postagem desinforma ao afirmar uma not\u00edcia falsa como se verdadeira fosse\u201d.\n<\/p>\n<\/div>\n<div>\n<p class=\"postParagraph_post-paragraph__juWZN\">Outros parlamentares tamb\u00e9m se manifestaram. O deputado Carlos Jordy (PL-RJ) chamou Rousseff de \u201cmau-car\u00e1ter\u201d e disse que ele s\u00f3 poderia \u201cestar de sacanagem\u201d. \u201c\u00c9 muita desonestidade. Quem trabalhou para garantir a perman\u00eancia desses direitos foi a direita. O projeto com todos esses ataques ao BPC e demais direitos de\u00a0mais vulner\u00e1veis \u00e9 do l\u00edder do governo, foi feito sob encomenda de lula. Deixa de ser mau-car\u00e1ter!\u201d, postou.\n<\/p>\n<\/div>\n<p>\u00a0<\/p>\n<div>\n<p class=\"postParagraph_post-paragraph__juWZN\">A vereadora eleita por Niter\u00f3i (RJ), Fernanda Louback (PL-RJ), disse que o sobrinho de Dilma mentiu \u201cdescaradamente\u201d. \u201cA oposi\u00e7\u00e3o trabalhou absurdamente contra essa aberra\u00e7\u00e3o produzida por voc\u00eas e conseguiu alterar o par\u00e1grafo segundo do artigo 20, que tirou os n\u00edveis de defici\u00eancia via Senado. Al\u00e9m da vergonha alheia nas quest\u00f5es de matem\u00e1tica b\u00e1sica, ainda mente descaradamente\u201d, escreveu.\n<\/p>\n<\/div>\n<div>\n<p class=\"postParagraph_post-paragraph__juWZN\">Em outro post, mais cedo, Rousseff havia recebido outro aviso de contexto dos usu\u00e1rios em rela\u00e7\u00e3o ao conte\u00fado falso. Celebrando o aumento do sal\u00e1rio m\u00ednimo, o vereador eleito aumentou o valor do reajuste. \u201cO valor ser\u00e1 ELEVADO dos atuais R$ 1.412,00 para R$ 1.518,00, REPRESENTANDO um AUMENTO de 7,5% ACIMA da INFLA\u00c7\u00c3O. Com Lula o povo \u00e9 PRIORIDADE TOTAL!!!\u201d, escreveu.\n<\/p>\n<\/div>\n<div>\n<p class=\"postParagraph_post-paragraph__juWZN\">O aviso dos usu\u00e1rios remete a um link com dados oficiais e acrescenta: \u201cO autor comete um erro factual ao dizer que o aumento de 7,5% nominal representaria um aumento acima da infla\u00e7\u00e3o. O IPCA j\u00e1 acumula um aumento de 4,87%, restando ainda o m\u00eas de dezembro para fechar o \u00edndice de 2024. Ou seja, o aumento real prov\u00e1vel ser\u00e1 na casa dos 2%.\u201d\n<\/p>\n<\/div>\n<div>\n<p class=\"postParagraph_post-paragraph-innerHtml__Q5vwc\">A\u00a0<strong>Gazeta do Povo<\/strong>\u00a0n\u00e3o conseguiu contato com o vereador eleito. Sobre o BPC, Rousseff escreveu em nota ao\u00a0<em>Poder 360<\/em>: \u201cO BPC \u00e9 um benef\u00edcio essencial para as pessoas que mais precisam de ajuda no nosso pa\u00eds. A ideia de cortar o aux\u00edlio de pessoas com defici\u00eancia para agradar o chamado \u2018Mercado\u2019 \u00e9 algo que s\u00f3 a direita defende. Quem faz fake news sobre isso s\u00e3o os bolsonaristas, que querem convencer que o presidente Lula \u2013 que vetou o projeto! \u2013 \u00e9 a favor de cortar direitos. O nosso papel \u00e9 mostrar que isso \u00e9 mentira.\u201d\n<\/p>\n<p class=\"postParagraph_post-paragraph-innerHtml__Q5vwc\">Com informa\u00e7\u00f5es gazeta do povo.\n<\/p>\n<\/div>\n<\/div>\n<p><br \/>\n<br \/><a href=\"https:\/\/diariodobrasilnoticias.com.br\/noticia\/sobrinho-de-dilma-e-acusado-de-fake-news-e-desinformacao-nas-redes-sociais-6770819782b48\">Source link <\/a><\/p>","protected":false},"excerpt":{"rendered":"<p>Usu\u00e1rios do X acusaram o vereador eleito de Belo Horizonte, Pedro Rousseff (PT), de propagar fake news e desinforma\u00e7\u00e3o nas redes sociais. Pedro \u00e9 sobrinho da ex-presidente e atual presidente&hellip;<\/p>","protected":false},"author":1,"featured_media":84168,"comment_status":"closed","ping_status":"open","sticky":false,"template":"","format":"standard","meta":{"content-type":"","footnotes":""},"categories":[16],"tags":[123,2448,5313,1267],"class_list":["post-84167","post","type-post","status-publish","format-standard","has-post-thumbnail","hentry","category-noticias","tag-brasil","tag-diario","tag-noticia","tag-noticias"],"_links":{"self":[{"href":"https:\/\/tvbrazilusa.com\/pt\/wp-json\/wp\/v2\/posts\/84167","targetHints":{"allow":["GET"]}}],"collection":[{"href":"https:\/\/tvbrazilusa.com\/pt\/wp-json\/wp\/v2\/posts"}],"about":[{"href":"https:\/\/tvbrazilusa.com\/pt\/wp-json\/wp\/v2\/types\/post"}],"author":[{"embeddable":true,"href":"https:\/\/tvbrazilusa.com\/pt\/wp-json\/wp\/v2\/users\/1"}],"replies":[{"embeddable":true,"href":"https:\/\/tvbrazilusa.com\/pt\/wp-json\/wp\/v2\/comments?post=84167"}],"version-history":[{"count":1,"href":"https:\/\/tvbrazilusa.com\/pt\/wp-json\/wp\/v2\/posts\/84167\/revisions"}],"predecessor-version":[{"id":84169,"href":"https:\/\/tvbrazilusa.com\/pt\/wp-json\/wp\/v2\/posts\/84167\/revisions\/84169"}],"wp:featuredmedia":[{"embeddable":true,"href":"https:\/\/tvbrazilusa.com\/pt\/wp-json\/wp\/v2\/media\/84168"}],"wp:attachment":[{"href":"https:\/\/tvbrazilusa.com\/pt\/wp-json\/wp\/v2\/media?parent=84167"}],"wp:term":[{"taxonomy":"category","embeddable":true,"href":"https:\/\/tvbrazilusa.com\/pt\/wp-json\/wp\/v2\/categories?post=84167"},{"taxonomy":"post_tag","embeddable":true,"href":"https:\/\/tvbrazilusa.com\/pt\/wp-json\/wp\/v2\/tags?post=84167"}],"curies":[{"name":"wp","href":"https:\/\/api.w.org\/{rel}","templated":true}]}}