{"id":84184,"date":"2024-12-29T01:16:27","date_gmt":"2024-12-29T01:16:27","guid":{"rendered":"https:\/\/tvbrazilusa.com\/2024\/12\/29\/pelo-menos-5-shows-cancelados-apos-drones-cairem-do-ceu-em-evento-de-ferias-em-orlando-wsvn-7news-noticias-de-miami-clima-esportes-fort-lauderdale\/"},"modified":"2024-12-29T01:22:07","modified_gmt":"2024-12-29T01:22:07","slug":"pelo-menos-5-shows-cancelados-apos-drones-cairem-do-ceu-em-evento-de-ferias-em-orlando-wsvn-7news-noticias-de-miami-clima-esportes-fort-lauderdale","status":"publish","type":"post","link":"https:\/\/tvbrazilusa.com\/pt\/2024\/12\/29\/pelo-menos-5-shows-cancelados-apos-drones-cairem-do-ceu-em-evento-de-ferias-em-orlando-wsvn-7news-noticias-de-miami-clima-esportes-fort-lauderdale\/","title":{"rendered":"Pelo menos 5 shows cancelados ap\u00f3s drones ca\u00edrem do c\u00e9u em evento de f\u00e9rias em Orlando &#8211; WSVN 7News | Not\u00edcias de Miami, clima, esportes | Fort Lauderdale"},"content":{"rendered":"<p> <script async src=\"https:\/\/pagead2.googlesyndication.com\/pagead\/js\/adsbygoogle.js?client=ca-pub-8864793242727901\"\r\n     crossorigin=\"anonymous\"><\/script><br \/>\n<\/p>\n<div itemprop=\"articleBody\">\n<p><strong>(CNN) &#8211; <\/strong>Pelo menos cinco shows de drones foram cancelados ou interromperam o uso dos sistemas, ap\u00f3s <a href=\"https:\/\/wsvn.com\/news\/local\/florida\/faa-probes-holiday-drone-show-accident-which-injured-boy-in-florida\/\" target=\"_blank\" rel=\"noreferrer noopener\">v\u00e1rios drones atingiram uma multid\u00e3o em um show de f\u00e9rias em Orlando<\/a> em 21 de dezembro.<\/p>\n<p>Universal Orlando, <a href=\"https:\/\/www.facebook.com\/story.php?story_fbid=1017280080440343&#038;id=100064750807299&#038;mibextid=wwXIfr&#038;rdid=X3YR16XoipTq9wqz\" target=\"_blank\" rel=\"noreferrer noopener\">Orlando World Center Marriott<\/a>as cidades de <a href=\"https:\/\/www.wfaa.com\/article\/news\/local\/reunion-tower-dallas-nye-drone-show-sky-elements-drones-update\/287-94f04722-d0e6-4516-aaa7-cf02e83b7830\" target=\"_blank\" rel=\"noreferrer noopener\">Dallas<\/a> e Austin, Texas, e um evento de Ano Novo na cidade de Nova York <a href=\"https:\/\/abc7ny.com\/post\/new-years-drone-show-central-park-canceled-after-florida-disaster\/15712347\/\" target=\"_blank\" rel=\"noreferrer noopener\">Parque Central<\/a> cancelaram shows de drones ou os componentes de drones de grandes eventos de feriados ap\u00f3s o incidente.<\/p>\n<p>N\u00e3o est\u00e1 claro quais empresas foram contratadas para produzir os shows em cada local.<\/p>\n<p>Imagens capturadas em 21 de dezembro<strong> <\/strong>mostra drones colidindo entre si antes de cair do c\u00e9u durante um show de f\u00e9rias no Lake Eola Park. Alguns drones ca\u00edram no lago, alguns no ch\u00e3o e alguns em \u00e1reas onde uma multid\u00e3o observava.<\/p>\n<p>Entre eles estava um menino de 7 anos que foi atingido no peito por um dos drones. Ele passou por uma cirurgia card\u00edaca de emerg\u00eancia, de acordo com um <a href=\"https:\/\/www.gofundme.com\/f\/help-alezander-recover-from-drone-accident\" target=\"_blank\" rel=\"noreferrer noopener\">GoFundMe<\/a> campanha postada por sua fam\u00edlia, que passou o Natal no hospital enquanto se recuperava. A CNN entrou em contato com sua fam\u00edlia para obter uma atualiza\u00e7\u00e3o sobre sua condi\u00e7\u00e3o.<\/p>\n<p>O v\u00eddeo<strong> <\/strong>mostrou v\u00e1rios drones vermelhos e verdes colidindo uns com os outros antes de atingir o solo, no que a cidade descreveu como \u201cdificuldades t\u00e9cnicas\u201d, ap\u00f3s o incidente.<\/p>\n<p>A cidade tinha dois shows planejados para a noite. O primeiro foi interrompido quinze minutos devido ao mau funcionamento e o segundo show foi <a href=\"https:\/\/x.com\/citybeautiful\/status\/1870633237980069939\" target=\"_blank\" rel=\"noreferrer noopener\">cancelado<\/a>.<\/p>\n<p>O show de drones foi administrado pela Sky Elements Drones, com sede no Texas, uma organiza\u00e7\u00e3o que realiza shows de luzes de drones em todo o pa\u00eds. A FAA suspendeu a isen\u00e7\u00e3o da Sky Elements para voar v\u00e1rios drones enquanto uma investiga\u00e7\u00e3o est\u00e1 em andamento, de acordo com um comunicado enviado \u00e0 CNN.<\/p>\n<p>A Administra\u00e7\u00e3o Federal de Avia\u00e7\u00e3o<strong> <\/strong>investigar\u00e1 o incidente junto com o Conselho Nacional de Seguran\u00e7a nos Transportes, que ser\u00e1 respons\u00e1vel pela investiga\u00e7\u00e3o, segundo comunicado enviado \u00e0 CNN.<\/p>\n<p>A Sky Elements divulgou um comunicado \u00e0 CNN ap\u00f3s o incidente, dizendo que \u201cquer estender nossa sincera esperan\u00e7a de uma recupera\u00e7\u00e3o completa e r\u00e1pida \u00e0s pessoas afetadas em nosso show no Lago Eola em Orlando no s\u00e1bado, 21 de dezembro\u201d.<\/p>\n<p>\u201cEstamos trabalhando diligentemente com a FAA e as autoridades da cidade de Orlando para determinar a causa e estamos comprometidos em estabelecer uma imagem clara do que aconteceu\u201d, disse a Sky Elements em seu comunicado. \u201cMilh\u00f5es de pessoas assistem aos nossos shows anualmente e estamos comprometidos em manter os mais altos regulamentos de seguran\u00e7a estabelecidos pela FAA.\u201d<\/p>\n<p>De acordo com a FAA, os conjuntos de drones e os shows de luzes est\u00e3o sujeitos \u00e0 regulamenta\u00e7\u00e3o da associa\u00e7\u00e3o e exigem uma isen\u00e7\u00e3o que pro\u00edbe a opera\u00e7\u00e3o de mais de um drone por vez. Cada inscri\u00e7\u00e3o \u00e9 revisada minuciosamente em rela\u00e7\u00e3o a diversos fatores para garantir a seguran\u00e7a do p\u00fablico, disse a ag\u00eancia em comunicado \u00e0 CNN.<\/p>\n<p>\u201cNossos pensamentos est\u00e3o com a fam\u00edlia e com as pessoas afetadas pelo resultado deste evento\u201d, disseram autoridades da cidade de Orlando em comunicado divulgado no domingo.<\/p>\n<p><em>The-CNN-Wire\u2122 e \u00a9 2024 Cable News Network, Inc., uma empresa da Time Warner. Todos os direitos reservados.<\/em><\/p>\n<div class=\"wp-block-newsletter\">\n\t<strong class=\"wp-block-newsletter__title\">Cadastre-se em nosso boletim informativo para receber as \u00faltimas not\u00edcias diretamente em sua caixa de entrada<\/strong><\/p>\n<\/div><\/div>\n<p><br \/>\n<br \/><a href=\"https:\/\/wsvn.com\/news\/local\/florida\/at-least-5-shows-canceled-after-drones-fell-from-the-sky-at-orlando-holiday-event\/\">Source link <\/a><\/p>","protected":false},"excerpt":{"rendered":"<p>(CNN) &#8211; Pelo menos cinco shows de drones foram cancelados ou interromperam o uso dos sistemas, ap\u00f3s v\u00e1rios drones atingiram uma multid\u00e3o em um show de f\u00e9rias em Orlando em&hellip;<\/p>","protected":false},"author":1,"featured_media":84185,"comment_status":"closed","ping_status":"open","sticky":false,"template":"","format":"standard","meta":{"content-type":"","footnotes":""},"categories":[1],"tags":[],"class_list":["post-84184","post","type-post","status-publish","format-standard","has-post-thumbnail","hentry","category-uncategorized"],"_links":{"self":[{"href":"https:\/\/tvbrazilusa.com\/pt\/wp-json\/wp\/v2\/posts\/84184","targetHints":{"allow":["GET"]}}],"collection":[{"href":"https:\/\/tvbrazilusa.com\/pt\/wp-json\/wp\/v2\/posts"}],"about":[{"href":"https:\/\/tvbrazilusa.com\/pt\/wp-json\/wp\/v2\/types\/post"}],"author":[{"embeddable":true,"href":"https:\/\/tvbrazilusa.com\/pt\/wp-json\/wp\/v2\/users\/1"}],"replies":[{"embeddable":true,"href":"https:\/\/tvbrazilusa.com\/pt\/wp-json\/wp\/v2\/comments?post=84184"}],"version-history":[{"count":1,"href":"https:\/\/tvbrazilusa.com\/pt\/wp-json\/wp\/v2\/posts\/84184\/revisions"}],"predecessor-version":[{"id":84186,"href":"https:\/\/tvbrazilusa.com\/pt\/wp-json\/wp\/v2\/posts\/84184\/revisions\/84186"}],"wp:featuredmedia":[{"embeddable":true,"href":"https:\/\/tvbrazilusa.com\/pt\/wp-json\/wp\/v2\/media\/84185"}],"wp:attachment":[{"href":"https:\/\/tvbrazilusa.com\/pt\/wp-json\/wp\/v2\/media?parent=84184"}],"wp:term":[{"taxonomy":"category","embeddable":true,"href":"https:\/\/tvbrazilusa.com\/pt\/wp-json\/wp\/v2\/categories?post=84184"},{"taxonomy":"post_tag","embeddable":true,"href":"https:\/\/tvbrazilusa.com\/pt\/wp-json\/wp\/v2\/tags?post=84184"}],"curies":[{"name":"wp","href":"https:\/\/api.w.org\/{rel}","templated":true}]}}