{"id":84187,"date":"2024-12-29T00:56:18","date_gmt":"2024-12-29T00:56:18","guid":{"rendered":"https:\/\/tvbrazilusa.com\/2024\/12\/29\/demario-douglas-ecoa-os-comentarios-de-keion-white-sobre-os-patriots-precisarem-de-mudanca\/"},"modified":"2024-12-29T01:23:30","modified_gmt":"2024-12-29T01:23:30","slug":"demario-douglas-ecoa-os-comentarios-de-keion-white-sobre-os-patriots-precisarem-de-mudanca","status":"publish","type":"post","link":"https:\/\/tvbrazilusa.com\/pt\/2024\/12\/29\/demario-douglas-ecoa-os-comentarios-de-keion-white-sobre-os-patriots-precisarem-de-mudanca\/","title":{"rendered":"DeMario Douglas ecoa os coment\u00e1rios de Keion White sobre os Patriots precisarem de \u2018mudan\u00e7a\u2019"},"content":{"rendered":"<p> <script async src=\"https:\/\/pagead2.googlesyndication.com\/pagead\/js\/adsbygoogle.js?client=ca-pub-8864793242727901\"\r\n     crossorigin=\"anonymous\"><\/script><br \/>\n<\/p>\n<div id=\"\">\n<header class=\"m-article-header m-article-header--standard\">\n\t\t\t\t\t\t\t\t\t\t\t\t<span id=\"article-header-primary-term\"><br \/>\n\t\t\t\t\t\t\t\t<a class=\"a-term a-term--primary\" href=\"https:\/\/www.boston.com\/tag\/new-england-patriots\/\"><\/p>\n<p>\t\t\t\t\t\t\t\tPatriotas\t\t\t\t\t\t\t\t<\/a><br \/>\n\t\t\t\t\t\t\t<\/span><\/p>\n<h2 class=\"m-article-header__sub-headline\">\u201cMeus dois anos, estou perdendo e sinto que \u00e9 hora de fazer uma mudan\u00e7a.\u201d<\/h2>\n<figure class=\"a-photo m-article-header__photo\"><figcaption class=\"a-photo__caption\">\n<p>\tDeMario Douglas est\u00e1 cansado de perder.<em> Michael Reaves\/Getty Images<\/em>\t<\/figcaption><\/figure>\n<\/header>\n<p>V\u00e1rios jogadores do segundo ano do Patriots aludiram \u00e0 necessidade da organiza\u00e7\u00e3o fazer uma \u201cmudan\u00e7a\u201d no s\u00e1bado.<\/p>\n<p>Final defensivo <a href=\"https:\/\/www.boston.com\/sports\/new-england-patriots\/2024\/12\/28\/nfl-patriots-coaching-changes-jerod-mayo-keion-white\/\" target=\"_blank\" rel=\"noreferrer noopener\">Keion White ganhou as manchetes<\/a> com seus coment\u00e1rios contundentes ap\u00f3s a derrota do New England por 40-7 para o Los Angeles Chargers, quando ele disse que \u201cespera\u201d que grandes mudan\u00e7as sejam feitas. Wide receiver DeMario Douglas <a href=\"https:\/\/x.com\/NESportsFellow\/status\/1873124756792447028\" target=\"_blank\" rel=\"noreferrer noopener\">adotou uma abordagem diferente<\/a> no tom, mas ainda usou a mesma palavra ao falar sobre o futuro da equipe: mudan\u00e7a.<\/p>\n<p>\u201cSinto que este jogo aqui sozinho tem um gosto ruim na boca de todo mundo, s\u00f3 porque perdemos em casa\u201d, disse Douglas aos rep\u00f3rteres. \u201cSinto que estou perdendo meus dois anos e sinto que \u00e9 hora de fazer uma mudan\u00e7a. Conseguimos algumas pe\u00e7as, adicionaremos mais pe\u00e7as no pr\u00f3ximo ano e sentimos que poder\u00edamos sair e fazer algo, voc\u00ea sabe.\u201d<\/p>\n<figure class=\"wp-block-embed is-type-rich is-provider-twitter wp-block-embed-twitter\">\n<div class=\"wp-block-embed__wrapper\">\n<blockquote class=\"twitter-tweet\" data-width=\"500\" data-dnt=\"true\">\n<p lang=\"en\" dir=\"ltr\"><a href=\"https:\/\/twitter.com\/hashtag\/Patriots?src=hash&#038;ref_src=twsrc%5Etfw\">#Patriotas<\/a> WR DeM\u00e1rio Douglas:<\/p>\n<p>\u201cEm meus dois anos, venho perdendo e sinto que \u00e9 hora de fazer uma mudan\u00e7a. Temos pe\u00e7as e adicionaremos mais pe\u00e7as no pr\u00f3ximo ano. Estou tentando estar nos playoffs, tentando correr e ter uma temporada de vit\u00f3rias. Estou cansado de perder.\u201d <a href=\"https:\/\/t.co\/0ZxLepzSm6\">pic.twitter.com\/0ZxLepzSm6<\/a><\/p>\n<p>&#8211; Bolsista Esportivo da Nova Inglaterra (@NESportsFellow) <a href=\"https:\/\/twitter.com\/NESportsFellow\/status\/1873124756792447028?ref_src=twsrc%5Etfw\">28 de dezembro de 2024<\/a><\/p><\/blockquote>\n<\/div>\n<\/figure>\n<p>Assim como White, Douglas n\u00e3o especificou quais mudan\u00e7as espera que sejam feitas no time. Mas \u00e9 f\u00e1cil imaginar se os dois jogadores est\u00e3o se referindo aos seus treinadores no HC Jerod Mayo, ao coordenador ofensivo Alex Van Pelt e ao coordenador defensivo DeMarcus Covington.<\/p>\n<p>\u201cEstou tentando estar nos playoffs\u201d, continuou Douglas. \u201cEstou tentando correr e ter uma temporada de vit\u00f3rias. Estou cansado de perder, de verdade.\u201d<\/p>\n<p>Tanto Douglas quanto White tiveram temporadas consecutivas de derrotas desde que foram convocados pelos Patriots em 2023. No entanto, Bill Belichick os treinou durante sua temporada de estreia, que \u00e9 indiscutivelmente o maior treinador da hist\u00f3ria da NFL.<\/p>\n<p>Era hora de a Nova Inglaterra deixar Belichick ap\u00f3s o resultado de 4-13 na temporada passada, mas est\u00e1 ficando claro que alguns jogadores n\u00e3o est\u00e3o entusiasmados com os indiv\u00edduos que substitu\u00edram Belichick e sua equipe.<\/p>\n<p>A partir de agora, o trabalho de Mayo parece seguro. Ap\u00f3s a derrota de s\u00e1bado, por\u00e9m, o propriet\u00e1rio Robert Kraft pode ser for\u00e7ado a pensar um pouco mais sobre como deseja que seu time esteja em 2025.<\/p>\n<div class=\"m-block m-generic-cta\t m-generic-cta--post-content\t m-generic-cta--dark\t m-generic-cta--homepage\t m-generic-cta--email-signup\t\t m-generic-cta-block-style--default \tt-amp__generic-cta\"><\/p>\n<div class=\"m-generic-cta__wrap\">\n<div class=\"m-generic-cta__content\">\n<h3 class=\"m-generic-cta__title\">Inscreva-se para receber atualiza\u00e7\u00f5es do Patriots\ud83c\udfc8<\/h3>\n<p class=\"m-generic-cta__subtitle\">Receba as \u00faltimas not\u00edcias e an\u00e1lises em sua caixa de entrada durante a temporada de futebol.<\/p>\n<\/p><\/div>\n<\/p><\/div>\n<\/div><\/div>\n<p><script async src=\"\/\/platform.twitter.com\/widgets.js\" charset=\"utf-8\"><\/script><script>\n\t\tvar consent=\"grant\";\n\t\t\/* The above code is parsing the JSON data from the local storage and storing it in a variable. *\/\n\t\t\t\t\tconst onetrustStorageConsent = JSON.parse(localStorage.getItem( 'consent_one_trust_bdc' ) );\n\t\t\tif ( ( onetrustStorageConsent !== null ) ) {\n\t\t\t\t\/* Checking to see if the user has consented to the use of cookies.\n\t\t\t\t* If they have not, it is deleting the cookie.\n\t\t\t\t* This will comment for now, until further notice.\n\t\t\t\t*\/\n\t\t\t\t\/\/if ( onetrustStorageConsent.C0002 === false ) {\n\t\t\t\t\/\/\tdocument.cookie=\"_fbp=;expires=Thu, 01 Jan 2010 00:00:00 UTC; path=\/; domain=.boston.com\";\n\t\t\t\t\/\/}\n\t\t\t\t\/* Checking if the user has given consent for the cookie C0002.\n\t\t\t\t* If the user has given consent, the variable consent will be set to 'grant'.\n\t\t\t\t* If the user has not given consent,the variable consent will be set to 'revoke'.\n\t\t\t\t* Documentation https:\/\/developers.facebook.com\/docs\/meta-pixel\/implementation\/gdpr\n\t\t\t\t*\/\n\t\t\t\tif ( onetrustStorageConsent.C0002 !== true ) {\n\t\t\t\t\tconsent=\"revoke\";\n\t\t\t\t}\n\t\t\t}\n\t\t\t\t!function(f,b,e,v,n,t,s)\n\t\t{if(f.fbq)return;n=f.fbq=function(){n.callMethod?\n\t\tn.callMethod.apply(n,arguments):n.queue.push(arguments)};\n\t\tif(!f._fbq)f._fbq=n;n.push=n;n.loaded=!0;n.version='2.0';\n\t\tn.queue=[];t=b.createElement(e);t.async=!0;\n\t\tt.src=v;s=b.getElementsByTagName(e)[0];\n\t\ts.parentNode.insertBefore(t,s)}(window, document,'script',\n\t\t'https:\/\/connect.facebook.net\/en_US\/fbevents.js');\n\t\tfbq('consent', consent);\n\t\tfbq('init', '989222871864976');\n\t\tfbq('track', 'PageView');\n\t<\/script><script type=\"module\">\n\t\tvar consent=\"grant\";\n\t\t\/* The above code is parsing the JSON data from the local storage and storing it in a variable. *\/\n\t\t\tconst onetrustStorageConsent = JSON.parse(localStorage.getItem( 'consent_one_trust_bdc' ) );\n\t\t\t\/* Checking to see if the user has consented to the use of cookies.\n\t\t\t* If they have not, it is deleting the cookie.\n\t\t\t* This will comment for now, until further notice.\n\t\t\t*\/\n\t\t\t\/\/if ( onetrustStorageConsent.C0002 === false ) {\n\t\t\t\/\/\tdocument.cookie=\"_fbp=;expires=Thu, 01 Jan 2010 00:00:00 UTC; path=\/; domain=.boston.com\";\n\t\t\t\/\/}\n\t\t\t\/* Checking if the user has given consent for the cookie C0002.\n\t\t\t* If the user has given consent, the variable consent will be set to 'grant'.\n\t\t\t* If the user has not given consent,the variable consent will be set to 'revoke'.\n\t\t\t* Documentation https:\/\/developers.facebook.com\/docs\/meta-pixel\/implementation\/gdpr\n\t\t\t*\/\n\t\t\tif ( ( onetrustStorageConsent !== null ) && (onetrustStorageConsent.C0002 !== true ) ) {\n\t\t\t\tconsent=\"revoke\";\n\t\t\t}\n\t\t\t\t!function(f,b,e,v,n,t,s){if(f.fbq)return;n=f.fbq=function()\n\t\t{n.callMethod? n.callMethod.apply(n,arguments):n.queue.push(arguments)}\n\t\t;if(!f._fbq)f._fbq=n;\n\t\tn.push=n;n.loaded=!0;n.version='2.0';n.queue=[];t=b.createElement(e);t.async=!0;\n\t\tt.src=v;s=b.getElementsByTagName(e)[0];s.parentNode.insertBefore(t,s)}(window,\n\t\tdocument,'script','https:\/\/connect.facebook.net\/en_US\/fbevents.js');\n\t\tfbq('consent', consent);\n\t\tfbq('init', '813236348753005');\n\t\tfbq('track', \"PageView\");\n\t<\/script><br \/>\n<br \/><br \/>\n<br \/><a href=\"https:\/\/www.boston.com\/sports\/new-england-patriots\/2024\/12\/28\/patriots-demario-douglas-keion-white-chargers-change-comments-quotes\/\">Source link <\/a><\/p>","protected":false},"excerpt":{"rendered":"<p>Patriotas \u201cMeus dois anos, estou perdendo e sinto que \u00e9 hora de fazer uma mudan\u00e7a.\u201d DeMario Douglas est\u00e1 cansado de perder. Michael Reaves\/Getty Images V\u00e1rios jogadores do segundo ano do&hellip;<\/p>","protected":false},"author":1,"featured_media":84188,"comment_status":"closed","ping_status":"open","sticky":false,"template":"","format":"standard","meta":{"content-type":"","footnotes":""},"categories":[1],"tags":[],"class_list":["post-84187","post","type-post","status-publish","format-standard","has-post-thumbnail","hentry","category-uncategorized"],"_links":{"self":[{"href":"https:\/\/tvbrazilusa.com\/pt\/wp-json\/wp\/v2\/posts\/84187","targetHints":{"allow":["GET"]}}],"collection":[{"href":"https:\/\/tvbrazilusa.com\/pt\/wp-json\/wp\/v2\/posts"}],"about":[{"href":"https:\/\/tvbrazilusa.com\/pt\/wp-json\/wp\/v2\/types\/post"}],"author":[{"embeddable":true,"href":"https:\/\/tvbrazilusa.com\/pt\/wp-json\/wp\/v2\/users\/1"}],"replies":[{"embeddable":true,"href":"https:\/\/tvbrazilusa.com\/pt\/wp-json\/wp\/v2\/comments?post=84187"}],"version-history":[{"count":1,"href":"https:\/\/tvbrazilusa.com\/pt\/wp-json\/wp\/v2\/posts\/84187\/revisions"}],"predecessor-version":[{"id":84189,"href":"https:\/\/tvbrazilusa.com\/pt\/wp-json\/wp\/v2\/posts\/84187\/revisions\/84189"}],"wp:featuredmedia":[{"embeddable":true,"href":"https:\/\/tvbrazilusa.com\/pt\/wp-json\/wp\/v2\/media\/84188"}],"wp:attachment":[{"href":"https:\/\/tvbrazilusa.com\/pt\/wp-json\/wp\/v2\/media?parent=84187"}],"wp:term":[{"taxonomy":"category","embeddable":true,"href":"https:\/\/tvbrazilusa.com\/pt\/wp-json\/wp\/v2\/categories?post=84187"},{"taxonomy":"post_tag","embeddable":true,"href":"https:\/\/tvbrazilusa.com\/pt\/wp-json\/wp\/v2\/tags?post=84187"}],"curies":[{"name":"wp","href":"https:\/\/api.w.org\/{rel}","templated":true}]}}