{"id":84349,"date":"2024-12-29T14:14:57","date_gmt":"2024-12-29T14:14:57","guid":{"rendered":"https:\/\/tvbrazilusa.com\/2024\/12\/29\/defesa-de-oswaldo-eustaquio-volta-a-criticar-processo-de-extradicao-e-diz-que-paises-extraditam-assassinos-e-nao-cidadaos-comuns\/"},"modified":"2024-12-29T14:14:59","modified_gmt":"2024-12-29T14:14:59","slug":"defesa-de-oswaldo-eustaquio-volta-a-criticar-processo-de-extradicao-e-diz-que-paises-extraditam-assassinos-e-nao-cidadaos-comuns","status":"publish","type":"post","link":"https:\/\/tvbrazilusa.com\/pt\/2024\/12\/29\/defesa-de-oswaldo-eustaquio-volta-a-criticar-processo-de-extradicao-e-diz-que-paises-extraditam-assassinos-e-nao-cidadaos-comuns\/","title":{"rendered":"Defesa de Oswaldo Eust\u00e1quio volta a criticar processo de extradi\u00e7\u00e3o e diz que pa\u00edses extraditam assassinos e n\u00e3o cidad\u00e3os comuns"},"content":{"rendered":"<p> <script async src=\"https:\/\/pagead2.googlesyndication.com\/pagead\/js\/adsbygoogle.js?client=ca-pub-8864793242727901\"\r\n     crossorigin=\"anonymous\"><\/script><br \/>\n<\/p>\n<div id=\"taboola-read-more\" style=\"display:block; width:100%\">\n<p>A defesa de Oswaldo Eust\u00e1quio voltou a criticar o processo que pode extraditar o jornalista, atualmente exilado na Espanha.\n<\/p>\n<p>O pa\u00eds come\u00e7ou a analisar o pedido do Minist\u00e9rio da Justi\u00e7a do Brasil. Eust\u00e1quio tem mandados de pris\u00e3o expedidos contra ele pelo ministro Alexandre de Moraes, do Supremo Tribunal Federal (STF).<\/p>\n<p>Conforme o advogado de Eust\u00e1quio, Ricardo Vasconcellos, a Espanha recebeu o pedido, mas n\u00e3o conceder\u00e1 a extradi\u00e7\u00e3o.\n<\/p>\n<p>\u201cPessoas extraditadas s\u00e3o aquelas que cometem crimes graves, como assassinatos ou crimes contra a humanidade, n\u00e3o algu\u00e9m perseguido por um ministro autorit\u00e1rio\u201d, declarou o jurista a Oeste, no s\u00e1bado 28.\n<\/p>\n<p>Para Vasconcellos, a negativa ser\u00e1 mais uma \u201cvergonha internacional\u201d para o MJ e o STF.\n<\/p>\n<p>Na semana passada, as autoridades da Espanha notificaram Eust\u00e1quio, sobre o in\u00edcio do processo. A primeira etapa consiste em avaliar os termos apresentados pelo Brasil para verificar se o pedido atende \u00e0s normas internacionais. Caso seja considerado v\u00e1lido, o caso ser\u00e1 encaminhado ao governo espanhol. Caso contr\u00e1rio, o pedido ser\u00e1 devolvido.\n<\/p>\n<p>Em outubro, Moraes solicitou a extradi\u00e7\u00e3o de Eust\u00e1quio. O jornalista \u00e9 considerado foragido pela Justi\u00e7a brasileira.\n<\/p>\n<p>Para uma extradi\u00e7\u00e3o ser concedida pelo sistema jur\u00eddico internacional, \u00e9 necess\u00e1rio que essa condi\u00e7\u00e3o seja atendida.\n<\/p>\n<p>O advogado do jornalista argumentou que os crimes atribu\u00eddos a Eust\u00e1quio n\u00e3o t\u00eam a gravidade necess\u00e1ria para justificar sua extradi\u00e7\u00e3o, especialmente em um contexto de persegui\u00e7\u00e3o pol\u00edtica.\n<\/p>\n<p>\u201cO artigo 13 da Constitui\u00e7\u00e3o Espanhola pro\u00edbe a extradi\u00e7\u00e3o de indiv\u00edduos por motivos pol\u00edticos\u201d, disse o advogado. \u201cA pr\u00f3pria Constitui\u00e7\u00e3o do Brasil tamb\u00e9m impede pedidos de extradi\u00e7\u00e3o que tenham natureza pol\u00edtica.\u201d\n<\/p>\n<p>Vasconcellos destaca que, ao contr\u00e1rio de outros casos, como o do terrorista italiano Cesare Battisti, o pedido de extradi\u00e7\u00e3o de Eust\u00e1quio n\u00e3o se justifica. Ele explicou que isso ocorre porque n\u00e3o h\u00e1 acusa\u00e7\u00e3o formal contra o brasileiro.\n<\/p>\n<p>\u201cA extradi\u00e7\u00e3o de Oswaldo n\u00e3o deve prosseguir, pois ele est\u00e1 sob asilo pol\u00edtico, protegido por tratados internacionais entre Brasil e Espanha, que impedem a extradi\u00e7\u00e3o quando h\u00e1 risco de persegui\u00e7\u00e3o pol\u00edtica\u201d, destacou o jurista.\n<\/p>\n<p>Al\u00e9m de defender o jornalista, Vasconcellos atuou em casos de complexidade. O advogado integrou a equipe que representou a It\u00e1lia no caso Battisti, que se exilou no Brasil e foi extraditado.\n<\/p>\n<p>Fonte: Revista Oeste              <\/p>\n<\/div>\n<p><br \/>\n<br \/><a href=\"https:\/\/diariodobrasilnoticias.com.br\/noticia\/defesa-de-oswaldo-eustaquio-volta-a-criticar-processo-de-extradicao-e-diz-que-paises-extraditam-assassinos-e-nao-cidadaos-comuns-677153aa07a56\">Source link <\/a><\/p>","protected":false},"excerpt":{"rendered":"<p>A defesa de Oswaldo Eust\u00e1quio voltou a criticar o processo que pode extraditar o jornalista, atualmente exilado na Espanha. O pa\u00eds come\u00e7ou a analisar o pedido do Minist\u00e9rio da Justi\u00e7a&hellip;<\/p>","protected":false},"author":1,"featured_media":84350,"comment_status":"closed","ping_status":"open","sticky":false,"template":"","format":"standard","meta":{"content-type":"","footnotes":""},"categories":[16],"tags":[123,2448,5313,1267],"class_list":["post-84349","post","type-post","status-publish","format-standard","has-post-thumbnail","hentry","category-noticias","tag-brasil","tag-diario","tag-noticia","tag-noticias"],"_links":{"self":[{"href":"https:\/\/tvbrazilusa.com\/pt\/wp-json\/wp\/v2\/posts\/84349","targetHints":{"allow":["GET"]}}],"collection":[{"href":"https:\/\/tvbrazilusa.com\/pt\/wp-json\/wp\/v2\/posts"}],"about":[{"href":"https:\/\/tvbrazilusa.com\/pt\/wp-json\/wp\/v2\/types\/post"}],"author":[{"embeddable":true,"href":"https:\/\/tvbrazilusa.com\/pt\/wp-json\/wp\/v2\/users\/1"}],"replies":[{"embeddable":true,"href":"https:\/\/tvbrazilusa.com\/pt\/wp-json\/wp\/v2\/comments?post=84349"}],"version-history":[{"count":1,"href":"https:\/\/tvbrazilusa.com\/pt\/wp-json\/wp\/v2\/posts\/84349\/revisions"}],"predecessor-version":[{"id":84351,"href":"https:\/\/tvbrazilusa.com\/pt\/wp-json\/wp\/v2\/posts\/84349\/revisions\/84351"}],"wp:featuredmedia":[{"embeddable":true,"href":"https:\/\/tvbrazilusa.com\/pt\/wp-json\/wp\/v2\/media\/84350"}],"wp:attachment":[{"href":"https:\/\/tvbrazilusa.com\/pt\/wp-json\/wp\/v2\/media?parent=84349"}],"wp:term":[{"taxonomy":"category","embeddable":true,"href":"https:\/\/tvbrazilusa.com\/pt\/wp-json\/wp\/v2\/categories?post=84349"},{"taxonomy":"post_tag","embeddable":true,"href":"https:\/\/tvbrazilusa.com\/pt\/wp-json\/wp\/v2\/tags?post=84349"}],"curies":[{"name":"wp","href":"https:\/\/api.w.org\/{rel}","templated":true}]}}