{"id":84369,"date":"2024-12-29T14:56:19","date_gmt":"2024-12-29T14:56:19","guid":{"rendered":"https:\/\/tvbrazilusa.com\/2024\/12\/29\/um-aviao-cai-e-pega-fogo-ao-pousar-na-coreia-do-sul-matando-179\/"},"modified":"2024-12-29T14:58:31","modified_gmt":"2024-12-29T14:58:31","slug":"um-aviao-cai-e-pega-fogo-ao-pousar-na-coreia-do-sul-matando-179","status":"publish","type":"post","link":"https:\/\/tvbrazilusa.com\/pt\/2024\/12\/29\/um-aviao-cai-e-pega-fogo-ao-pousar-na-coreia-do-sul-matando-179\/","title":{"rendered":"Um avi\u00e3o cai e pega fogo ao pousar na Coreia do Sul, matando 179"},"content":{"rendered":"<p> <script async src=\"https:\/\/pagead2.googlesyndication.com\/pagead\/js\/adsbygoogle.js?client=ca-pub-8864793242727901\"\r\n     crossorigin=\"anonymous\"><\/script><br \/>\n<\/p>\n<div id=\"\">\n<header class=\"m-article-header m-article-header--standard\">\n\t\t\t\t\t\t\t\t\t\t\t\t<span id=\"article-header-primary-term\"><br \/>\n\t\t\t\t\t\t\t\t<a class=\"a-term a-term--primary\" href=\"https:\/\/www.boston.com\/tag\/world-news\/\"><\/p>\n<p>\t\t\t\t\t\t\t\tNot\u00edcias do mundo\t\t\t\t\t\t\t\t<\/a><br \/>\n\t\t\t\t\t\t\t<\/span><\/p>\n<h2 class=\"m-article-header__sub-headline\">Um total de 179 pessoas \u2013 85 mulheres, 84 homens e 10 outras pessoas cujos sexos n\u00e3o foram imediatamente identific\u00e1veis \u200b\u200b\u2013 morreram no inc\u00eandio.<\/h2>\n<figure class=\"a-photo m-article-header__photo\"><figcaption class=\"a-photo__caption\">\n<p>\tBombeiros e membros da equipe de resgate trabalham no Aeroporto Internacional de Muan em Muan, Coreia do Sul, domingo, 29 de dezembro de 2024. (Cho Nam-soo\/Yonhap via AP)<em> <\/em>\t<\/figcaption><\/figure>\n<div class=\"m-article-header__meta\">\n<div class=\"m-article-header__byline\">\n<p class=\"m-article-header__author\">\n<p>\t\t\t\t\t\t\t\tPor HYUNG-JIN KIM e KIM TONG-HYUNG, Associated Press\t\t\t\t\t\t\t<\/p>\n<p>\t\t\t\t\t\t\t\t\t\t\t\t\t\t\t<time class=\"m-article-header__date\"><\/p>\n<p>\t\t\t\t\t\t\t\t\t29 de dezembro de 2024 | 9h56\t\t\t\t\t\t\t\t<\/time><\/p>\n<p><span>5 minutos para ler<\/span><\/p>\n<\/p><\/div>\n<\/p><\/div>\n<\/header>\n<p>SEUL, Coreia do Sul (AP) \u2013 Um avi\u00e3o de passageiros derrapou na pista de um aeroporto sul-coreano no domingo, bateu em uma cerca de concreto e pegou fogo depois que seu trem de pouso dianteiro aparentemente n\u00e3o foi acionado. Todas as 181 pessoas a bordo, exceto duas, morreram em um dos piores desastres a\u00e9reos do pa\u00eds.<\/p>\n<p>O avi\u00e3o da Jeju Air caiu ao pousar na cidade de Muan, cerca de 290 quil\u00f4metros (180 milhas) ao sul de Seul. O Minist\u00e9rio dos Transportes disse que o avi\u00e3o era um jato Boeing 737-800 de 15 anos que chegou de Bangkok e que o acidente aconteceu \u00e0s 9h03.<\/p>\n<p>Um total de 179 pessoas \u2013 85 mulheres, 84 homens e 10 outras pessoas cujos sexos n\u00e3o foram imediatamente identific\u00e1veis \u200b\u200b\u2013 morreram no inc\u00eandio, disse o corpo de bombeiros sul-coreano. Equipes de emerg\u00eancia puxaram duas pessoas, ambos membros da tripula\u00e7\u00e3o, para um local seguro. Autoridades de sa\u00fade disseram que eles est\u00e3o conscientes e n\u00e3o correm risco de vida.<\/p>\n<p>Entre os 177 corpos encontrados at\u00e9 agora, as autoridades identificaram at\u00e9 agora 88 deles, disse o corpo de bombeiros. Os passageiros eram predominantemente sul-coreanos, bem como dois cidad\u00e3os tailandeses. O Minist\u00e9rio das Rela\u00e7\u00f5es Exteriores da Tail\u00e2ndia disse que sua embaixada em Seul recebeu a confirma\u00e7\u00e3o das autoridades sul-coreanas de que os dois passageiros tailandeses estavam entre as v\u00edtimas fatais.<\/p>\n<p>O corpo de bombeiros mobilizou 32 caminh\u00f5es de bombeiros e v\u00e1rios helic\u00f3pteros para conter o inc\u00eandio. Cerca de 1.570 bombeiros, policiais, soldados e outros funcion\u00e1rios tamb\u00e9m foram enviados ao local, segundo o Corpo de Bombeiros e o Minist\u00e9rio dos Transportes.<\/p>\n<p>Imagens do acidente veiculadas por canais de televis\u00e3o sul-coreanos mostraram o avi\u00e3o derrapando pela pista de pouso em alta velocidade, aparentemente com o trem de pouso ainda fechado, ultrapassando a pista e colidindo de frente com um muro de concreto nos arredores da instala\u00e7\u00e3o, provocando um acidente. explos\u00e3o. Outras emissoras de TV locais transmitiram imagens mostrando espessas nuvens de fuma\u00e7a preta saindo do avi\u00e3o, que estava envolto em chamas.<\/p>\n<p>Lee Jeong-hyeon, chefe do corpo de bombeiros de Muan, disse em um comunicado televisionado que o avi\u00e3o foi completamente destru\u00eddo, com apenas a cauda permanecendo reconhec\u00edvel entre os destro\u00e7os. Lee disse que os trabalhadores estavam analisando v\u00e1rias possibilidades sobre o que causou o acidente, incluindo se a aeronave foi atingida por p\u00e1ssaros, disse Lee.<\/p>\n<p>Autoridades do Minist\u00e9rio dos Transportes disseram mais tarde que sua avalia\u00e7\u00e3o inicial dos registros de comunica\u00e7\u00e3o mostra que a torre de controle do aeroporto emitiu um alerta de colis\u00e3o com p\u00e1ssaros para o avi\u00e3o pouco antes de sua inten\u00e7\u00e3o de pousar e deu permiss\u00e3o ao piloto para pousar em uma \u00e1rea diferente. O piloto enviou um sinal de socorro pouco antes de o avi\u00e3o ultrapassar o final da pista e derrapar em uma zona tamp\u00e3o antes de bater na parede, disseram as autoridades.<\/p>\n<p>Um alto funcion\u00e1rio do Minist\u00e9rio dos Transportes, Joo Jong-wan, disse que os trabalhadores recuperaram os dados de voo e os gravadores de voz da cabine da caixa preta do avi\u00e3o, que ser\u00e3o examinados por especialistas do governo que investigam a causa do acidente e do inc\u00eandio. Ele disse que pode levar meses para que os investigadores concluam a investiga\u00e7\u00e3o. A pista do aeroporto de Muan ficar\u00e1 fechada at\u00e9 1\u00ba de janeiro, informou o minist\u00e9rio.<\/p>\n<p>O primeiro-ministro da Tail\u00e2ndia, Paetongtarn Shinawatra, expressou profundas condol\u00eancias \u00e0s fam\u00edlias das pessoas afetadas pelo acidente numa publica\u00e7\u00e3o na plataforma social X. Paetongtarn disse que ordenou ao Minist\u00e9rio dos Neg\u00f3cios Estrangeiros que prestasse assist\u00eancia imediatamente.<\/p>\n<p>Kerati Kijmanawat, diretor de Aeroportos da Tail\u00e2ndia, confirmou em comunicado que o voo 7C 2216 da Jeju Air partiu do Aeroporto de Suvarnabhumi sem relatos de condi\u00e7\u00f5es anormais na aeronave ou na pista.<\/p>\n<p>A Jeju Air, em comunicado, expressou seu \u201cprofundo pedido de desculpas\u201d pelo acidente e disse que far\u00e1 \u201co m\u00e1ximo para administrar as consequ\u00eancias do acidente\u201d.<\/p>\n<p>Em entrevista coletiva televisionada, Kim E-bae, presidente da Jeju Air, curvou-se profundamente com outros altos funcion\u00e1rios da empresa enquanto pedia desculpas \u00e0s fam\u00edlias enlutadas e disse que sente \u201ctotal responsabilidade\u201d pelo incidente. Kim disse que a empresa n\u00e3o identificou nenhum problema mec\u00e2nico na aeronave ap\u00f3s verifica\u00e7\u00f5es regulares e que aguardaria os resultados das investiga\u00e7\u00f5es do governo sobre a causa do incidente.<\/p>\n<figure class=\"wp-block-image size-full\"><img fetchpriority=\"high\" decoding=\"async\" width=\"1024\" height=\"683\" src=\"https:\/\/bdc2020.o0bc.com\/wp-content\/uploads\/2024\/12\/AP24364251228258-6771626fcfac2.jpg\" alt=\"\" class=\"wp-image-32560986\" srcset=\"https:\/\/bdc2020.o0bc.com\/wp-content\/uploads\/2024\/12\/AP24364251228258-6771626fcfac2.jpg?width=200 200w, https:\/\/bdc2020.o0bc.com\/wp-content\/uploads\/2024\/12\/AP24364251228258-6771626fcfac2.jpg?width=300 300w, https:\/\/bdc2020.o0bc.com\/wp-content\/uploads\/2024\/12\/AP24364251228258-6771626fcfac2.jpg?width=400 400w, https:\/\/bdc2020.o0bc.com\/wp-content\/uploads\/2024\/12\/AP24364251228258-6771626fcfac2.jpg?width=500 500w, https:\/\/bdc2020.o0bc.com\/wp-content\/uploads\/2024\/12\/AP24364251228258-6771626fcfac2.jpg?width=600 600w, https:\/\/bdc2020.o0bc.com\/wp-content\/uploads\/2024\/12\/AP24364251228258-6771626fcfac2.jpg?width=700 700w, https:\/\/bdc2020.o0bc.com\/wp-content\/uploads\/2024\/12\/AP24364251228258-6771626fcfac2.jpg?width=800 800w, https:\/\/bdc2020.o0bc.com\/wp-content\/uploads\/2024\/12\/AP24364251228258-6771626fcfac2.jpg?width=900 900w\" sizes=\"(max-width: 1024px) 100vw, 1024px\"\/><figcaption class=\"wp-element-caption\">Familiares dos passageiros de um avi\u00e3o que pegou fogo choram no Aeroporto Internacional de Muan em Muan, Coreia do Sul, domingo, 29 de dezembro de 2024. (Park Ki-woong\/Newsis via AP)<\/figcaption><\/figure>\n<p>Membros da fam\u00edlia lamentaram enquanto as autoridades anunciavam os nomes de algumas v\u00edtimas em um sagu\u00e3o do aeroporto de Muan.<\/p>\n<p>A Boeing disse em comunicado no X que est\u00e1 em contato com a Jeju Air e est\u00e1 pronta para apoiar a empresa no tratamento do acidente.<\/p>\n<p>\u201cEstendemos nossas mais profundas condol\u00eancias \u00e0s fam\u00edlias que perderam entes queridos e nossos pensamentos permanecem com os passageiros e a tripula\u00e7\u00e3o\u201d, disse a Boeing.<\/p>\n<p>O incidente ocorreu num momento em que a Coreia do Sul est\u00e1 envolvida numa enorme crise pol\u00edtica desencadeada pela surpreendente imposi\u00e7\u00e3o da lei marcial pelo Presidente Yoon Suk Yeol e pelo subsequente impeachment. Na sexta-feira passada, os legisladores sul-coreanos acusaram o presidente em exerc\u00edcio Han Duck-soo e suspenderam as suas fun\u00e7\u00f5es, levando o vice-primeiro-ministro Choi Sang-mok a assumir o cargo.<\/p>\n<p>Choi, que viajou para o local em Muan, apelou \u00e0s autoridades para que empreguem todos os recursos dispon\u00edveis para encontrar os desaparecidos e identificar as v\u00edtimas o mais rapidamente poss\u00edvel. O governo declarou Muan uma zona de desastre especial para prestar assist\u00eancia \u00e0s fam\u00edlias das v\u00edtimas e designou um per\u00edodo de luto nacional de uma semana at\u00e9 s\u00e1bado.<\/p>\n<p>O gabinete de Yoon disse que seu secret\u00e1rio-chefe, Chung Jin-suk, presidiu uma reuni\u00e3o de emerg\u00eancia entre a equipe presidencial para discutir o acidente e relatou os detalhes a Choi. Yoon expressou condol\u00eancias \u00e0s v\u00edtimas em uma postagem no Facebook.<\/p>\n<p>O acidente de Muan \u00e9 um dos desastres mais mortais da hist\u00f3ria da avia\u00e7\u00e3o da Coreia do Sul. A \u00faltima vez que a Coreia do Sul sofreu um desastre a\u00e9reo em grande escala foi em 1997, quando um avi\u00e3o da companhia a\u00e9rea coreana caiu em Guam, matando 228 pessoas a bordo. Em 2013, um avi\u00e3o da Asiana Airlines fez um pouso for\u00e7ado em S\u00e3o Francisco, matando tr\u00eas pessoas e ferindo aproximadamente 200.<\/p>\n<p>O acidente de domingo tamb\u00e9m foi um dos piores acidentes de pouso desde julho de 2007, que matou todas as 187 pessoas a bordo e outras 12 no solo, quando um Airbus A320 escorregou de uma pista de pouso escorregadia em S\u00e3o Paulo e colidiu com um pr\u00e9dio pr\u00f3ximo, segundo dados. compilado pela Flight Safety Foundation, um grupo sem fins lucrativos que visa melhorar a seguran\u00e7a a\u00e9rea. Em 2010, 158 pessoas morreram quando um avi\u00e3o da Air India Express ultrapassou uma pista em Mangalore, na \u00cdndia, e caiu num desfiladeiro antes de explodir em chamas, de acordo com a funda\u00e7\u00e3o de seguran\u00e7a. Os l\u00edderes mundiais expressaram a sua solidariedade enquanto a Coreia do Sul lidava com a trag\u00e9dia.<\/p>\n<p>Durante a ora\u00e7\u00e3o do Angelus na Pra\u00e7a de S\u00e3o Pedro, em Roma, o Papa Francisco disse que se junta \u00e0 \u201cora\u00e7\u00e3o pelos sobreviventes e pelos mortos\u201d. O primeiro-ministro japon\u00eas, Shigeru Ishiba, disse estar \u201cprofundamente entristecido pela perda de muitas vidas preciosas\u201d numa mensagem divulgada pelo Minist\u00e9rio das Rela\u00e7\u00f5es Exteriores de T\u00f3quio. O presidente ucraniano, Volodymyr Zelenskyy, disse no X que \u201ccada vida perdida \u00e9 uma trag\u00e9dia incomensur\u00e1vel\u201d e que estende as suas \u201csinceras condol\u00eancias\u201d em nome do povo ucraniano e de si mesmo.<\/p>\n<p><em>Os jornalistas da Associated Press Bobby Caina Calvan em Nova Iorque, Chalida Ekvitthayavechnukul e Jintamas Saksornchai em Banguecoque, Mari Yamaguchi em T\u00f3quio e Giada Zampano em Roma contribu\u00edram para este relat\u00f3rio.<\/em><\/p>\n<\/p><\/div>\n<p><script>\n\t\tvar consent=\"grant\";\n\t\t\/* The above code is parsing the JSON data from the local storage and storing it in a variable. *\/\n\t\t\t\t\tconst onetrustStorageConsent = JSON.parse(localStorage.getItem( 'consent_one_trust_bdc' ) );\n\t\t\tif ( ( onetrustStorageConsent !== null ) ) {\n\t\t\t\t\/* Checking to see if the user has consented to the use of cookies.\n\t\t\t\t* If they have not, it is deleting the cookie.\n\t\t\t\t* This will comment for now, until further notice.\n\t\t\t\t*\/\n\t\t\t\t\/\/if ( onetrustStorageConsent.C0002 === false ) {\n\t\t\t\t\/\/\tdocument.cookie=\"_fbp=;expires=Thu, 01 Jan 2010 00:00:00 UTC; path=\/; domain=.boston.com\";\n\t\t\t\t\/\/}\n\t\t\t\t\/* Checking if the user has given consent for the cookie C0002.\n\t\t\t\t* If the user has given consent, the variable consent will be set to 'grant'.\n\t\t\t\t* If the user has not given consent,the variable consent will be set to 'revoke'.\n\t\t\t\t* Documentation https:\/\/developers.facebook.com\/docs\/meta-pixel\/implementation\/gdpr\n\t\t\t\t*\/\n\t\t\t\tif ( onetrustStorageConsent.C0002 !== true ) {\n\t\t\t\t\tconsent=\"revoke\";\n\t\t\t\t}\n\t\t\t}\n\t\t\t\t!function(f,b,e,v,n,t,s)\n\t\t{if(f.fbq)return;n=f.fbq=function(){n.callMethod?\n\t\tn.callMethod.apply(n,arguments):n.queue.push(arguments)};\n\t\tif(!f._fbq)f._fbq=n;n.push=n;n.loaded=!0;n.version='2.0';\n\t\tn.queue=[];t=b.createElement(e);t.async=!0;\n\t\tt.src=v;s=b.getElementsByTagName(e)[0];\n\t\ts.parentNode.insertBefore(t,s)}(window, document,'script',\n\t\t'https:\/\/connect.facebook.net\/en_US\/fbevents.js');\n\t\tfbq('consent', consent);\n\t\tfbq('init', '989222871864976');\n\t\tfbq('track', 'PageView');\n\t<\/script><script type=\"module\">\n\t\tvar consent=\"grant\";\n\t\t\/* The above code is parsing the JSON data from the local storage and storing it in a variable. *\/\n\t\t\tconst onetrustStorageConsent = JSON.parse(localStorage.getItem( 'consent_one_trust_bdc' ) );\n\t\t\t\/* Checking to see if the user has consented to the use of cookies.\n\t\t\t* If they have not, it is deleting the cookie.\n\t\t\t* This will comment for now, until further notice.\n\t\t\t*\/\n\t\t\t\/\/if ( onetrustStorageConsent.C0002 === false ) {\n\t\t\t\/\/\tdocument.cookie=\"_fbp=;expires=Thu, 01 Jan 2010 00:00:00 UTC; path=\/; domain=.boston.com\";\n\t\t\t\/\/}\n\t\t\t\/* Checking if the user has given consent for the cookie C0002.\n\t\t\t* If the user has given consent, the variable consent will be set to 'grant'.\n\t\t\t* If the user has not given consent,the variable consent will be set to 'revoke'.\n\t\t\t* Documentation https:\/\/developers.facebook.com\/docs\/meta-pixel\/implementation\/gdpr\n\t\t\t*\/\n\t\t\tif ( ( onetrustStorageConsent !== null ) && (onetrustStorageConsent.C0002 !== true ) ) {\n\t\t\t\tconsent=\"revoke\";\n\t\t\t}\n\t\t\t\t!function(f,b,e,v,n,t,s){if(f.fbq)return;n=f.fbq=function()\n\t\t{n.callMethod? n.callMethod.apply(n,arguments):n.queue.push(arguments)}\n\t\t;if(!f._fbq)f._fbq=n;\n\t\tn.push=n;n.loaded=!0;n.version='2.0';n.queue=[];t=b.createElement(e);t.async=!0;\n\t\tt.src=v;s=b.getElementsByTagName(e)[0];s.parentNode.insertBefore(t,s)}(window,\n\t\tdocument,'script','https:\/\/connect.facebook.net\/en_US\/fbevents.js');\n\t\tfbq('consent', consent);\n\t\tfbq('init', '813236348753005');\n\t\tfbq('track', \"PageView\");\n\t<\/script><br \/>\n<br \/><br \/>\n<br \/><a href=\"https:\/\/www.boston.com\/news\/world-news\/2024\/12\/29\/a-plane-crashes-and-bursts-into-flames-while-landing-in-south-korea-killing-179\/\">Source link <\/a><\/p>","protected":false},"excerpt":{"rendered":"<p>Not\u00edcias do mundo Um total de 179 pessoas \u2013 85 mulheres, 84 homens e 10 outras pessoas cujos sexos n\u00e3o foram imediatamente identific\u00e1veis \u200b\u200b\u2013 morreram no inc\u00eandio. Bombeiros e membros&hellip;<\/p>","protected":false},"author":1,"featured_media":84370,"comment_status":"closed","ping_status":"open","sticky":false,"template":"","format":"standard","meta":{"content-type":"","footnotes":""},"categories":[1],"tags":[],"class_list":["post-84369","post","type-post","status-publish","format-standard","has-post-thumbnail","hentry","category-uncategorized"],"_links":{"self":[{"href":"https:\/\/tvbrazilusa.com\/pt\/wp-json\/wp\/v2\/posts\/84369","targetHints":{"allow":["GET"]}}],"collection":[{"href":"https:\/\/tvbrazilusa.com\/pt\/wp-json\/wp\/v2\/posts"}],"about":[{"href":"https:\/\/tvbrazilusa.com\/pt\/wp-json\/wp\/v2\/types\/post"}],"author":[{"embeddable":true,"href":"https:\/\/tvbrazilusa.com\/pt\/wp-json\/wp\/v2\/users\/1"}],"replies":[{"embeddable":true,"href":"https:\/\/tvbrazilusa.com\/pt\/wp-json\/wp\/v2\/comments?post=84369"}],"version-history":[{"count":1,"href":"https:\/\/tvbrazilusa.com\/pt\/wp-json\/wp\/v2\/posts\/84369\/revisions"}],"predecessor-version":[{"id":84371,"href":"https:\/\/tvbrazilusa.com\/pt\/wp-json\/wp\/v2\/posts\/84369\/revisions\/84371"}],"wp:featuredmedia":[{"embeddable":true,"href":"https:\/\/tvbrazilusa.com\/pt\/wp-json\/wp\/v2\/media\/84370"}],"wp:attachment":[{"href":"https:\/\/tvbrazilusa.com\/pt\/wp-json\/wp\/v2\/media?parent=84369"}],"wp:term":[{"taxonomy":"category","embeddable":true,"href":"https:\/\/tvbrazilusa.com\/pt\/wp-json\/wp\/v2\/categories?post=84369"},{"taxonomy":"post_tag","embeddable":true,"href":"https:\/\/tvbrazilusa.com\/pt\/wp-json\/wp\/v2\/tags?post=84369"}],"curies":[{"name":"wp","href":"https:\/\/api.w.org\/{rel}","templated":true}]}}