{"id":84372,"date":"2024-12-29T15:05:06","date_gmt":"2024-12-29T15:05:06","guid":{"rendered":"https:\/\/tvbrazilusa.com\/2024\/12\/29\/ex-ministro-silvio-almeida-investigado-pela-pf-por-assedio-sexual-cogita-deixar-o-brasil\/"},"modified":"2024-12-29T15:05:08","modified_gmt":"2024-12-29T15:05:08","slug":"ex-ministro-silvio-almeida-investigado-pela-pf-por-assedio-sexual-cogita-deixar-o-brasil","status":"publish","type":"post","link":"https:\/\/tvbrazilusa.com\/pt\/2024\/12\/29\/ex-ministro-silvio-almeida-investigado-pela-pf-por-assedio-sexual-cogita-deixar-o-brasil\/","title":{"rendered":"Ex-ministro Silvio Almeida, investigado pela PF por ass\u00e9dio sexual, cogita deixar o Brasil"},"content":{"rendered":"<p> <script async src=\"https:\/\/pagead2.googlesyndication.com\/pagead\/js\/adsbygoogle.js?client=ca-pub-8864793242727901\"\r\n     crossorigin=\"anonymous\"><\/script><br \/>\n<\/p>\n<div id=\"taboola-read-more\" style=\"display:block; width:100%\">\n<p>Desde que foi demitido do Minist\u00e9rio dos Direitos Humanos ap\u00f3s acusa\u00e7\u00f5es de ass\u00e9dio sexual, o ex-ministro Silvio Almeida considera a possibilidade de deixar o Brasil em 2025 para trabalhar no exterior.\n<\/p>\n<p>De acordo com o colunista Igor Gadelha, do Metr\u00f3poles, o ex-ministo de Lula recebeu convite para dar aulas em universidades fora do Brasil, mas ainda n\u00e3o teria se decidido.<\/p>\n<p>Silvio Almeida j\u00e1 atuou como professor visitante na Universidade de Columbia e pesquisador na Universidade Duke, nos Estados Unidos.\n<\/p>\n<p>Em setembro, o ministro Andr\u00e9 Mendon\u00e7a, do Supremo Tribunal Federal (STF), determinou a instaura\u00e7\u00e3o de um inqu\u00e9rito pela Pol\u00edcia Federal (PF) para que sejam apuradas as acusa\u00e7\u00f5es de ass\u00e9dio sexual e moral contra Silvio. A decis\u00e3o faz com que o caso tramite no pr\u00f3prio STF.\n<\/p>\n<p>Para deliberar sobre a abertura do inqu\u00e9rito, Mendon\u00e7a analisou um pedido da PF, que abriu uma apura\u00e7\u00e3o preliminar e ouviu o depoimento de uma das supostas v\u00edtimas de Almeida. Com isso, a corpora\u00e7\u00e3o entendeu que havia elementos para abrir o inqu\u00e9rito e solicitou da Suprema Corte a avalia\u00e7\u00e3o se o caso ficaria no STF ou se deveria ir para a primeira inst\u00e2ncia.\n<\/p>\n<p>Fonte: Pleno.News              <\/p>\n<\/div>\n<p><br \/>\n<br \/><a href=\"https:\/\/diariodobrasilnoticias.com.br\/noticia\/ex-ministro-silvio-almeida-investigado-pela-pf-por-assedio-sexual-cogita-deixar-o-brasil-67714ceb50864\">Source link <\/a><\/p>","protected":false},"excerpt":{"rendered":"<p>Desde que foi demitido do Minist\u00e9rio dos Direitos Humanos ap\u00f3s acusa\u00e7\u00f5es de ass\u00e9dio sexual, o ex-ministro Silvio Almeida considera a possibilidade de deixar o Brasil em 2025 para trabalhar no&hellip;<\/p>","protected":false},"author":1,"featured_media":84373,"comment_status":"closed","ping_status":"open","sticky":false,"template":"","format":"standard","meta":{"content-type":"","footnotes":""},"categories":[16],"tags":[123,2448,5313,1267],"class_list":["post-84372","post","type-post","status-publish","format-standard","has-post-thumbnail","hentry","category-noticias","tag-brasil","tag-diario","tag-noticia","tag-noticias"],"_links":{"self":[{"href":"https:\/\/tvbrazilusa.com\/pt\/wp-json\/wp\/v2\/posts\/84372","targetHints":{"allow":["GET"]}}],"collection":[{"href":"https:\/\/tvbrazilusa.com\/pt\/wp-json\/wp\/v2\/posts"}],"about":[{"href":"https:\/\/tvbrazilusa.com\/pt\/wp-json\/wp\/v2\/types\/post"}],"author":[{"embeddable":true,"href":"https:\/\/tvbrazilusa.com\/pt\/wp-json\/wp\/v2\/users\/1"}],"replies":[{"embeddable":true,"href":"https:\/\/tvbrazilusa.com\/pt\/wp-json\/wp\/v2\/comments?post=84372"}],"version-history":[{"count":1,"href":"https:\/\/tvbrazilusa.com\/pt\/wp-json\/wp\/v2\/posts\/84372\/revisions"}],"predecessor-version":[{"id":84374,"href":"https:\/\/tvbrazilusa.com\/pt\/wp-json\/wp\/v2\/posts\/84372\/revisions\/84374"}],"wp:featuredmedia":[{"embeddable":true,"href":"https:\/\/tvbrazilusa.com\/pt\/wp-json\/wp\/v2\/media\/84373"}],"wp:attachment":[{"href":"https:\/\/tvbrazilusa.com\/pt\/wp-json\/wp\/v2\/media?parent=84372"}],"wp:term":[{"taxonomy":"category","embeddable":true,"href":"https:\/\/tvbrazilusa.com\/pt\/wp-json\/wp\/v2\/categories?post=84372"},{"taxonomy":"post_tag","embeddable":true,"href":"https:\/\/tvbrazilusa.com\/pt\/wp-json\/wp\/v2\/tags?post=84372"}],"curies":[{"name":"wp","href":"https:\/\/api.w.org\/{rel}","templated":true}]}}