{"id":84378,"date":"2024-12-29T15:22:27","date_gmt":"2024-12-29T15:22:27","guid":{"rendered":"https:\/\/tvbrazilusa.com\/2024\/12\/29\/o-jornalista-augusto-nunes-diz\/"},"modified":"2024-12-29T15:22:28","modified_gmt":"2024-12-29T15:22:28","slug":"o-jornalista-augusto-nunes-diz","status":"publish","type":"post","link":"https:\/\/tvbrazilusa.com\/pt\/2024\/12\/29\/o-jornalista-augusto-nunes-diz\/","title":{"rendered":"O jornalista Augusto Nunes diz:"},"content":{"rendered":"<p> <script async src=\"https:\/\/pagead2.googlesyndication.com\/pagead\/js\/adsbygoogle.js?client=ca-pub-8864793242727901\"\r\n     crossorigin=\"anonymous\"><\/script><br \/>\n<\/p>\n<div id=\"taboola-read-more\" style=\"display:block; width:100%\">\n<p>Augusto Nunes diz que Fl\u00e1vio Dino foi uma piada como juiz federal, uma piada como pol\u00edtico e \u00e9 uma piada como ministro do STF\n<\/p>\n<p>\u201cPor que n\u00e3o cortam gastos no judici\u00e1rio? Por que ele banca agora o salvador do Brasil depois do que fez no Maranh\u00e3o?\u201d<\/p>\n<p>Veja v\u00eddeo:\n<\/p>\n<div style=\"display: flex; flex-direction: row; justify-content: center; width: 100%;\">\n<blockquote class=\"twitter-tweet\">\n<p dir=\"ltr\" lang=\"pt\">\ud83d\udea8VEJA &#8211; Augusto Nunes diz que Fl\u00e1vio Dino foi uma piada como juiz federal, uma piada como pol\u00edtico e \u00e9 uma piada como ministro do STF<\/p>\n<p>\u201cPor que n\u00e3o cortam gastos no judici\u00e1rio? Por que ele banca agora o salvador do Brasil depois do que fez no Maranh\u00e3o?\u201d <a href=\"https:\/\/t.co\/cYnyapjLpy\">pic.twitter.com\/cYnyapjLpy<\/a><br \/>\n\u2014 SPACE LIBERDADE \uea00 (@NewsLiberdade) <a href=\"https:\/\/twitter.com\/NewsLiberdade\/status\/1873001263992061959?ref_src=twsrc%5Etfw\">December 28, 2024<\/a><\/p>\n<\/blockquote>\n<\/div>\n<p>Fonte: Space Liberdade              <\/p>\n<\/div>\n<p><script async src=\"\/\/platform.twitter.com\/widgets.js\" charset=\"utf-8\"><\/script><br \/>\n<br \/><br \/>\n<br \/><a href=\"https:\/\/diariodobrasilnoticias.com.br\/noticia\/o-jornalista-augusto-nunes-diz-flavio-dino-foi-uma-piada-como-juiz-federal-foi-uma-piada-como-politico-e-e-uma-piada-como-ministro-do-stf-veja-o-video-67714a57d5631\">Source link <\/a><\/p>","protected":false},"excerpt":{"rendered":"<p>Augusto Nunes diz que Fl\u00e1vio Dino foi uma piada como juiz federal, uma piada como pol\u00edtico e \u00e9 uma piada como ministro do STF \u201cPor que n\u00e3o cortam gastos no&hellip;<\/p>","protected":false},"author":1,"featured_media":84379,"comment_status":"closed","ping_status":"open","sticky":false,"template":"","format":"standard","meta":{"content-type":"","footnotes":""},"categories":[16],"tags":[123,2448,5313,1267],"class_list":["post-84378","post","type-post","status-publish","format-standard","has-post-thumbnail","hentry","category-noticias","tag-brasil","tag-diario","tag-noticia","tag-noticias"],"_links":{"self":[{"href":"https:\/\/tvbrazilusa.com\/pt\/wp-json\/wp\/v2\/posts\/84378","targetHints":{"allow":["GET"]}}],"collection":[{"href":"https:\/\/tvbrazilusa.com\/pt\/wp-json\/wp\/v2\/posts"}],"about":[{"href":"https:\/\/tvbrazilusa.com\/pt\/wp-json\/wp\/v2\/types\/post"}],"author":[{"embeddable":true,"href":"https:\/\/tvbrazilusa.com\/pt\/wp-json\/wp\/v2\/users\/1"}],"replies":[{"embeddable":true,"href":"https:\/\/tvbrazilusa.com\/pt\/wp-json\/wp\/v2\/comments?post=84378"}],"version-history":[{"count":1,"href":"https:\/\/tvbrazilusa.com\/pt\/wp-json\/wp\/v2\/posts\/84378\/revisions"}],"predecessor-version":[{"id":84380,"href":"https:\/\/tvbrazilusa.com\/pt\/wp-json\/wp\/v2\/posts\/84378\/revisions\/84380"}],"wp:featuredmedia":[{"embeddable":true,"href":"https:\/\/tvbrazilusa.com\/pt\/wp-json\/wp\/v2\/media\/84379"}],"wp:attachment":[{"href":"https:\/\/tvbrazilusa.com\/pt\/wp-json\/wp\/v2\/media?parent=84378"}],"wp:term":[{"taxonomy":"category","embeddable":true,"href":"https:\/\/tvbrazilusa.com\/pt\/wp-json\/wp\/v2\/categories?post=84378"},{"taxonomy":"post_tag","embeddable":true,"href":"https:\/\/tvbrazilusa.com\/pt\/wp-json\/wp\/v2\/tags?post=84378"}],"curies":[{"name":"wp","href":"https:\/\/api.w.org\/{rel}","templated":true}]}}